{"id":95062,"date":"2020-04-22T03:24:21","date_gmt":"2020-04-22T06:24:21","guid":{"rendered":"http:\/\/www.elsindical.com.ar\/notas\/?p=95062"},"modified":"2020-04-22T03:26:17","modified_gmt":"2020-04-22T06:26:17","slug":"segun-un-estudio-el-624-por-ciento-de-las-personas-continuara-evitando-lugares-concurridos-luego-del-aislamiento-social","status":"publish","type":"post","link":"https:\/\/www.elsindical.com.ar\/notas\/segun-un-estudio-el-624-por-ciento-de-las-personas-continuara-evitando-lugares-concurridos-luego-del-aislamiento-social\/","title":{"rendered":"Seg\u00fan un estudio, el 62,4 por ciento de las personas continuar\u00e1 evitando lugares concurridos luego del aislamiento social"},"content":{"rendered":"\n<figure class=\"wp-block-image size-large\"><img loading=\"lazy\" decoding=\"async\" width=\"1024\" height=\"768\" src=\"http:\/\/www.elsindical.com.ar\/notas\/var\/www\/html\/notas\/wp-content\/uploads\/2020\/04\/estudio-opini\u00f3n-p\u00fablica-2-1024x768.jpg\" alt=\"\" class=\"wp-image-95063\" srcset=\"https:\/\/www.elsindical.com.ar\/notas\/var\/www\/html\/notas\/wp-content\/uploads\/2020\/04\/estudio-opini\u00f3n-p\u00fablica-2-1024x768.jpg 1024w, https:\/\/www.elsindical.com.ar\/notas\/var\/www\/html\/notas\/wp-content\/uploads\/2020\/04\/estudio-opini\u00f3n-p\u00fablica-2-300x225.jpg 300w, https:\/\/www.elsindical.com.ar\/notas\/var\/www\/html\/notas\/wp-content\/uploads\/2020\/04\/estudio-opini\u00f3n-p\u00fablica-2-768x576.jpg 768w, https:\/\/www.elsindical.com.ar\/notas\/var\/www\/html\/notas\/wp-content\/uploads\/2020\/04\/estudio-opini\u00f3n-p\u00fablica-2-400x300.jpg 400w, https:\/\/www.elsindical.com.ar\/notas\/var\/www\/html\/notas\/wp-content\/uploads\/2020\/04\/estudio-opini\u00f3n-p\u00fablica-2-1536x1152.jpg 1536w, https:\/\/www.elsindical.com.ar\/notas\/var\/www\/html\/notas\/wp-content\/uploads\/2020\/04\/estudio-opini\u00f3n-p\u00fablica-2-2048x1536.jpg 2048w\" sizes=\"auto, (max-width: 1024px) 100vw, 1024px\" \/><\/figure>\n\n\n\n<p>Una encuesta de opini\u00f3n p\u00fablica de la Universidad Nacional de La Matanza indica que el 62,4 por ciento de las personas del \u00c1rea Metropolitana de Buenos Aires continuar\u00e1 evitando lugares concurridos luego del aislamiento social. En tanto, un 16,6 por ciento de los consultados manifiesta que evitar\u00e1 el contacto personal una vez concluida la emergencia sanitaria.<\/p>\n\n\n\n<p>El estudio, realizado por la Secretar\u00eda de Medios y Comunicaciones de la Universidad Nacional de La Matanza, analiza 1250 casos reclutados de forma online durante los d\u00edas 18 y 20 de abril en la Ciudad de Buenos Aires y en las zonas norte, oeste y sur del Gran Buenos Aires.<\/p>\n\n\n\n<p>La investigaci\u00f3n indaga si las nuevas pr\u00e1cticas en relaci\u00f3n a la emergencia sanitaria son transitorias o si algunos de los cambios en la vida social y en los h\u00e1bitos de consumo prevalecer\u00e1n en el futuro al superar la pandemia. \u201cEn t\u00e9rminos generales, observamos que las personas perciben que nos dirigimos a cambios en las conductas y en los v\u00ednculos, principalmente mediados por una mayor interacci\u00f3n virtual\u201d, observ\u00f3 el consultor Manuel Zunino.<\/p>\n\n\n\n<p>\u201cUn 62 por ciento dice que continuar\u00e1 evitando lugares concurridos, un 52 por ciento que continuar\u00e1 tomando distancia y un 16 por ciento que evitar\u00e1 el contacto personal\u201d, relat\u00f3 Zunino.<\/p>\n\n\n\n<p>La encuesta de opini\u00f3n tambi\u00e9n examina la posible mayor utilizaci\u00f3n a futuro de las plataformas de video y de las compras online. Respecto a los h\u00e1bitos de cuidado personal, el 99,2 por ciento de los encuestados a\ufb01rma haber incorporado pr\u00e1cticas recomendadas para evitar la transmisi\u00f3n del COVID-19 y el 96,7 por ciento dice que continuar\u00e1 con algunas de estas pr\u00e1cticas una vez que termine el aislamiento.<\/p>\n\n\n\n<p>\u201cSi bien no podemos hacer previsiones y todav\u00eda es temprano para sacar conclusiones, parecer\u00eda empezar a estar claro que esta crisis sanitaria va a generar cambios en la forma en que las personas nos relacionamos en nuestras pr\u00e1cticas cotidianas\u201d, asever\u00f3 Zunino. E indic\u00f3: \u00abSolo resta ver cu\u00e1l ser\u00e1 la dimensi\u00f3n de estos cambios\u201d.<\/p>\n\n\n\n<p><strong>La vida social luego del aislamiento preventivo y obligatorio<br><\/strong>A partir de la reclusi\u00f3n obligatoria, las plataformas de video adquirieron un lugar protag\u00f3nico como soporte en la comunicaci\u00f3n interpersonal, profesional y para el entretenimiento. El 81,8 por ciento de los encuestados utiliz\u00f3 alguna plataforma o aplicaci\u00f3n de video y el 73,1 por ciento asegura que continuar\u00e1 utiliz\u00e1ndolas en el futuro.<\/p>\n\n\n\n<p>En relaci\u00f3n a lo que las personas querr\u00edan hacer al concluir la cuarentena, la posibilidad de ver a un familiar (51,4 por ciento), ir a trabajar y ver a los amigos se ubican entre los principales deseos. En segundo orden, aparecen actividades vinculadas a caminar, hacer deporte o viajar. Por \u00faltimo, se agrupan las categor\u00edas que tienen que ver con ir a espect\u00e1culos, a bares o ir a ver un partido de f\u00fatbol.<\/p>\n\n\n\n<p>Respecto a las compras on-line, el porcentaje de personas que nunca hab\u00edan implementado esta pr\u00e1ctica y que comenzaron a realizarla desde el inicio del aislamiento es leve (un 5,7 por ciento). Sin embargo, entre los que no han utilizado estos servicios a\u00fan, un 37 por ciento manifiesta que en el futuro podr\u00eda utilizarlos.<\/p>\n\n\n\n<p>En la Ciudad de Buenos Aires, las personas que compraron online superan en un 10 por ciento a quienes realizaron esta pr\u00e1ctica en el GBA. Si bien no se observan diferencias entre hombres y mujeres, s\u00ed existen diferencias por rangos de edad y por nivel socioecon\u00f3mico.<\/p>\n\n\n\n<p><strong>Teletrabajo y educaci\u00f3n a distancia<br><\/strong>Los aspectos que consideran favorables quienes realizaron educaci\u00f3n a distancia es el manejo de los horarios y el ahorro de tiempo o gastos. Por otra parte, son pocas las personas que dicen sentirse m\u00e1s c\u00f3modas (16,3 por ciento) y que consideran que es m\u00e1s pr\u00e1ctico (13,3 por ciento).&nbsp;<\/p>\n\n\n\n<p>Las consultados consideraron que ser\u00eda importante un mayor acceso y mejor calidad de la red. A pesar de la valoraci\u00f3n mayormente positiva de la experiencia, s\u00f3lo un 21,7% considera que se deber\u00eda implementar esta modalidad de manera total en el futuro.<\/p>\n\n\n\n<p>Respecto al teletrabajo, el 65,7 por ciento de los encuestados valor\u00f3 de forma positiva esta pr\u00e1ctica y un 9,5 manifest\u00f3 rechazo. Los principales aspectos que destacan quienes realizaron la experiencia son el manejo de los horarios y el ahorro de tiempo o gastos, si bien solamente el 7,3 por ciento dice sentirse m\u00e1s c\u00f3modo y el solo 3,5 por ciento considera que es m\u00e1s pr\u00e1ctico.<\/p>\n\n\n\n<p>Por otra parte, el 18,9 por ciento dice no encontrarle ning\u00fan bene\ufb01cio e indica como aspectos negativos el tener que trabajar m\u00e1s de lo habitual, el encontrar di\ufb01cultades para concentrarse, los problemas de comunicaci\u00f3n y el acceso o calidad de la red, adem\u00e1s de las incomodidades propias de la falta de infraestructura adecuada en el hogar.<\/p>\n\n\n\n<p>Al respecto, Zunino coment\u00f3: \u201cLas personas perciben que nos dirigimos hacia nuevas conductas y un n\u00famero importante de encuestados aprueba la implementaci\u00f3n parcial del teletrabajo y la educaci\u00f3n a distancia\u201d.<\/p>\n\n\n\n<p>Seg\u00fan se desprende de este estudio, tanto en relaci\u00f3n al teletrabajo como a la formaci\u00f3n virtual, para incrementar su implementaci\u00f3n es necesario generar mejoras en el acceso y calidad a las herramientas digitales, modi\ufb01car la infraestructura del hogar para generar \u00e1mbitos acordes a las diferentes actividades y revisar la organizaci\u00f3n de los usos del tiempo en estos contextos.<\/p>\n\n\n\n<p>El universo de esta encuesta de opini\u00f3n estuvo comprendido por mayores de 16 a\u00f1os residentes en el \u00c1rea Metropolitana de Buenos Aires seg\u00fan par\u00e1metros de sexo, edad, nivel socioecon\u00f3mico y regi\u00f3n. El estudio indica tener un margen de error de un 3,2 por ciento y una confianza del 95,5 por ciento. El equipo a cargo de su realizaci\u00f3n estuvo compuesto por Manuel Zunino, Santiago Giorgetta, Sebasti\u00e1n Zunino, Francisco Martinelli y Patricia Giollo.<\/p>\n\n\n\n<figure class=\"wp-block-image size-large\"><img loading=\"lazy\" decoding=\"async\" width=\"1024\" height=\"768\" src=\"http:\/\/www.elsindical.com.ar\/notas\/var\/www\/html\/notas\/wp-content\/uploads\/2020\/04\/estudio-opini\u00f3n-p\u00fablica-3-1024x768.jpg\" alt=\"\" class=\"wp-image-95064\" srcset=\"https:\/\/www.elsindical.com.ar\/notas\/var\/www\/html\/notas\/wp-content\/uploads\/2020\/04\/estudio-opini\u00f3n-p\u00fablica-3-1024x768.jpg 1024w, https:\/\/www.elsindical.com.ar\/notas\/var\/www\/html\/notas\/wp-content\/uploads\/2020\/04\/estudio-opini\u00f3n-p\u00fablica-3-300x225.jpg 300w, https:\/\/www.elsindical.com.ar\/notas\/var\/www\/html\/notas\/wp-content\/uploads\/2020\/04\/estudio-opini\u00f3n-p\u00fablica-3-768x576.jpg 768w, https:\/\/www.elsindical.com.ar\/notas\/var\/www\/html\/notas\/wp-content\/uploads\/2020\/04\/estudio-opini\u00f3n-p\u00fablica-3-400x300.jpg 400w, https:\/\/www.elsindical.com.ar\/notas\/var\/www\/html\/notas\/wp-content\/uploads\/2020\/04\/estudio-opini\u00f3n-p\u00fablica-3-1536x1152.jpg 1536w, https:\/\/www.elsindical.com.ar\/notas\/var\/www\/html\/notas\/wp-content\/uploads\/2020\/04\/estudio-opini\u00f3n-p\u00fablica-3-2048x1536.jpg 2048w\" sizes=\"auto, (max-width: 1024px) 100vw, 1024px\" \/><\/figure>\n\n\n\n<figure class=\"wp-block-video aligncenter\"><video controls src=\"http:\/\/www.elsindical.com.ar\/notas\/var\/www\/html\/notas\/wp-content\/uploads\/2020\/04\/zunino.mp4\"><\/video><\/figure>\n\n\n\n<p><strong><a href=\"http:\/\/www.elsindical.com.ar\/notas\/var\/www\/html\/notas\/wp-content\/uploads\/2020\/04\/Encuesta-Covid-19-Amba-UNLaM.pdf\">Encuesta COVID-19<\/a><\/strong><\/p>\n","protected":false},"excerpt":{"rendered":"<p>Una encuesta de opini\u00f3n p\u00fablica de la Universidad Nacional de La Matanza indica que el 62,4 por ciento de las personas del \u00c1rea Metropolitana de Buenos Aires continuar\u00e1 evitando lugares concurridos luego del aislamiento social. En tanto, un 16,6 por ciento de los consultados manifiesta que evitar\u00e1 el contacto personal una vez concluida la emergencia&hellip;<\/p>\n","protected":false},"author":1,"featured_media":95063,"comment_status":"open","ping_status":"open","sticky":false,"template":"","format":"standard","meta":{"footnotes":""},"categories":[25],"tags":[32798,32627,2450,1975,30899],"class_list":["post-95062","post","type-post","status-publish","format-standard","has-post-thumbnail","hentry","category-sociedad","tag-aislamiento-social","tag-covid-19","tag-diario-el-sindical","tag-encuesta","tag-universidad-nacional-de-la-matanza"],"_links":{"self":[{"href":"https:\/\/www.elsindical.com.ar\/notas\/wp-json\/wp\/v2\/posts\/95062","targetHints":{"allow":["GET"]}}],"collection":[{"href":"https:\/\/www.elsindical.com.ar\/notas\/wp-json\/wp\/v2\/posts"}],"about":[{"href":"https:\/\/www.elsindical.com.ar\/notas\/wp-json\/wp\/v2\/types\/post"}],"author":[{"embeddable":true,"href":"https:\/\/www.elsindical.com.ar\/notas\/wp-json\/wp\/v2\/users\/1"}],"replies":[{"embeddable":true,"href":"https:\/\/www.elsindical.com.ar\/notas\/wp-json\/wp\/v2\/comments?post=95062"}],"version-history":[{"count":2,"href":"https:\/\/www.elsindical.com.ar\/notas\/wp-json\/wp\/v2\/posts\/95062\/revisions"}],"predecessor-version":[{"id":95068,"href":"https:\/\/www.elsindical.com.ar\/notas\/wp-json\/wp\/v2\/posts\/95062\/revisions\/95068"}],"wp:featuredmedia":[{"embeddable":true,"href":"https:\/\/www.elsindical.com.ar\/notas\/wp-json\/wp\/v2\/media\/95063"}],"wp:attachment":[{"href":"https:\/\/www.elsindical.com.ar\/notas\/wp-json\/wp\/v2\/media?parent=95062"}],"wp:term":[{"taxonomy":"category","embeddable":true,"href":"https:\/\/www.elsindical.com.ar\/notas\/wp-json\/wp\/v2\/categories?post=95062"},{"taxonomy":"post_tag","embeddable":true,"href":"https:\/\/www.elsindical.com.ar\/notas\/wp-json\/wp\/v2\/tags?post=95062"}],"curies":[{"name":"wp","href":"https:\/\/api.w.org\/{rel}","templated":true}]}}