{"id":9502,"date":"2010-09-14T13:39:58","date_gmt":"2010-09-14T16:39:58","guid":{"rendered":"http:\/\/www.elsindical.com.ar\/notas\/?p=9502"},"modified":"2010-09-14T13:39:58","modified_gmt":"2010-09-14T16:39:58","slug":"espanadetienen-a-2-sicarios-relacionados-con-200-asesinatos-en-colombia","status":"publish","type":"post","link":"https:\/\/www.elsindical.com.ar\/notas\/espanadetienen-a-2-sicarios-relacionados-con-200-asesinatos-en-colombia\/","title":{"rendered":"Espa\u00f1a:Detienen a 2 sicarios relacionados con 200 asesinatos en Colombia"},"content":{"rendered":"<p style=\"text-align: justify;\"><em><a href=\"http:\/\/www.elsindical.com.ar\/notas\/var\/www\/html\/notas\/wp-content\/uploads\/2010\/09\/Ronco-y-Pollo-sicarios.jpg\"><img loading=\"lazy\" decoding=\"async\" class=\"alignleft size-medium wp-image-9503\" title=\"Ronco-y-Pollo-sicarios\" src=\"http:\/\/www.elsindical.com.ar\/notas\/var\/www\/html\/notas\/wp-content\/uploads\/2010\/09\/Ronco-y-Pollo-sicarios-300x179.jpg\" alt=\"\" width=\"300\" height=\"179\" srcset=\"https:\/\/www.elsindical.com.ar\/notas\/var\/www\/html\/notas\/wp-content\/uploads\/2010\/09\/Ronco-y-Pollo-sicarios-300x179.jpg 300w, https:\/\/www.elsindical.com.ar\/notas\/var\/www\/html\/notas\/wp-content\/uploads\/2010\/09\/Ronco-y-Pollo-sicarios.jpg 325w\" sizes=\"auto, (max-width: 300px) 100vw, 300px\" \/><\/a>Tanto por su historial como por la variedad de sus actividades criminales, los arrestados, apodados Ronco y Pollo, son los ciudadanos colombianos m\u00e1s peligrosos capturados hasta la fecha en este pa\u00eds ib\u00e9rico, precis\u00f3 la cartera en cuesti\u00f3n.<\/em><\/p>\n<p style=\"text-align: justify;\">Alberto Gonz\u00e1lez Sep\u00falveda (Ronco), de 44 a\u00f1os, y Henry Norberto Vald\u00e9s (Pollo), de 36, est\u00e1n relacionados con los c\u00e1rteles del Norte del Valle y de Envigado.<\/p>\n<p>De acuerdo con el reporte, se asentaron en Espa\u00f1a con el objetivo de continuar con su actividad, para lo cual establecieron \u00aboficinas de cobros\u00bb a sueldo de c\u00e1rteles de la droga.<\/p>\n<p>Tras su detenci\u00f3n quedaron a disposici\u00f3n de la Audiencia Nacional para su extradici\u00f3n por los delitos de homicidio agravado, tenencia il\u00edcita de armas, torturas, tr\u00e1fico de estupefacientes y secuestro, agreg\u00f3 la nota oficial.<\/p>\n<p>La colaboraci\u00f3n entre la polic\u00eda colombiana y los agentes europeos result\u00f3 clave en la captura de los dos sicarios, subray\u00f3 el diario El Pa\u00eds.<\/p>\n<p>A ra\u00edz de la desmovilizaci\u00f3n de los paramilitares de Autodefensas Unidas de Colombia, varios de sus integrantes huyeron de la justicia para asentarse en territorio europeo, con la intenci\u00f3n de establecer sus oficinas de cobros, record\u00f3 el cotidiano.<\/p>\n<p>Act\u00faan vinculados a los c\u00e1rteles de la droga de la naci\u00f3n suramericana y asesinan selectivamente, extorsionan y secuestran.<\/p>\n","protected":false},"excerpt":{"rendered":"<p>Tanto por su historial como por la variedad de sus actividades criminales, los arrestados, apodados Ronco y Pollo, son los ciudadanos colombianos m\u00e1s peligrosos capturados hasta la fecha en este pa\u00eds ib\u00e9rico, precis\u00f3 la cartera en cuesti\u00f3n. Alberto Gonz\u00e1lez Sep\u00falveda (Ronco), de 44 a\u00f1os, y Henry Norberto Vald\u00e9s (Pollo), de 36, est\u00e1n relacionados con los&hellip;<\/p>\n","protected":false},"author":1,"featured_media":0,"comment_status":"open","ping_status":"open","sticky":false,"template":"","format":"standard","meta":{"footnotes":""},"categories":[18],"tags":[2742,742,267,4624,4623,4622],"class_list":["post-9502","post","type-post","status-publish","format-standard","hentry","category-internacionales","tag-colombia","tag-detenidos","tag-espana","tag-pollo","tag-ronco","tag-sicarios"],"_links":{"self":[{"href":"https:\/\/www.elsindical.com.ar\/notas\/wp-json\/wp\/v2\/posts\/9502","targetHints":{"allow":["GET"]}}],"collection":[{"href":"https:\/\/www.elsindical.com.ar\/notas\/wp-json\/wp\/v2\/posts"}],"about":[{"href":"https:\/\/www.elsindical.com.ar\/notas\/wp-json\/wp\/v2\/types\/post"}],"author":[{"embeddable":true,"href":"https:\/\/www.elsindical.com.ar\/notas\/wp-json\/wp\/v2\/users\/1"}],"replies":[{"embeddable":true,"href":"https:\/\/www.elsindical.com.ar\/notas\/wp-json\/wp\/v2\/comments?post=9502"}],"version-history":[{"count":1,"href":"https:\/\/www.elsindical.com.ar\/notas\/wp-json\/wp\/v2\/posts\/9502\/revisions"}],"predecessor-version":[{"id":9504,"href":"https:\/\/www.elsindical.com.ar\/notas\/wp-json\/wp\/v2\/posts\/9502\/revisions\/9504"}],"wp:attachment":[{"href":"https:\/\/www.elsindical.com.ar\/notas\/wp-json\/wp\/v2\/media?parent=9502"}],"wp:term":[{"taxonomy":"category","embeddable":true,"href":"https:\/\/www.elsindical.com.ar\/notas\/wp-json\/wp\/v2\/categories?post=9502"},{"taxonomy":"post_tag","embeddable":true,"href":"https:\/\/www.elsindical.com.ar\/notas\/wp-json\/wp\/v2\/tags?post=9502"}],"curies":[{"name":"wp","href":"https:\/\/api.w.org\/{rel}","templated":true}]}}