{"id":94959,"date":"2020-04-17T09:44:41","date_gmt":"2020-04-17T12:44:41","guid":{"rendered":"http:\/\/www.elsindical.com.ar\/notas\/?p=94959"},"modified":"2020-04-17T09:49:01","modified_gmt":"2020-04-17T12:49:01","slug":"mar-del-plata-pasajeros-de-un-colectivo-vieron-un-robo-corrieron-a-los-ladrones-y-los-detuvieron","status":"publish","type":"post","link":"https:\/\/www.elsindical.com.ar\/notas\/mar-del-plata-pasajeros-de-un-colectivo-vieron-un-robo-corrieron-a-los-ladrones-y-los-detuvieron\/","title":{"rendered":"Mar del Plata: pasajeros de un colectivo vieron un robo, corrieron a los ladrones y los detuvieron"},"content":{"rendered":"\n<figure class=\"wp-block-image size-large is-resized\"><img loading=\"lazy\" decoding=\"async\" src=\"http:\/\/www.elsindical.com.ar\/notas\/var\/www\/html\/notas\/wp-content\/uploads\/2020\/04\/detenido-por-ciudadanos-1024x753.jpg\" alt=\"\" class=\"wp-image-94960\" width=\"588\" height=\"432\" srcset=\"https:\/\/www.elsindical.com.ar\/notas\/var\/www\/html\/notas\/wp-content\/uploads\/2020\/04\/detenido-por-ciudadanos-1024x753.jpg 1024w, https:\/\/www.elsindical.com.ar\/notas\/var\/www\/html\/notas\/wp-content\/uploads\/2020\/04\/detenido-por-ciudadanos-300x221.jpg 300w, https:\/\/www.elsindical.com.ar\/notas\/var\/www\/html\/notas\/wp-content\/uploads\/2020\/04\/detenido-por-ciudadanos-768x565.jpg 768w, https:\/\/www.elsindical.com.ar\/notas\/var\/www\/html\/notas\/wp-content\/uploads\/2020\/04\/detenido-por-ciudadanos-408x300.jpg 408w, https:\/\/www.elsindical.com.ar\/notas\/var\/www\/html\/notas\/wp-content\/uploads\/2020\/04\/detenido-por-ciudadanos.jpg 1162w\" sizes=\"auto, (max-width: 588px) 100vw, 588px\" \/><\/figure>\n\n\n\n<p>El solidario accionar de los pasajeros de un colectivo permiti\u00f3 detener a un ladr\u00f3n que acababa de robar a una mujer. Sucedi\u00f3 en Sarmiento y Alberti.<\/p>\n\n\n\n<p>Los pasajeros de un colectivo que circulaba frente al Paseo Aldrey observaron c\u00f3mo un ladr\u00f3n arrebataba las pertenencias a una mujer y decidieron bajar, perseguirlo y detenerlo.<\/p>\n\n\n\n<p>El episodio qued\u00f3 registrado por las c\u00e1maras de seguridad del COM (Centro de Operaciones y Monitoreo Municipal) y sucedi\u00f3 durante la madrugada en la esquina de Alberti y Sarmiento. Las im\u00e1genes muestran a dos mujeres con bolsas y carteras que llegan hasta la parada de colectivos, y segundos despu\u00e9s a un joven -al que acompa\u00f1a una chica.<\/p>\n\n\n\n<p>Entonces el ladr\u00f3n se abalanza sobre una de las mujeres y tras un forcejeo le roba aquello que cargaba. La secuencia fue observada por los pasajeros de un colectivo que descendieron sin dudarlo. Luego de una breve persecuci\u00f3n el ladr\u00f3n fue detenido.<\/p>\n\n\n\n<p>Al mismo tiempo otros pasajeros dieron aviso a la Polic\u00eda Federal, con sede a menos de 100 metros del lugar, y poco despu\u00e9s el delincuente fue detenido.<\/p>\n\n\n\n<iframe loading=\"lazy\" width=\"580\" height=\"420\" src=\"https:\/\/www.youtube.com\/embed\/qXYP6ea3ogk\" frameborder=\"0\" allow=\"accelerometer; autoplay; encrypted-media; gyroscope; picture-in-picture\" allowfullscreen><\/iframe>\n","protected":false},"excerpt":{"rendered":"<p>El solidario accionar de los pasajeros de un colectivo permiti\u00f3 detener a un ladr\u00f3n que acababa de robar a una mujer. Sucedi\u00f3 en Sarmiento y Alberti. Los pasajeros de un colectivo que circulaba frente al Paseo Aldrey observaron c\u00f3mo un ladr\u00f3n arrebataba las pertenencias a una mujer y decidieron bajar, perseguirlo y detenerlo. El episodio&hellip;<\/p>\n","protected":false},"author":1,"featured_media":94960,"comment_status":"open","ping_status":"open","sticky":false,"template":"","format":"standard","meta":{"footnotes":""},"categories":[22],"tags":[652,2450,1333,1673,402,116],"class_list":["post-94959","post","type-post","status-publish","format-standard","has-post-thumbnail","hentry","category-policiales","tag-colectivo","tag-diario-el-sindical","tag-ladrones","tag-mar-del-plata","tag-pasajeros","tag-robo"],"_links":{"self":[{"href":"https:\/\/www.elsindical.com.ar\/notas\/wp-json\/wp\/v2\/posts\/94959","targetHints":{"allow":["GET"]}}],"collection":[{"href":"https:\/\/www.elsindical.com.ar\/notas\/wp-json\/wp\/v2\/posts"}],"about":[{"href":"https:\/\/www.elsindical.com.ar\/notas\/wp-json\/wp\/v2\/types\/post"}],"author":[{"embeddable":true,"href":"https:\/\/www.elsindical.com.ar\/notas\/wp-json\/wp\/v2\/users\/1"}],"replies":[{"embeddable":true,"href":"https:\/\/www.elsindical.com.ar\/notas\/wp-json\/wp\/v2\/comments?post=94959"}],"version-history":[{"count":2,"href":"https:\/\/www.elsindical.com.ar\/notas\/wp-json\/wp\/v2\/posts\/94959\/revisions"}],"predecessor-version":[{"id":94962,"href":"https:\/\/www.elsindical.com.ar\/notas\/wp-json\/wp\/v2\/posts\/94959\/revisions\/94962"}],"wp:featuredmedia":[{"embeddable":true,"href":"https:\/\/www.elsindical.com.ar\/notas\/wp-json\/wp\/v2\/media\/94960"}],"wp:attachment":[{"href":"https:\/\/www.elsindical.com.ar\/notas\/wp-json\/wp\/v2\/media?parent=94959"}],"wp:term":[{"taxonomy":"category","embeddable":true,"href":"https:\/\/www.elsindical.com.ar\/notas\/wp-json\/wp\/v2\/categories?post=94959"},{"taxonomy":"post_tag","embeddable":true,"href":"https:\/\/www.elsindical.com.ar\/notas\/wp-json\/wp\/v2\/tags?post=94959"}],"curies":[{"name":"wp","href":"https:\/\/api.w.org\/{rel}","templated":true}]}}