{"id":94918,"date":"2020-04-15T12:35:00","date_gmt":"2020-04-15T15:35:00","guid":{"rendered":"http:\/\/www.elsindical.com.ar\/notas\/?p=94918"},"modified":"2020-04-15T12:35:00","modified_gmt":"2020-04-15T15:35:00","slug":"moreno-nuevo-femicidio-fue-encontrado-el-cuerpo-de-la-joven-camila","status":"publish","type":"post","link":"https:\/\/www.elsindical.com.ar\/notas\/moreno-nuevo-femicidio-fue-encontrado-el-cuerpo-de-la-joven-camila\/","title":{"rendered":"Moreno: Nuevo femicidio, fue encontrado el cuerpo de la joven Camila"},"content":{"rendered":"\n<figure class=\"wp-block-image size-large is-resized\"><img loading=\"lazy\" decoding=\"async\" src=\"http:\/\/www.elsindical.com.ar\/notas\/var\/www\/html\/notas\/wp-content\/uploads\/2020\/04\/camila-aldana-tarocco.jpg\" alt=\"\" class=\"wp-image-94919\" width=\"591\" height=\"356\" srcset=\"https:\/\/www.elsindical.com.ar\/notas\/var\/www\/html\/notas\/wp-content\/uploads\/2020\/04\/camila-aldana-tarocco.jpg 840w, https:\/\/www.elsindical.com.ar\/notas\/var\/www\/html\/notas\/wp-content\/uploads\/2020\/04\/camila-aldana-tarocco-300x181.jpg 300w, https:\/\/www.elsindical.com.ar\/notas\/var\/www\/html\/notas\/wp-content\/uploads\/2020\/04\/camila-aldana-tarocco-768x463.jpg 768w, https:\/\/www.elsindical.com.ar\/notas\/var\/www\/html\/notas\/wp-content\/uploads\/2020\/04\/camila-aldana-tarocco-498x300.jpg 498w\" sizes=\"auto, (max-width: 591px) 100vw, 591px\" \/><\/figure>\n\n\n\n<p>Una joven de 26 a\u00f1os fue asesinada y enterrada a 200 metros de la casa de su ex pareja. Ya estaba detenido.<\/p>\n\n\n\n<p>Una joven de 26 a\u00f1os que estaba desaparecida desde el 4 de abril \u00faltimo fue hallada hoy asesinada adentro de una bolsa enterrada a 200 metros de la casa de su ex pareja, quien ya estaba detenido como sospechoso de femicidio, en Moreno.<\/p>\n\n\n\n<p>El hallazgo del cuerpo de Camila Aldana Tarocco se produjo cerca de las 0.30 en un descampado situado en la avenida Monsegur y la calle San Cayetano, a unas 20 cuadras de su casa y a dos de la del principal acusado, Ariel Alberto Gonz\u00e1lez.<\/p>\n\n\n\n<p>Hasta all\u00ed lleg\u00f3 en el marco de la b\u00fasqueda una brigada policial con canes rastreadores, que detectaron tierra removida entre unos pastizales y finalmente encontraron una bolsa negra que conten\u00eda el cad\u00e1ver de Camila.<\/p>\n\n\n\n<p>La fiscal 3 de Moreno-General Rodr\u00edguez a cargo de la causa, Luisa Pontecorvo, se present\u00f3 en el lugar y orden\u00f3 trasladar as\u00ed como fue hallado el cuerpo a la morgue judicial de General Rodr\u00edguez, donde ser\u00e1 sometido a la autopsia con el fin de establecer la causa de la muerte y la fecha.<\/p>\n\n\n\n<p>Camila hab\u00eda desaparecido la ma\u00f1ana del s\u00e1bado 4 de este mes y el lunes 6 su familia radic\u00f3 una denuncia formal que dio inicio a la investigaci\u00f3n.<\/p>\n\n\n\n<p>En el marco de la causa, el 8 de abril \u00faltimo la fiscal dispuso el arresto de la ex pareja de Tarocco, Gonz\u00e1lez, quien declar\u00f3 en esa oportunidad que hab\u00eda estado con ella hasta el s\u00e1bado a la ma\u00f1ana, ya que luego de pasar la noche juntos la hab\u00eda acompa\u00f1ado hasta una parada de colectivos.<\/p>\n\n\n\n<p>Seg\u00fan el acusado, tras despedirse, Camila se iba a cobrar a un cajero autom\u00e1tico los 10.000 mil pesos del Ingreso Familiar de Emergencia (IFE) que el Gobierno otorga a los trabajadores del sector informal mientras est\u00e1 vigente la cuarentena por el coronavirus.<\/p>\n\n\n\n<p>Pero sus dichos no convencieron a la fiscal, quien lo dej\u00f3 detenido como sospechoso de la desaparici\u00f3n de Camila y tambi\u00e9n porque descubri\u00f3 que hab\u00eda violado una prisi\u00f3n domiciliaria que le impusieron en el marco de una causa por violencia de g\u00e9nero que tramita en la Justicia de General Rodr\u00edguez.<\/p>\n\n\n\n<p>Adem\u00e1s, la funcionaria judicial estableci\u00f3 luego que el dinero del IFE depositado en la cuenta de la joven no hab\u00eda sido extra\u00eddo ni se hab\u00eda realizado ning\u00fan movimiento, es decir que Tarocco nunca hab\u00eda llegado al banco.<\/p>\n\n\n\n<p>En el marco de la pesquisa, Pontecorvo tambi\u00e9n demor\u00f3 para que declare a la actual pareja de la joven, un ex soldado voluntario, aunque luego fue liberado pero a\u00fan contin\u00faa sujeto a la investigaci\u00f3n judicial.<\/p>\n\n\n\n<figure class=\"wp-block-gallery columns-1 is-cropped wp-block-gallery-1 is-layout-flex wp-block-gallery-is-layout-flex\"><ul class=\"blocks-gallery-grid\"><li class=\"blocks-gallery-item\"><figure><img loading=\"lazy\" decoding=\"async\" width=\"714\" height=\"959\" src=\"http:\/\/www.elsindical.com.ar\/notas\/var\/www\/html\/notas\/wp-content\/uploads\/2020\/04\/Camila-Aldana-Tarocco-2.jpg\" alt=\"\" data-id=\"94920\" data-full-url=\"http:\/\/www.elsindical.com.ar\/notas\/var\/www\/html\/notas\/wp-content\/uploads\/2020\/04\/Camila-Aldana-Tarocco-2.jpg\" data-link=\"http:\/\/www.elsindical.com.ar\/notas\/?attachment_id=94920#main\" class=\"wp-image-94920\" srcset=\"https:\/\/www.elsindical.com.ar\/notas\/var\/www\/html\/notas\/wp-content\/uploads\/2020\/04\/Camila-Aldana-Tarocco-2.jpg 714w, https:\/\/www.elsindical.com.ar\/notas\/var\/www\/html\/notas\/wp-content\/uploads\/2020\/04\/Camila-Aldana-Tarocco-2-223x300.jpg 223w\" sizes=\"auto, (max-width: 714px) 100vw, 714px\" \/><\/figure><\/li><li class=\"blocks-gallery-item\"><figure><img loading=\"lazy\" decoding=\"async\" width=\"720\" height=\"748\" src=\"http:\/\/www.elsindical.com.ar\/notas\/var\/www\/html\/notas\/wp-content\/uploads\/2020\/04\/Camila-Aldana-Tarocco-y-Airel-B\u00e1ez.jpg\" alt=\"\" data-id=\"94921\" data-full-url=\"http:\/\/www.elsindical.com.ar\/notas\/var\/www\/html\/notas\/wp-content\/uploads\/2020\/04\/Camila-Aldana-Tarocco-y-Airel-B\u00e1ez.jpg\" data-link=\"http:\/\/www.elsindical.com.ar\/notas\/?attachment_id=94921#main\" class=\"wp-image-94921\" srcset=\"https:\/\/www.elsindical.com.ar\/notas\/var\/www\/html\/notas\/wp-content\/uploads\/2020\/04\/Camila-Aldana-Tarocco-y-Airel-B\u00e1ez.jpg 720w, https:\/\/www.elsindical.com.ar\/notas\/var\/www\/html\/notas\/wp-content\/uploads\/2020\/04\/Camila-Aldana-Tarocco-y-Airel-B\u00e1ez-289x300.jpg 289w\" sizes=\"auto, (max-width: 720px) 100vw, 720px\" \/><\/figure><\/li><\/ul><\/figure>\n\n\n\n<p><\/p>\n","protected":false},"excerpt":{"rendered":"<p>Una joven de 26 a\u00f1os fue asesinada y enterrada a 200 metros de la casa de su ex pareja. Ya estaba detenido. Una joven de 26 a\u00f1os que estaba desaparecida desde el 4 de abril \u00faltimo fue hallada hoy asesinada adentro de una bolsa enterrada a 200 metros de la casa de su ex pareja,&hellip;<\/p>\n","protected":false},"author":1,"featured_media":94919,"comment_status":"open","ping_status":"open","sticky":false,"template":"","format":"standard","meta":{"footnotes":""},"categories":[22],"tags":[32819,32818,2450,9890,1232],"class_list":["post-94918","post","type-post","status-publish","format-standard","has-post-thumbnail","hentry","category-policiales","tag-ariel-alberto-gonzalez","tag-camila-aldana-tarocco","tag-diario-el-sindical","tag-femicidio","tag-moreno"],"_links":{"self":[{"href":"https:\/\/www.elsindical.com.ar\/notas\/wp-json\/wp\/v2\/posts\/94918","targetHints":{"allow":["GET"]}}],"collection":[{"href":"https:\/\/www.elsindical.com.ar\/notas\/wp-json\/wp\/v2\/posts"}],"about":[{"href":"https:\/\/www.elsindical.com.ar\/notas\/wp-json\/wp\/v2\/types\/post"}],"author":[{"embeddable":true,"href":"https:\/\/www.elsindical.com.ar\/notas\/wp-json\/wp\/v2\/users\/1"}],"replies":[{"embeddable":true,"href":"https:\/\/www.elsindical.com.ar\/notas\/wp-json\/wp\/v2\/comments?post=94918"}],"version-history":[{"count":1,"href":"https:\/\/www.elsindical.com.ar\/notas\/wp-json\/wp\/v2\/posts\/94918\/revisions"}],"predecessor-version":[{"id":94922,"href":"https:\/\/www.elsindical.com.ar\/notas\/wp-json\/wp\/v2\/posts\/94918\/revisions\/94922"}],"wp:featuredmedia":[{"embeddable":true,"href":"https:\/\/www.elsindical.com.ar\/notas\/wp-json\/wp\/v2\/media\/94919"}],"wp:attachment":[{"href":"https:\/\/www.elsindical.com.ar\/notas\/wp-json\/wp\/v2\/media?parent=94918"}],"wp:term":[{"taxonomy":"category","embeddable":true,"href":"https:\/\/www.elsindical.com.ar\/notas\/wp-json\/wp\/v2\/categories?post=94918"},{"taxonomy":"post_tag","embeddable":true,"href":"https:\/\/www.elsindical.com.ar\/notas\/wp-json\/wp\/v2\/tags?post=94918"}],"curies":[{"name":"wp","href":"https:\/\/api.w.org\/{rel}","templated":true}]}}