{"id":94807,"date":"2020-04-10T01:49:04","date_gmt":"2020-04-10T04:49:04","guid":{"rendered":"http:\/\/www.elsindical.com.ar\/notas\/?p=94807"},"modified":"2020-04-10T01:49:04","modified_gmt":"2020-04-10T04:49:04","slug":"fallecio-el-juez-en-lo-civil-juan-martin-alterini","status":"publish","type":"post","link":"https:\/\/www.elsindical.com.ar\/notas\/fallecio-el-juez-en-lo-civil-juan-martin-alterini\/","title":{"rendered":"Falleci\u00f3 el juez en lo civil Juan Mart\u00edn Alterini"},"content":{"rendered":"\n<figure class=\"wp-block-image size-large is-resized\"><img loading=\"lazy\" decoding=\"async\" src=\"http:\/\/www.elsindical.com.ar\/notas\/var\/www\/html\/notas\/wp-content\/uploads\/2020\/04\/Atilio-Mart\u00edn-Alterini.jpg\" alt=\"\" class=\"wp-image-94808\" width=\"592\" height=\"332\" srcset=\"https:\/\/www.elsindical.com.ar\/notas\/var\/www\/html\/notas\/wp-content\/uploads\/2020\/04\/Atilio-Mart\u00edn-Alterini.jpg 960w, https:\/\/www.elsindical.com.ar\/notas\/var\/www\/html\/notas\/wp-content\/uploads\/2020\/04\/Atilio-Mart\u00edn-Alterini-300x168.jpg 300w, https:\/\/www.elsindical.com.ar\/notas\/var\/www\/html\/notas\/wp-content\/uploads\/2020\/04\/Atilio-Mart\u00edn-Alterini-768x430.jpg 768w, https:\/\/www.elsindical.com.ar\/notas\/var\/www\/html\/notas\/wp-content\/uploads\/2020\/04\/Atilio-Mart\u00edn-Alterini-500x280.jpg 500w\" sizes=\"auto, (max-width: 592px) 100vw, 592px\" \/><\/figure>\n\n\n\n<p>Este mi\u00e9rcoles falleci\u00f3 el titular del Juzgado Nacional en lo Civil N\u00ba 27 Juan Mart\u00edn Alterini, ex procurador General Adjunto de la Ciudad, reconocido acad\u00e9mico e hijo de Atilio, ex decano de la Facultad de Derecho.<\/p>\n\n\n\n<p>La noticia fue confirmada en redes sociales por el vocero del Colegio P\u00fablico de Abogados de la Capital Federal (CPACF) Jorge Rizzo, quien escribi\u00f3: \u201cFalleci\u00f3 el juez Dr. Juan Mart\u00edn Alterini, hijo del ex Decano de la Facultad de Derecho de la UBA Atilio An\u00edbal Alterini y el CPACF y Gente de Derecho env\u00edan sus condolencias a amigos y familiares. No se conocen las razones del deceso. Fue miembro del Tribunal de nuestro Colegio\u201d.<\/p>\n\n\n\n<p>Juan Mart\u00edn Alterini fue abogado,profesor Adjunto Regular de Derecho Civil en la materia Obligaciones Civiles y Comerciales y autor de libros como \u201cFunciones de la Responsabilidad Civil\u201d.<\/p>\n\n\n\n<p>Tambi\u00e9n fue Procurador General Adjunto de la Ciudad, Director de Asuntos Legales en la Legislatura porte\u00f1a, ex funcionario del Ministerio de Modernizaci\u00f3n, candidato a diputado nacional por el Partido Dem\u00f3crata Progresista en la ciudad de Buenos pero, principalmente, una gran persona.<\/p>\n\n\n\n<p>Seg\u00fan trascendi\u00f3 y aunque falta la confirmaci\u00f3n oficial su muerte podr\u00eda haber sido a causa del Coronavirus. Si bien estaba respetando el aislamiento, hab\u00eda experimentado s\u00edntomas que motivaron la realizaci\u00f3n del test, cuyo resultado a\u00fan no se conoce.<\/p>\n","protected":false},"excerpt":{"rendered":"<p>Este mi\u00e9rcoles falleci\u00f3 el titular del Juzgado Nacional en lo Civil N\u00ba 27 Juan Mart\u00edn Alterini, ex procurador General Adjunto de la Ciudad, reconocido acad\u00e9mico e hijo de Atilio, ex decano de la Facultad de Derecho. La noticia fue confirmada en redes sociales por el vocero del Colegio P\u00fablico de Abogados de la Capital Federal&hellip;<\/p>\n","protected":false},"author":1,"featured_media":94808,"comment_status":"open","ping_status":"open","sticky":false,"template":"","format":"standard","meta":{"footnotes":""},"categories":[24],"tags":[32787,32346,11084,2450,759,1885],"class_list":["post-94807","post","type-post","status-publish","format-standard","has-post-thumbnail","hentry","category-sociales","tag-atilio-anibal-alterini","tag-coronavirus","tag-cpacf","tag-diario-el-sindical","tag-jorge-rizzo","tag-uba"],"_links":{"self":[{"href":"https:\/\/www.elsindical.com.ar\/notas\/wp-json\/wp\/v2\/posts\/94807","targetHints":{"allow":["GET"]}}],"collection":[{"href":"https:\/\/www.elsindical.com.ar\/notas\/wp-json\/wp\/v2\/posts"}],"about":[{"href":"https:\/\/www.elsindical.com.ar\/notas\/wp-json\/wp\/v2\/types\/post"}],"author":[{"embeddable":true,"href":"https:\/\/www.elsindical.com.ar\/notas\/wp-json\/wp\/v2\/users\/1"}],"replies":[{"embeddable":true,"href":"https:\/\/www.elsindical.com.ar\/notas\/wp-json\/wp\/v2\/comments?post=94807"}],"version-history":[{"count":1,"href":"https:\/\/www.elsindical.com.ar\/notas\/wp-json\/wp\/v2\/posts\/94807\/revisions"}],"predecessor-version":[{"id":94809,"href":"https:\/\/www.elsindical.com.ar\/notas\/wp-json\/wp\/v2\/posts\/94807\/revisions\/94809"}],"wp:featuredmedia":[{"embeddable":true,"href":"https:\/\/www.elsindical.com.ar\/notas\/wp-json\/wp\/v2\/media\/94808"}],"wp:attachment":[{"href":"https:\/\/www.elsindical.com.ar\/notas\/wp-json\/wp\/v2\/media?parent=94807"}],"wp:term":[{"taxonomy":"category","embeddable":true,"href":"https:\/\/www.elsindical.com.ar\/notas\/wp-json\/wp\/v2\/categories?post=94807"},{"taxonomy":"post_tag","embeddable":true,"href":"https:\/\/www.elsindical.com.ar\/notas\/wp-json\/wp\/v2\/tags?post=94807"}],"curies":[{"name":"wp","href":"https:\/\/api.w.org\/{rel}","templated":true}]}}