{"id":9474,"date":"2010-09-13T20:20:33","date_gmt":"2010-09-13T23:20:33","guid":{"rendered":"http:\/\/www.elsindical.com.ar\/notas\/?p=9474"},"modified":"2010-09-13T20:21:02","modified_gmt":"2010-09-13T23:21:02","slug":"medicos-de-famoso-centro-de-cirugia-estetica-son-citados-a-indagatoria","status":"publish","type":"post","link":"https:\/\/www.elsindical.com.ar\/notas\/medicos-de-famoso-centro-de-cirugia-estetica-son-citados-a-indagatoria\/","title":{"rendered":"M\u00e9dicos de famoso centro de cirug\u00eda est\u00e9tica son citados a indagatoria"},"content":{"rendered":"<p style=\"text-align: justify;\"><em><a href=\"http:\/\/www.elsindical.com.ar\/notas\/var\/www\/html\/notas\/wp-content\/uploads\/2010\/09\/Dr.Diego-Schavelzon.jpg\"><img loading=\"lazy\" decoding=\"async\" class=\"alignleft size-full wp-image-9475\" title=\"Dr.Diego-Schavelzon\" src=\"http:\/\/www.elsindical.com.ar\/notas\/var\/www\/html\/notas\/wp-content\/uploads\/2010\/09\/Dr.Diego-Schavelzon.jpg\" alt=\"\" width=\"236\" height=\"231\" \/><\/a>Un fiscal pidi\u00f3 que se cite a prestar declaraci\u00f3n indagatoria al cirujano <strong>Diego Enrique Schavelzon Chavin<\/strong>, Director m\u00e9dico de \u201cB&amp;S Centro de Excelencia en Cirug\u00eda Pl\u00e1stica\u201d, y vicepresidente de la Asociaci\u00f3n Argentina de Medicina y Cirug\u00eda Cosm\u00e9tica en el marco de una causa por \u201c <strong>las irregularidades encontradas para adquirir estupefacientes<\/strong>\u201d en la instituci\u00f3n e impedir una clausura.<\/em><\/p>\n<p style=\"text-align: justify;\">El dictamen fue firmado por el fiscal federal <strong>Federico Delgado<\/strong>, y presentado ante la jueza <strong>Mar\u00eda Servini de Cubr\u00eda<\/strong>, quien adem\u00e1s pidi\u00f3 la indagatoria de <strong>Laura Coscio<\/strong>, apoderada del centro y de los m\u00e9dicos <strong>Andrea Plazibat<\/strong>, <strong>Pedro Mart\u00edn San Juan<\/strong> y <strong>Guillermo Blugerman<\/strong>, seg\u00fan informaron fuentes judiciales a <strong>Infobae.com<\/strong>.<\/p>\n<p>Se trata de una causa iniciada por denuncia del Ministerio de Salud, y <strong>se los acusa de no permitir la clausura preventiva del centro m\u00e9dico B&amp;S en Laprida 1579<\/strong>, el 19 de agosto por parte de la Direcci\u00f3n Nacional de Registro, Fiscalizaci\u00f3n y Sanidad de Fronteras.<\/p>\n<p>De acuerdo al dictamen, cuando el personal de la Seccional 19\u00aa de la Polic\u00eda Federal fue a cumplir con la medida a ra\u00edz de las irregularidades en la compra de estupefacientes, los acusados decidieron \u201c <strong>no permitir el acto de clausura preventiva\u201d por \u201cimprocedente, infundado y excesivo\u201d.<\/strong><\/p>\n<p>Por ese motivo, el 27 de agosto, Horacio Zampieri, de la Direcci\u00f3n de Asuntos Judiciales del Ministerio de Salud, realiz\u00f3 la denuncia ante la C\u00e1mara Federal, y la causa recay\u00f3 en Servini de Cubr\u00eda, informaron las fuentes.<\/p>\n<p>\u201cSe llevar\u00eda a cabo un acto de simulaci\u00f3n, por el cual el centro m\u00e9dico, en lugar de seguir el procedimiento legalmente establecido para adquirir estupefacientes en car\u00e1cter de instituci\u00f3n asistencial, habr\u00eda simulado una prescripci\u00f3n y un despacho directo al paciente, ya que al carecer de habilitaci\u00f3n, <strong>no hubiera podido adquirirlas siguiendo el procedimiento normado para las instituciones, por carecer de habilitaci\u00f3n<\/strong>\u201d, sostuvo el fiscal.<\/p>\n<p>\u201cEl procedimiento legalmente establecido se encuentra previsto en el inciso d) del art\u00edculo 15 de la ley 17.818 que dispone: \u00b4los establecimientos podr\u00e1n adquirir los medicamentos o preparados con estupefacientes con la firma del director m\u00e9dico. El pedido deber\u00e1 ser previamente visado por la autoridad sanitaria competente\u00b4\u201d, dice el dictamen.<\/p>\n<p>En el caso lo que se denuncia es que las recetas que utilizaban los imputados son las previstas en el art\u00edculo 16 de la mencionada ley, que s\u00f3lo resultan aptas para el despacho en farmacia directamente al paciente, y no para la venta a instituciones.<\/p>\n","protected":false},"excerpt":{"rendered":"<p>Un fiscal pidi\u00f3 que se cite a prestar declaraci\u00f3n indagatoria al cirujano Diego Enrique Schavelzon Chavin, Director m\u00e9dico de \u201cB&amp;S Centro de Excelencia en Cirug\u00eda Pl\u00e1stica\u201d, y vicepresidente de la Asociaci\u00f3n Argentina de Medicina y Cirug\u00eda Cosm\u00e9tica en el marco de una causa por \u201c las irregularidades encontradas para adquirir estupefacientes\u201d en la instituci\u00f3n e&hellip;<\/p>\n","protected":false},"author":1,"featured_media":0,"comment_status":"open","ping_status":"open","sticky":false,"template":"","format":"standard","meta":{"footnotes":""},"categories":[20],"tags":[4609,4610,2407,4611,792,136,3432,30,4612],"class_list":["post-9474","post","type-post","status-publish","format-standard","hentry","category-judiciales","tag-bs-centro-de-excelencia-en-cirugia-plastica","tag-cirujano","tag-clausura","tag-diego-enrique-schavelzon-chavin","tag-fiscal","tag-juez-federal","tag-medico","tag-policia","tag-servini-de-cubria"],"_links":{"self":[{"href":"https:\/\/www.elsindical.com.ar\/notas\/wp-json\/wp\/v2\/posts\/9474","targetHints":{"allow":["GET"]}}],"collection":[{"href":"https:\/\/www.elsindical.com.ar\/notas\/wp-json\/wp\/v2\/posts"}],"about":[{"href":"https:\/\/www.elsindical.com.ar\/notas\/wp-json\/wp\/v2\/types\/post"}],"author":[{"embeddable":true,"href":"https:\/\/www.elsindical.com.ar\/notas\/wp-json\/wp\/v2\/users\/1"}],"replies":[{"embeddable":true,"href":"https:\/\/www.elsindical.com.ar\/notas\/wp-json\/wp\/v2\/comments?post=9474"}],"version-history":[{"count":3,"href":"https:\/\/www.elsindical.com.ar\/notas\/wp-json\/wp\/v2\/posts\/9474\/revisions"}],"predecessor-version":[{"id":9478,"href":"https:\/\/www.elsindical.com.ar\/notas\/wp-json\/wp\/v2\/posts\/9474\/revisions\/9478"}],"wp:attachment":[{"href":"https:\/\/www.elsindical.com.ar\/notas\/wp-json\/wp\/v2\/media?parent=9474"}],"wp:term":[{"taxonomy":"category","embeddable":true,"href":"https:\/\/www.elsindical.com.ar\/notas\/wp-json\/wp\/v2\/categories?post=9474"},{"taxonomy":"post_tag","embeddable":true,"href":"https:\/\/www.elsindical.com.ar\/notas\/wp-json\/wp\/v2\/tags?post=9474"}],"curies":[{"name":"wp","href":"https:\/\/api.w.org\/{rel}","templated":true}]}}