{"id":94694,"date":"2020-04-05T16:13:45","date_gmt":"2020-04-05T19:13:45","guid":{"rendered":"http:\/\/www.elsindical.com.ar\/notas\/?p=94694"},"modified":"2020-04-05T16:13:45","modified_gmt":"2020-04-05T19:13:45","slug":"el-municipio-de-quilmes-recibio-nuevas-vacunas-antigripales","status":"publish","type":"post","link":"https:\/\/www.elsindical.com.ar\/notas\/el-municipio-de-quilmes-recibio-nuevas-vacunas-antigripales\/","title":{"rendered":"El municipio de Quilmes recibi\u00f3 nuevas vacunas antigripales"},"content":{"rendered":"\n<figure class=\"wp-block-image size-large\"><img loading=\"lazy\" decoding=\"async\" width=\"850\" height=\"565\" src=\"http:\/\/www.elsindical.com.ar\/notas\/var\/www\/html\/notas\/wp-content\/uploads\/2020\/04\/vacunas-en-Quilmes.jpg\" alt=\"\" class=\"wp-image-94695\" srcset=\"https:\/\/www.elsindical.com.ar\/notas\/var\/www\/html\/notas\/wp-content\/uploads\/2020\/04\/vacunas-en-Quilmes.jpg 850w, https:\/\/www.elsindical.com.ar\/notas\/var\/www\/html\/notas\/wp-content\/uploads\/2020\/04\/vacunas-en-Quilmes-300x199.jpg 300w, https:\/\/www.elsindical.com.ar\/notas\/var\/www\/html\/notas\/wp-content\/uploads\/2020\/04\/vacunas-en-Quilmes-768x510.jpg 768w, https:\/\/www.elsindical.com.ar\/notas\/var\/www\/html\/notas\/wp-content\/uploads\/2020\/04\/vacunas-en-Quilmes-451x300.jpg 451w\" sizes=\"auto, (max-width: 850px) 100vw, 850px\" \/><\/figure>\n\n\n\n<p class=\"wp-block-paragraph\">El Municipio de Quilmes informa que lleg\u00f3 el segundo env\u00edo de vacunas antigripales, que se suma a las 16 mil dosis que estuvieron siendo aplicadas esta semana a los ciudadanos de la comuna y que fueron distribuidas por el gobierno bonaerense, a trav\u00e9s del Ministerio de Salud de la Provincia.\u00a0<\/p>\n\n\n\n<p class=\"wp-block-paragraph\">La intendenta de Quilmes, <strong>Mayra Mendoza<\/strong>, destac\u00f3 que \u201cvenimos llevando adelante una campa\u00f1a de vacunaci\u00f3n muy importante y queremos seguir de esta manera, cuidando a nuestros vecinos y vecinas\u201d.<\/p>\n\n\n\n<p class=\"wp-block-paragraph\">Estas vacunas ya fueron distribuidas en los distintos centros de salud del Municipio, que desde la semana pasada, est\u00e1n vacunando de manera gratuita a los grupos de riesgo. En este caso, tambi\u00e9n se les entregar\u00e1n dosis a las cl\u00ednicas y sanatorios privados.<\/p>\n\n\n\n<p class=\"wp-block-paragraph\">En tanto, ya est\u00e1 disponible la turnera a trav\u00e9s de la p\u00e1gina web del Municipio (<a href=\"https:\/\/arquivirtual.quilmes.gov.ar\/municipal\/App\/TurnosSalud\/reservarVacunacion.aspx\" target=\"_blank\" rel=\"noreferrer noopener\">https:\/\/arquivirtual.quilmes.gov.ar\/municipal\/App\/TurnosSalud\/reservarVacunacion.aspx<\/a>); a la vez que tambi\u00e9n se podr\u00e1 sacar turno llamando al 0800-999-5656.<\/p>\n\n\n\n<p class=\"wp-block-paragraph\">Se recuerda que a partir del lunes 6 de abril, la vacunaci\u00f3n antigripal en los centros de salud de Quilmes se la aplicar\u00e1 solo a las vecinas y los vecinos que tengan su turno y que est\u00e9n dentro de los grupos de riesgo o a las personas entre 2 y 64 a\u00f1os con prescripci\u00f3n m\u00e9dica.<\/p>\n\n\n\n<p class=\"wp-block-paragraph\"><strong>Qui\u00e9nes deben vacunarse<\/strong><\/p>\n\n\n\n<p class=\"wp-block-paragraph\">De esta manera, todos aquellos que est\u00e9n comprendidos entre las siguientes normas, ser\u00e1n vacunados con la antigripal en los centros de salud de Quilmes.<br>Indicaciones de vacunaci\u00f3n antigripal:<\/p>\n\n\n\n<p class=\"wp-block-paragraph\">\u2022 Ni\u00f1os de 6 a 24 meses inclusive.<br>\u2022 Embarazadas en cualquier trimestre de la gestaci\u00f3n.<br>\u2022 Pu\u00e9rperas (hasta 10 d\u00edas despu\u00e9s del parto).<br>\u2022 Trabajadores de la salud.<br>\u2022 Personas mayores de 65 a\u00f1os.<br>\u2022 Personas entre 2 y 64 a\u00f1os con factores de riesgo (con prescripci\u00f3n m\u00e9dica).<\/p>\n\n\n\n<p class=\"wp-block-paragraph\"><strong>Factores de riesgo:<\/strong><\/p>\n\n\n\n<p class=\"wp-block-paragraph\"><strong>Grupo 1 Enfermedades respiratorias:<\/strong><\/p>\n\n\n\n<p class=\"wp-block-paragraph\">a) Enfermedad respiratoria cr\u00f3nica (hernia diafragm\u00e1tica, enfermedad pulmonar obstructiva cr\u00f3nica (EPOC), enfisema cong\u00e9nito, displasia broncopulmonar, traqueostomizados cr\u00f3nicos, bronquiectasias, fibrosis qu\u00edstica, etc.).<br>&nbsp; &nbsp; &nbsp; &nbsp; b) Asma moderada y grave.<\/p>\n\n\n\n<p class=\"wp-block-paragraph\"><strong>Grupo 2 Enfermedades card\u00edacas:<\/strong><\/p>\n\n\n\n<p class=\"wp-block-paragraph\">a) Insuficiencia card\u00edaca, enfermedad coronaria, reemplazo valvular, valvulopat\u00eda.<br>b) Cardiopat\u00edas cong\u00e9nitas.<\/p>\n\n\n\n<p class=\"wp-block-paragraph\"><strong>Grupo 3: Inmunodeficiencias cong\u00e9nitas o adquiridas (no oncohemapatol\u00f3gica):<\/strong><\/p>\n\n\n\n<p class=\"wp-block-paragraph\">a) Infecci\u00f3n por VIH.<br>b) Utilizaci\u00f3n de medicaci\u00f3n inmunosupresora o corticoides en altas dosis (mayor a 2 mg\/kg\/d\u00eda de metilprednisona o m\u00e1s de 20 mg\/d\u00eda o su equivalente por m\u00e1s de 14 d\u00edas).<br>c) Inmunodeficiencia cong\u00e9nita.<br>d) Asplenia funcional o anat\u00f3mica (incluida anemia drepanoc\u00edtica).<br>e) Desnutrici\u00f3n grave.<\/p>\n\n\n\n<p class=\"wp-block-paragraph\"><strong>Grupo 4: Pacientes oncohematol\u00f3gicos y trasplantados:<\/strong><\/p>\n\n\n\n<p class=\"wp-block-paragraph\">a) Tumor de \u00f3rgano s\u00f3lido en tratamiento.<br>b) Enfermedad oncohematol\u00f3gica, hasta seis meses posteriores a la remisi\u00f3n completa.<br>c) Trasplantados de \u00f3rganos s\u00f3lidos o precursores hematopoy\u00e9ticos.<\/p>\n\n\n\n<p class=\"wp-block-paragraph\"><strong>Grupo 5: Otros:<\/strong><\/p>\n\n\n\n<p class=\"wp-block-paragraph\">a) Obesos con \u00edndice de masa corporal (IMC) mayor a 40.<br>b) Diab\u00e9ticos.<br>c) Personas con insuficiencia renal cr\u00f3nica en di\u00e1lisis o con expectativas de ingresar a di\u00e1lisis en los siguientes meses.<br>d) Retraso madurativo grave en menores de 18 a\u00f1os de edad.<br>e) S\u00edndromes gen\u00e9ticos, enfermedades neuromusculares con compromiso respiratorio y malformaciones cong\u00e9nitas graves.<br>f) Tratamiento cr\u00f3nico con \u00e1cido acetilsalic\u00edlico en menores de 18 a\u00f1os.<br>g) Convivientes o contactos estrechos de enfermos oncohematol\u00f3gicos.<br>h) Convivientes de prematuros menores de 1.500 g.Fuente:&nbsp;Prensa Municipalidad de Quilmes<\/p>\n","protected":false},"excerpt":{"rendered":"<p>El Municipio de Quilmes informa que lleg\u00f3 el segundo env\u00edo de vacunas antigripales, que se suma a las 16 mil dosis que estuvieron siendo aplicadas esta semana a los ciudadanos de la comuna y que fueron distribuidas por el gobierno bonaerense, a trav\u00e9s del Ministerio de Salud de la Provincia.\u00a0 La intendenta de Quilmes, Mayra&hellip;<\/p>\n","protected":false},"author":1,"featured_media":94695,"comment_status":"open","ping_status":"open","sticky":false,"template":"","format":"standard","meta":{"footnotes":""},"categories":[23],"tags":[32753,2450,32653,684,17720],"class_list":["post-94694","post","type-post","status-publish","format-standard","has-post-thumbnail","hentry","category-salud","tag-antigripales","tag-diario-el-sindical","tag-grupos-de-riesgo","tag-quilmes","tag-vacunas"],"_links":{"self":[{"href":"https:\/\/www.elsindical.com.ar\/notas\/wp-json\/wp\/v2\/posts\/94694","targetHints":{"allow":["GET"]}}],"collection":[{"href":"https:\/\/www.elsindical.com.ar\/notas\/wp-json\/wp\/v2\/posts"}],"about":[{"href":"https:\/\/www.elsindical.com.ar\/notas\/wp-json\/wp\/v2\/types\/post"}],"author":[{"embeddable":true,"href":"https:\/\/www.elsindical.com.ar\/notas\/wp-json\/wp\/v2\/users\/1"}],"replies":[{"embeddable":true,"href":"https:\/\/www.elsindical.com.ar\/notas\/wp-json\/wp\/v2\/comments?post=94694"}],"version-history":[{"count":1,"href":"https:\/\/www.elsindical.com.ar\/notas\/wp-json\/wp\/v2\/posts\/94694\/revisions"}],"predecessor-version":[{"id":94696,"href":"https:\/\/www.elsindical.com.ar\/notas\/wp-json\/wp\/v2\/posts\/94694\/revisions\/94696"}],"wp:featuredmedia":[{"embeddable":true,"href":"https:\/\/www.elsindical.com.ar\/notas\/wp-json\/wp\/v2\/media\/94695"}],"wp:attachment":[{"href":"https:\/\/www.elsindical.com.ar\/notas\/wp-json\/wp\/v2\/media?parent=94694"}],"wp:term":[{"taxonomy":"category","embeddable":true,"href":"https:\/\/www.elsindical.com.ar\/notas\/wp-json\/wp\/v2\/categories?post=94694"},{"taxonomy":"post_tag","embeddable":true,"href":"https:\/\/www.elsindical.com.ar\/notas\/wp-json\/wp\/v2\/tags?post=94694"}],"curies":[{"name":"wp","href":"https:\/\/api.w.org\/{rel}","templated":true}]}}