{"id":94687,"date":"2020-04-05T13:55:03","date_gmt":"2020-04-05T16:55:03","guid":{"rendered":"http:\/\/www.elsindical.com.ar\/notas\/?p=94687"},"modified":"2020-04-05T13:55:03","modified_gmt":"2020-04-05T16:55:03","slug":"cuarentena-ampliacion-a-72-el-saldo-negativo-de-la-tarjeta-sube","status":"publish","type":"post","link":"https:\/\/www.elsindical.com.ar\/notas\/cuarentena-ampliacion-a-72-el-saldo-negativo-de-la-tarjeta-sube\/","title":{"rendered":"Cuarentena: ampliaci\u00f3n a $72 el saldo negativo de la tarjeta SUBE"},"content":{"rendered":"\n<figure class=\"wp-block-image size-large\"><img loading=\"lazy\" decoding=\"async\" width=\"875\" height=\"490\" src=\"http:\/\/www.elsindical.com.ar\/notas\/var\/www\/html\/notas\/wp-content\/uploads\/2020\/04\/terminal-SUBE.jpg\" alt=\"\" class=\"wp-image-94688\" srcset=\"https:\/\/www.elsindical.com.ar\/notas\/var\/www\/html\/notas\/wp-content\/uploads\/2020\/04\/terminal-SUBE.jpg 875w, https:\/\/www.elsindical.com.ar\/notas\/var\/www\/html\/notas\/wp-content\/uploads\/2020\/04\/terminal-SUBE-300x168.jpg 300w, https:\/\/www.elsindical.com.ar\/notas\/var\/www\/html\/notas\/wp-content\/uploads\/2020\/04\/terminal-SUBE-768x430.jpg 768w, https:\/\/www.elsindical.com.ar\/notas\/var\/www\/html\/notas\/wp-content\/uploads\/2020\/04\/terminal-SUBE-500x280.jpg 500w\" sizes=\"auto, (max-width: 875px) 100vw, 875px\" \/><\/figure>\n\n\n\n<p class=\"wp-block-paragraph\">La medida que ya rige, beneficiar\u00e1 a los usuarios del transporte p\u00fablico exentos de la medida de aislamiento social preventivo y obligatorio, se inform\u00f3 a trav\u00e9s de un comunicador.<\/p>\n\n\n\n<p class=\"wp-block-paragraph\">El<strong> gobierno nacional, a trav\u00e9s del Ministerio de Transporte, ampli\u00f3 hoy el saldo de la tarjeta SUBE<\/strong> de 3 a 4 viajes m\u00ednimos, es decir, de 54 a 72 pesos, para todas las personas que tengan que movilizarse para realizar tareas esenciales.<br><br>La medida que ya rige,\u00a0beneficiar\u00e1 a los usuarios del transporte p\u00fablico exentos de la medida de aislamiento social preventivo y obligatorio, se inform\u00f3 a trav\u00e9s de un comunicador.<br><br>Si bien los<strong> centros de atenci\u00f3n de SUBE<\/strong> se encuentran cerrados, todos los tr\u00e1mites se pueden realizar con normalidad desde la web, para lo cual es necesario tener la tarjeta registrada.<br><br>A su vez, se detall\u00f3 que es importante registrar la SUBE para poder recuperar el saldo en caso de perder o romper la tarjeta: \u00abEs un tr\u00e1mite sencillo y r\u00e1pido que se realiza desde la web argentina.gob.ar\/SUBE\u00bb.<br><br>Se record\u00f3 tambi\u00e9n que la tarjeta se puede cargar en supermercados, m\u00e1quinas de recarga del subte, estaciones de tren, almacenes, kioscos y farmacias.<br><br>De<strong> manera electr\u00f3nica se puede realizar la recarga desde un celular<\/strong>, computadora o cajero autom\u00e1tico, a trav\u00e9s del homebanking o aplicaciones de pago, con tarjeta de d\u00e9bito o cr\u00e9dito en cualquier horario y lugar.<\/p>\n\n\n\n<p class=\"wp-block-paragraph\">Luego de realizada la compra de la carga, el o la usuaria deber\u00e1 acreditarla a la SUBE, lo que puede hacerse desde el celular con la aplicaci\u00f3n \u00abCarga SUBE\u00bb con tan solo apoyar la tarjeta detr\u00e1s, o desde las Terminales Autom\u00e1ticas ubicadas en espacios p\u00fablicos.<br><br>Para conocer la ubicaci\u00f3n de estas Terminales, los usuarios deben ingresar en la<strong> web de argentina.gob.ar\/SUBE .<\/strong><br><br>Adem\u00e1s, <strong>Carga SUBE<\/strong> se descarga de forma gratuita en Google Playstore y se record\u00f3 que los puntos de carga activos se encuentran actualizados y se pueden visualizar desde la web.<br><br>Tambi\u00e9n se encuentran disponibles los canales de atenci\u00f3n en Twitter @tarjetaSUBEok y Facebook \u00abTarjeta SUBE\u00bb para realizar consultas.<\/p>\n","protected":false},"excerpt":{"rendered":"<p>La medida que ya rige, beneficiar\u00e1 a los usuarios del transporte p\u00fablico exentos de la medida de aislamiento social preventivo y obligatorio, se inform\u00f3 a trav\u00e9s de un comunicador. El gobierno nacional, a trav\u00e9s del Ministerio de Transporte, ampli\u00f3 hoy el saldo de la tarjeta SUBE de 3 a 4 viajes m\u00ednimos, es decir, de&hellip;<\/p>\n","protected":false},"author":1,"featured_media":94688,"comment_status":"open","ping_status":"open","sticky":false,"template":"","format":"standard","meta":{"footnotes":""},"categories":[9],"tags":[32669,2450,22023,32752,8186],"class_list":["post-94687","post","type-post","status-publish","format-standard","has-post-thumbnail","hentry","category-economia","tag-cuarentena","tag-diario-el-sindical","tag-economia","tag-saldo-negativo","tag-sube"],"_links":{"self":[{"href":"https:\/\/www.elsindical.com.ar\/notas\/wp-json\/wp\/v2\/posts\/94687","targetHints":{"allow":["GET"]}}],"collection":[{"href":"https:\/\/www.elsindical.com.ar\/notas\/wp-json\/wp\/v2\/posts"}],"about":[{"href":"https:\/\/www.elsindical.com.ar\/notas\/wp-json\/wp\/v2\/types\/post"}],"author":[{"embeddable":true,"href":"https:\/\/www.elsindical.com.ar\/notas\/wp-json\/wp\/v2\/users\/1"}],"replies":[{"embeddable":true,"href":"https:\/\/www.elsindical.com.ar\/notas\/wp-json\/wp\/v2\/comments?post=94687"}],"version-history":[{"count":1,"href":"https:\/\/www.elsindical.com.ar\/notas\/wp-json\/wp\/v2\/posts\/94687\/revisions"}],"predecessor-version":[{"id":94689,"href":"https:\/\/www.elsindical.com.ar\/notas\/wp-json\/wp\/v2\/posts\/94687\/revisions\/94689"}],"wp:featuredmedia":[{"embeddable":true,"href":"https:\/\/www.elsindical.com.ar\/notas\/wp-json\/wp\/v2\/media\/94688"}],"wp:attachment":[{"href":"https:\/\/www.elsindical.com.ar\/notas\/wp-json\/wp\/v2\/media?parent=94687"}],"wp:term":[{"taxonomy":"category","embeddable":true,"href":"https:\/\/www.elsindical.com.ar\/notas\/wp-json\/wp\/v2\/categories?post=94687"},{"taxonomy":"post_tag","embeddable":true,"href":"https:\/\/www.elsindical.com.ar\/notas\/wp-json\/wp\/v2\/tags?post=94687"}],"curies":[{"name":"wp","href":"https:\/\/api.w.org\/{rel}","templated":true}]}}