{"id":94681,"date":"2020-04-05T13:36:10","date_gmt":"2020-04-05T16:36:10","guid":{"rendered":"http:\/\/www.elsindical.com.ar\/notas\/?p=94681"},"modified":"2020-04-05T13:36:10","modified_gmt":"2020-04-05T16:36:10","slug":"los-municipios-podran-aplicar-sanciones-y-clausurar-comercios","status":"publish","type":"post","link":"https:\/\/www.elsindical.com.ar\/notas\/los-municipios-podran-aplicar-sanciones-y-clausurar-comercios\/","title":{"rendered":"Los municipios podr\u00e1n aplicar sanciones y clausurar comercios"},"content":{"rendered":"\n<figure class=\"wp-block-image size-large\"><img loading=\"lazy\" decoding=\"async\" width=\"1024\" height=\"576\" src=\"http:\/\/www.elsindical.com.ar\/notas\/var\/www\/html\/notas\/wp-content\/uploads\/2020\/04\/anuncios-de-Alberto-1024x576.jpg\" alt=\"\" class=\"wp-image-94682\" srcset=\"https:\/\/www.elsindical.com.ar\/notas\/var\/www\/html\/notas\/wp-content\/uploads\/2020\/04\/anuncios-de-Alberto-1024x576.jpg 1024w, https:\/\/www.elsindical.com.ar\/notas\/var\/www\/html\/notas\/wp-content\/uploads\/2020\/04\/anuncios-de-Alberto-300x169.jpg 300w, https:\/\/www.elsindical.com.ar\/notas\/var\/www\/html\/notas\/wp-content\/uploads\/2020\/04\/anuncios-de-Alberto-768x432.jpg 768w, https:\/\/www.elsindical.com.ar\/notas\/var\/www\/html\/notas\/wp-content\/uploads\/2020\/04\/anuncios-de-Alberto-500x281.jpg 500w, https:\/\/www.elsindical.com.ar\/notas\/var\/www\/html\/notas\/wp-content\/uploads\/2020\/04\/anuncios-de-Alberto-460x260.jpg 460w, https:\/\/www.elsindical.com.ar\/notas\/var\/www\/html\/notas\/wp-content\/uploads\/2020\/04\/anuncios-de-Alberto.jpg 1200w\" sizes=\"auto, (max-width: 1024px) 100vw, 1024px\" \/><\/figure>\n\n\n\n<p>El presidente Alberto Fern\u00e1ndez adelant\u00f3 que por DNU modificar\u00e1 la ley de defensa de la competencia y declarar\u00e1 autoridad de aplicaci\u00f3n a los intendentes.<\/p>\n\n\n\n<p>El presidente Alberto Fern\u00e1ndez adelant\u00f3 este domingo que se implementar\u00e1n nuevos para tratar de frenar la suba de precios e inst\u00f3 a los bancos que a partir del lunes 13 de abril comiencen a otorgar los cr\u00e9ditos para las empresas que lo requieren para poder pagar los sueldos de los empleados en este contexto de crisis por la pandemia de coronavirus.<\/p>\n\n\n\n<p>\u201cEstoy preparando un DNU que calculo estar\u00e1 listo el lunes para cambiar la ley de defensa de la competencia y para declarar autoridad de aplicaci\u00f3n a los intendentes\u201d, anunci\u00f3 el mandatario.<\/p>\n\n\n\n<p>Seg\u00fan explic\u00f3, los aumentos de precios se dan sobre todo en negocios de cercan\u00eda por lo que es \u201cmuy dif\u00edcil llegar desde el Estado\u201d y es m\u00e1s f\u00e1cil hacerlo desde el municipio.<\/p>\n\n\n\n<p>De esta forma, los municipios podr\u00e1n controlar precios y aplicar sanciones en casos de aumentos no justificados.<\/p>\n\n\n\n<h5 class=\"wp-block-heading\">Cr\u00e9ditos<\/h5>\n\n\n\n<p>En cuanto a los cr\u00e9ditos, afirm\u00f3 que \u201cel lunes no ponga excusas y empiecen a dar los cr\u00e9ditos\u201d, y advirti\u00f3: \u201cNo podemos tener tanta paciencia, hay que arreglarlo\u201d.<\/p>\n\n\n\n<p>\u201cNo puede quebrar la empresa que tiene que pagar los sueldos, el lunes los bancos tienen que abrir lo necesario\u201d, agreg\u00f3.<\/p>\n\n\n\n<h5 class=\"wp-block-heading\">\u201cNo seamos demagogos\u201d<\/h5>\n\n\n\n<p>Fern\u00e1ndez, por \u00faltimo, pidi\u00f3 no ser \u201chip\u00f3critas\u201d ni \u201cdemagogos\u201d en referencia a los pedidos para que la clase pol\u00edtica baje sus sueldos, dijo que reivindica \u201cel servicio p\u00fablico que la pol\u00edtica presta\u201d y, en cambio, consider\u00f3 \u201cm\u00e1s razonable\u201d lograr recursos para el combate contra el coronavirus mediante un impuesto \u201ca los que m\u00e1s han ganado\u201d.<\/p>\n\n\n\n<p>\u201cHe visto que los jueces de la Corte han donado el 25% de sus sueldos, est\u00e1 muy bien. Pero quiero decir que el 25% del sueldo de un juez de la Corte es casi el sueldo del Presidente de la Rep\u00fablica\u201d, sostuvo Fern\u00e1ndez en una entrevista con el periodista Horacio Verbitsky en formato video, que se public\u00f3 en el portal \u201cEl Cohete a la luna\u201d.<\/p>\n\n\n\n<p>\u201cYo soy parte de un gobierno de funcionarios que los llam\u00e1s a las 7 de la ma\u00f1ana est\u00e1n y los llamas a la 1 de la ma\u00f1ana y est\u00e1n, y siempre tienen respuestas para todo\u201d, continu\u00f3 el mandatario.<\/p>\n\n\n\n<p>\u201cNinguno de esos funcionarios tiene empresas en el exterior, empresas offshore ni tiene empresas propias de donde sacan utilidades. Viven de su sueldo. Ninguno de ellos tiene un sueldo exorbitante ni yo tengo un sueldo exorbitante\u201d, a\u00f1adi\u00f3.<\/p>\n","protected":false},"excerpt":{"rendered":"<p>El presidente Alberto Fern\u00e1ndez adelant\u00f3 que por DNU modificar\u00e1 la ley de defensa de la competencia y declarar\u00e1 autoridad de aplicaci\u00f3n a los intendentes. El presidente Alberto Fern\u00e1ndez adelant\u00f3 este domingo que se implementar\u00e1n nuevos para tratar de frenar la suba de precios e inst\u00f3 a los bancos que a partir del lunes 13 de&hellip;<\/p>\n","protected":false},"author":1,"featured_media":94682,"comment_status":"open","ping_status":"open","sticky":false,"template":"","format":"standard","meta":{"footnotes":""},"categories":[13],"tags":[32749,2450,2187,32748,547,3056,32750],"class_list":["post-94681","post","type-post","status-publish","format-standard","has-post-thumbnail","hentry","category-politica","tag-clausuras-de-comercios","tag-diario-el-sindical","tag-dnu","tag-ley-de-defensa-de-la-competencia","tag-presidente","tag-sanciones","tag-subas-de-precios"],"_links":{"self":[{"href":"https:\/\/www.elsindical.com.ar\/notas\/wp-json\/wp\/v2\/posts\/94681","targetHints":{"allow":["GET"]}}],"collection":[{"href":"https:\/\/www.elsindical.com.ar\/notas\/wp-json\/wp\/v2\/posts"}],"about":[{"href":"https:\/\/www.elsindical.com.ar\/notas\/wp-json\/wp\/v2\/types\/post"}],"author":[{"embeddable":true,"href":"https:\/\/www.elsindical.com.ar\/notas\/wp-json\/wp\/v2\/users\/1"}],"replies":[{"embeddable":true,"href":"https:\/\/www.elsindical.com.ar\/notas\/wp-json\/wp\/v2\/comments?post=94681"}],"version-history":[{"count":1,"href":"https:\/\/www.elsindical.com.ar\/notas\/wp-json\/wp\/v2\/posts\/94681\/revisions"}],"predecessor-version":[{"id":94683,"href":"https:\/\/www.elsindical.com.ar\/notas\/wp-json\/wp\/v2\/posts\/94681\/revisions\/94683"}],"wp:featuredmedia":[{"embeddable":true,"href":"https:\/\/www.elsindical.com.ar\/notas\/wp-json\/wp\/v2\/media\/94682"}],"wp:attachment":[{"href":"https:\/\/www.elsindical.com.ar\/notas\/wp-json\/wp\/v2\/media?parent=94681"}],"wp:term":[{"taxonomy":"category","embeddable":true,"href":"https:\/\/www.elsindical.com.ar\/notas\/wp-json\/wp\/v2\/categories?post=94681"},{"taxonomy":"post_tag","embeddable":true,"href":"https:\/\/www.elsindical.com.ar\/notas\/wp-json\/wp\/v2\/tags?post=94681"}],"curies":[{"name":"wp","href":"https:\/\/api.w.org\/{rel}","templated":true}]}}