{"id":94669,"date":"2020-04-04T15:54:49","date_gmt":"2020-04-04T18:54:49","guid":{"rendered":"http:\/\/www.elsindical.com.ar\/notas\/?p=94669"},"modified":"2020-04-04T15:54:49","modified_gmt":"2020-04-04T18:54:49","slug":"el-ministerio-de-educacion-de-la-nacion-da-continuidad-al-plan-fines-2020","status":"publish","type":"post","link":"https:\/\/www.elsindical.com.ar\/notas\/el-ministerio-de-educacion-de-la-nacion-da-continuidad-al-plan-fines-2020\/","title":{"rendered":"El Ministerio de Educaci\u00f3n de la Naci\u00f3n da continuidad al Plan FinEs 2020"},"content":{"rendered":"\n<figure class=\"wp-block-image size-large\"><img loading=\"lazy\" decoding=\"async\" width=\"827\" height=\"552\" src=\"http:\/\/www.elsindical.com.ar\/notas\/var\/www\/html\/notas\/wp-content\/uploads\/2020\/04\/planfines_4-4.jpeg\" alt=\"\" class=\"wp-image-94670\" srcset=\"https:\/\/www.elsindical.com.ar\/notas\/var\/www\/html\/notas\/wp-content\/uploads\/2020\/04\/planfines_4-4.jpeg 827w, https:\/\/www.elsindical.com.ar\/notas\/var\/www\/html\/notas\/wp-content\/uploads\/2020\/04\/planfines_4-4-300x200.jpeg 300w, https:\/\/www.elsindical.com.ar\/notas\/var\/www\/html\/notas\/wp-content\/uploads\/2020\/04\/planfines_4-4-768x513.jpeg 768w, https:\/\/www.elsindical.com.ar\/notas\/var\/www\/html\/notas\/wp-content\/uploads\/2020\/04\/planfines_4-4-449x300.jpeg 449w\" sizes=\"auto, (max-width: 827px) 100vw, 827px\" \/><\/figure>\n\n\n\n<p>A trav\u00e9s de la resoluci\u00f3n N\u00b0 146\/2020 el <strong>Ministerio de Educaci\u00f3n de la Naci\u00f3n<\/strong> aprob\u00f3 los lineamientos del <strong>Plan FinEs<\/strong> destinado a j\u00f3venes y adultos que cursan el \u00faltimo a\u00f1o de la educaci\u00f3n secundaria como alumnos regulares y adeudan materias sin haber alcanzado el t\u00edtulo.<br>La convocatoria es para todas las provincias y la Ciudad Aut\u00f3noma de Buenos Aires quienes deber\u00e1n manifestar formalmente antes del 30 de abril su inter\u00e9s en la implementaci\u00f3n del <strong>Plan FinEs 2020.<\/strong><br>Este plan tiene como objetivo ofrecer a las personas mayores de dieciocho a\u00f1os la posibilidad de <strong>finalizaci\u00f3n de sus estudios primarios y\/o secundarios<\/strong>. Cada escuela que lo implemente contar\u00e1 con un sistema de tutor\u00edas presencial o virtual en funci\u00f3n de la organizaci\u00f3n de cada jurisdicci\u00f3n.<br>Al respecto, el titular de la cartera educativa nacional, <strong>Nicol\u00e1s Trotta<\/strong>, afirm\u00f3: <em>\u00abEn esta nueva etapa nos enfrentamos al desaf\u00edo de recuperar experiencias y saberes acumulados para, a partir de lo transitado, relanzar un nuevo Plan FinES con un profundo sentido federal e &nbsp;inclusivo. Es nuestro compromiso garantizar el derecho a la educaci\u00f3n y profundizar la democracia, apostando a una ciudadan\u00eda plena de derechos\u00bb.<\/em><br><strong>Trotta<\/strong> agreg\u00f3: <em>\u00abTeniendo en cuenta la excepcionalidad de la situaci\u00f3n que atraviesa el mundo, queremos transmitir tranquilidad a las y los estudiantes y a aquellos maestros y maestras que no han podido tomar sus cargos comprometi\u00e9ndonos a dar respuesta en este marco, con la colaboraci\u00f3n constante y el compromiso compartido con cada jurisdicci\u00f3n que suscriba al Plan\u00bb.<\/em><br>Los destinatarios de esta iniciativa son<strong> j\u00f3venes y adultos<\/strong> que cursan el \u00faltimo a\u00f1o de la educaci\u00f3n secundaria como alumnos regulares y adeudan materias sin haber alcanzado el t\u00edtulo. A su vez, est\u00e1 dirigido a j\u00f3venes y adultos que no iniciaron o no completaron su educaci\u00f3n primaria y\/o secundaria.<br>Las modificaciones del <strong>Plan FinES<\/strong> tienen como novedad el fortalecimiento de las dimensiones pedag\u00f3gicas, t\u00e9cnicas y de gesti\u00f3n administrativa, que incluir\u00e1 diversas l\u00edneas de trabajo como la revisi\u00f3n y ampliaci\u00f3n curricular y definici\u00f3n de criterios federales; el dise\u00f1o e implementaci\u00f3n de un sistema digital para la inscripci\u00f3n, titulaci\u00f3n y circulaci\u00f3n de documentaci\u00f3n; la ampliaci\u00f3n de las comisiones incluyendo aulas virtuales; entre otros.<br>Para la articulaci\u00f3n de este plan con el mundo del trabajo, el <strong>Instituto Nacional de Educaci\u00f3n Tecnol\u00f3gica<\/strong> (INET) -que cuenta con las capacidades y recursos necesarios- reglamentar\u00e1 la l\u00ednea <strong>FinEs Tec<\/strong> y as\u00ed garantizar\u00e1 espacios de trabajo de pr\u00e1cticas y asistencia a talleres. Esta l\u00ednea de acci\u00f3n est\u00e1 destinada a aquellos que terminaron de cursar el \u00faltimo a\u00f1o en una escuela t\u00e9cnica y les quedan pendientes materias para obtener el t\u00edtulo t\u00e9cnico de nivel secundario.<br>El <strong>Registro Nacional de Convenios y Entidades Conveniantes Plan FinEs<\/strong>, tendr\u00e1 por objeto receptar las solicitudes de inscripci\u00f3n, incorporando la documentaci\u00f3n correspondiente al Sistema de Informaci\u00f3n para la Gesti\u00f3n Federal e Integral del Plan FinEs, y la vinculaci\u00f3n de los Convenios que se suscriban a cada una de ellas. Este Sistema de Informaci\u00f3n estar\u00e1 vinculado con el Sistema de Transferencias de Recursos Educativos (SiTraREd) y permitir\u00e1 la digitalizaci\u00f3n de tr\u00e1mites y documentos, conforme a las disposiciones legales y reglamentarias en materia de intercambio y almacenamiento de informaci\u00f3n y certificaci\u00f3n de documentaci\u00f3n.<br>En el anexo de la <strong>Resoluci\u00f3n 146\/2000-ME<\/strong> se definen cuatro l\u00edneas de acci\u00f3n; la primera es para quienes deban finalizar el secundario (FinEs Trayecto Secundario); en segundo lugar, se establece FinEs Trayecto Primario; en tercer lugar se contin\u00faa con FinEs Tec y tambi\u00e9n se plantea una cuarta l\u00ednea para quienes adeuden materias (FinEs deudores de materias)<br>Cada <strong>jurisdicci\u00f3n<\/strong> establece la normativa necesaria para la implementaci\u00f3n de estas cuatro l\u00edneas de acci\u00f3n siguiendo los acuerdos establecidos en el Consejo Federal de Educaci\u00f3n referidos a la modalidad de Educaci\u00f3n Permanente de J\u00f3venes y Adultos<\/p>\n","protected":false},"excerpt":{"rendered":"<p>A trav\u00e9s de la resoluci\u00f3n N\u00b0 146\/2020 el Ministerio de Educaci\u00f3n de la Naci\u00f3n aprob\u00f3 los lineamientos del Plan FinEs destinado a j\u00f3venes y adultos que cursan el \u00faltimo a\u00f1o de la educaci\u00f3n secundaria como alumnos regulares y adeudan materias sin haber alcanzado el t\u00edtulo.La convocatoria es para todas las provincias y la Ciudad Aut\u00f3noma&hellip;<\/p>\n","protected":false},"author":1,"featured_media":94670,"comment_status":"open","ping_status":"open","sticky":false,"template":"","format":"standard","meta":{"footnotes":""},"categories":[5],"tags":[2450,10267,32008,32747],"class_list":["post-94669","post","type-post","status-publish","format-standard","has-post-thumbnail","hentry","category-cultura","tag-diario-el-sindical","tag-ministerio-de-educacion-de-la-nacion","tag-nicolas-trotta","tag-plan-fines-2020"],"_links":{"self":[{"href":"https:\/\/www.elsindical.com.ar\/notas\/wp-json\/wp\/v2\/posts\/94669","targetHints":{"allow":["GET"]}}],"collection":[{"href":"https:\/\/www.elsindical.com.ar\/notas\/wp-json\/wp\/v2\/posts"}],"about":[{"href":"https:\/\/www.elsindical.com.ar\/notas\/wp-json\/wp\/v2\/types\/post"}],"author":[{"embeddable":true,"href":"https:\/\/www.elsindical.com.ar\/notas\/wp-json\/wp\/v2\/users\/1"}],"replies":[{"embeddable":true,"href":"https:\/\/www.elsindical.com.ar\/notas\/wp-json\/wp\/v2\/comments?post=94669"}],"version-history":[{"count":1,"href":"https:\/\/www.elsindical.com.ar\/notas\/wp-json\/wp\/v2\/posts\/94669\/revisions"}],"predecessor-version":[{"id":94671,"href":"https:\/\/www.elsindical.com.ar\/notas\/wp-json\/wp\/v2\/posts\/94669\/revisions\/94671"}],"wp:featuredmedia":[{"embeddable":true,"href":"https:\/\/www.elsindical.com.ar\/notas\/wp-json\/wp\/v2\/media\/94670"}],"wp:attachment":[{"href":"https:\/\/www.elsindical.com.ar\/notas\/wp-json\/wp\/v2\/media?parent=94669"}],"wp:term":[{"taxonomy":"category","embeddable":true,"href":"https:\/\/www.elsindical.com.ar\/notas\/wp-json\/wp\/v2\/categories?post=94669"},{"taxonomy":"post_tag","embeddable":true,"href":"https:\/\/www.elsindical.com.ar\/notas\/wp-json\/wp\/v2\/tags?post=94669"}],"curies":[{"name":"wp","href":"https:\/\/api.w.org\/{rel}","templated":true}]}}