{"id":94666,"date":"2020-04-04T01:26:14","date_gmt":"2020-04-04T04:26:14","guid":{"rendered":"http:\/\/www.elsindical.com.ar\/notas\/?p=94666"},"modified":"2020-04-04T01:26:14","modified_gmt":"2020-04-04T04:26:14","slug":"lanus-confirmo-seis-nuevos-casos-de-coronavirus","status":"publish","type":"post","link":"https:\/\/www.elsindical.com.ar\/notas\/lanus-confirmo-seis-nuevos-casos-de-coronavirus\/","title":{"rendered":"Lan\u00fas confirm\u00f3 seis nuevos casos de Coronavirus"},"content":{"rendered":"\n<figure class=\"wp-block-image size-large\"><img loading=\"lazy\" decoding=\"async\" width=\"1011\" height=\"675\" src=\"http:\/\/www.elsindical.com.ar\/notas\/var\/www\/html\/notas\/wp-content\/uploads\/2020\/04\/Coronavirus-test.jpg\" alt=\"\" class=\"wp-image-94667\" srcset=\"https:\/\/www.elsindical.com.ar\/notas\/var\/www\/html\/notas\/wp-content\/uploads\/2020\/04\/Coronavirus-test.jpg 1011w, https:\/\/www.elsindical.com.ar\/notas\/var\/www\/html\/notas\/wp-content\/uploads\/2020\/04\/Coronavirus-test-300x200.jpg 300w, https:\/\/www.elsindical.com.ar\/notas\/var\/www\/html\/notas\/wp-content\/uploads\/2020\/04\/Coronavirus-test-768x513.jpg 768w, https:\/\/www.elsindical.com.ar\/notas\/var\/www\/html\/notas\/wp-content\/uploads\/2020\/04\/Coronavirus-test-449x300.jpg 449w\" sizes=\"auto, (max-width: 1011px) 100vw, 1011px\" \/><\/figure>\n\n\n\n<p>De esta forma son nueve las personas contagiadas en el distrito. Dos ya fueron dados de alta.<\/p>\n\n\n\n<p>Este viernes el Municipio de Lan\u00fas confirm\u00f3 seis nuevos casos positivos de coronavirus y suma un total de nueve infectados desde que lleg\u00f3 la pandemia al pa\u00eds. Desde el distrito tambi\u00e9n informaron que dos ya fueron dados de alta.<\/p>\n\n\n\n<p>El primer caso en el distrito fue el de una mujer que volvi\u00f3 de viaje por Europa y estuvo internada en el Hospital El Cruce y ya fue dada de alta, al igual que el tercer infectado, un hombre de 38 a\u00f1os de edad, que estuvo internado en el Hospital de Cl\u00ednicas de la ciudad de Buenos Aires. El segundo caso en el distrito fue un hombre de 71 a\u00f1os, que a\u00fan permanece en el Hospital Espa\u00f1ol.<\/p>\n\n\n\n<h5 class=\"wp-block-heading\">Nuevos casos<\/h5>\n\n\n\n<p>En cuanto a los nuevos infectados, el cuarto paciente es un hombre de 31 a\u00f1os que volvi\u00f3 de viaje de Italia y Francia durante la tercera semana de mes de marzo. Se encuentra internado en el hospital de Cl\u00ednicas de la Ciudad de Buenos Aires y evoluciona favorablemente.<\/p>\n\n\n\n<p>El quinto caso es un hombre de 56 a\u00f1os, con antecedentes de viaje a Ecuador, que actualmente se encuentra internado en el Hospital Anchorena de la Ciudad de Buenos Aires y tiene patolog\u00edas preexistentes.&nbsp;<\/p>\n\n\n\n<p>Otro vecino de 32 a\u00f1os, que volvi\u00f3 de vacaciones de Brasil durante la tercera semana de marzo, es el sexto infectado. Est\u00e1 internado en la Cl\u00ednica Trinidad de Quilmes y seg\u00fan informaron, su estado general de salud es bueno.<\/p>\n\n\n\n<p>Por su parte, una joven de 24 a\u00f1os y con diagn\u00f3stico de neumon\u00eda es la s\u00e9ptima persona en Lan\u00fas con coronavirus. Se encuentra internada en el hospital Penna de la ciudad de Buenos Aires, su estado de salud es bueno y su novio se encuentra aislado y por el momento asintom\u00e1tico.<\/p>\n\n\n\n<p>Los \u00faltimos dos casos registrados, son de una pareja de 26 a\u00f1os, que volvi\u00f3 de viaje de Estados Unidos. Tanto el hombre como la mujer se encuentran internados en el Centro Gallego de la ciudad de Buenos Aires y est\u00e1n evolucionando de manera favorable.<\/p>\n","protected":false},"excerpt":{"rendered":"<p>De esta forma son nueve las personas contagiadas en el distrito. Dos ya fueron dados de alta. Este viernes el Municipio de Lan\u00fas confirm\u00f3 seis nuevos casos positivos de coronavirus y suma un total de nueve infectados desde que lleg\u00f3 la pandemia al pa\u00eds. Desde el distrito tambi\u00e9n informaron que dos ya fueron dados de&hellip;<\/p>\n","protected":false},"author":1,"featured_media":94667,"comment_status":"open","ping_status":"open","sticky":false,"template":"","format":"standard","meta":{"footnotes":""},"categories":[23],"tags":[5274,32346,2450,209,1718,13214],"class_list":["post-94666","post","type-post","status-publish","format-standard","has-post-thumbnail","hentry","category-salud","tag-conurbano","tag-coronavirus","tag-diario-el-sindical","tag-lanus","tag-municipio","tag-zona-sur"],"_links":{"self":[{"href":"https:\/\/www.elsindical.com.ar\/notas\/wp-json\/wp\/v2\/posts\/94666","targetHints":{"allow":["GET"]}}],"collection":[{"href":"https:\/\/www.elsindical.com.ar\/notas\/wp-json\/wp\/v2\/posts"}],"about":[{"href":"https:\/\/www.elsindical.com.ar\/notas\/wp-json\/wp\/v2\/types\/post"}],"author":[{"embeddable":true,"href":"https:\/\/www.elsindical.com.ar\/notas\/wp-json\/wp\/v2\/users\/1"}],"replies":[{"embeddable":true,"href":"https:\/\/www.elsindical.com.ar\/notas\/wp-json\/wp\/v2\/comments?post=94666"}],"version-history":[{"count":1,"href":"https:\/\/www.elsindical.com.ar\/notas\/wp-json\/wp\/v2\/posts\/94666\/revisions"}],"predecessor-version":[{"id":94668,"href":"https:\/\/www.elsindical.com.ar\/notas\/wp-json\/wp\/v2\/posts\/94666\/revisions\/94668"}],"wp:featuredmedia":[{"embeddable":true,"href":"https:\/\/www.elsindical.com.ar\/notas\/wp-json\/wp\/v2\/media\/94667"}],"wp:attachment":[{"href":"https:\/\/www.elsindical.com.ar\/notas\/wp-json\/wp\/v2\/media?parent=94666"}],"wp:term":[{"taxonomy":"category","embeddable":true,"href":"https:\/\/www.elsindical.com.ar\/notas\/wp-json\/wp\/v2\/categories?post=94666"},{"taxonomy":"post_tag","embeddable":true,"href":"https:\/\/www.elsindical.com.ar\/notas\/wp-json\/wp\/v2\/tags?post=94666"}],"curies":[{"name":"wp","href":"https:\/\/api.w.org\/{rel}","templated":true}]}}