{"id":94656,"date":"2020-04-03T12:20:30","date_gmt":"2020-04-03T15:20:30","guid":{"rendered":"http:\/\/www.elsindical.com.ar\/notas\/?p=94656"},"modified":"2020-04-03T12:20:30","modified_gmt":"2020-04-03T15:20:30","slug":"el-ministerio-de-educacion-de-la-nacion-dispone-recomendaciones-para-los-colegios-privados","status":"publish","type":"post","link":"https:\/\/www.elsindical.com.ar\/notas\/el-ministerio-de-educacion-de-la-nacion-dispone-recomendaciones-para-los-colegios-privados\/","title":{"rendered":"El Ministerio de Educaci\u00f3n de la Naci\u00f3n dispone recomendaciones para los colegios privados"},"content":{"rendered":"\n<figure class=\"wp-block-image size-large\"><img loading=\"lazy\" decoding=\"async\" width=\"650\" height=\"135\" src=\"http:\/\/www.elsindical.com.ar\/notas\/var\/www\/html\/notas\/wp-content\/uploads\/2018\/03\/comunicado-de-prensa-Ministerio-de-Educaci\u00f3n.png\" alt=\"\" class=\"wp-image-76492\" srcset=\"https:\/\/www.elsindical.com.ar\/notas\/var\/www\/html\/notas\/wp-content\/uploads\/2018\/03\/comunicado-de-prensa-Ministerio-de-Educaci\u00f3n.png 650w, https:\/\/www.elsindical.com.ar\/notas\/var\/www\/html\/notas\/wp-content\/uploads\/2018\/03\/comunicado-de-prensa-Ministerio-de-Educaci\u00f3n-300x62.png 300w, https:\/\/www.elsindical.com.ar\/notas\/var\/www\/html\/notas\/wp-content\/uploads\/2018\/03\/comunicado-de-prensa-Ministerio-de-Educaci\u00f3n-500x104.png 500w\" sizes=\"auto, (max-width: 650px) 100vw, 650px\" \/><\/figure>\n\n\n\n<p>El <strong>Ministerio de Educaci\u00f3n de la Naci\u00f3n<\/strong> emiti\u00f3 un documento con recomendaciones para las instituciones educativas de gesti\u00f3n privada en el marco de la pandemia.<br>El documento tiene como objetivo garantizar el <strong>efectivo derecho a la educaci\u00f3n<\/strong> de la poblaci\u00f3n a trav\u00e9s de un acuerdo de esfuerzo compartido y el compromiso entre Naci\u00f3n, los estados provinciales, la Ciudad Aut\u00f3noma de Buenos Aires y las asociaciones que nuclean a las instituciones educativas de gesti\u00f3n privada, en momentos en que la econom\u00eda familiar y los servicios privados se ven afectados por la pandemia.<br>Trotta expres\u00f3: <em>\u00abFrente a la incertidumbre que atraviesan las familias hemos convocado a las asociaciones que nuclean a los colegios privados y hemos consensuado: congelar aranceles; no cobrar servicios directos interrumpidos; diferir el pago de un porcentaje del total del arancel para aquellas familias que no puedan afrontarlos y flexibilizar o extender las fechas de pago, entre otras recomendaciones\u00bb<\/em>. Y agreg\u00f3: <em>\u00abLas instituciones se mostraron comprometidas para atender las situaciones familiares especiales en el marco de la pandemia con la posibilidad de otorgar becas o aplicar descuentos en las cuotas\u00bb. &nbsp;<\/em><br><em>\u00abEstas recomendaciones deber\u00edan ser un horizonte que lleve tranquilidad a las familias e induzcan a la responsabilidad institucional en todas las escuelas de gesti\u00f3n privada\u00bb<\/em>, concluy\u00f3 el funcionario.<br>Coincidiendo en los principios de solidaridad, compromiso, responsabilidad y esfuerzo compartido, se alcanzaron los siguientes acuerdos:<br><strong>1. PRESERVAR LAS FUENTES DE TRABAJO<\/strong> de los docentes, no docentes, auxiliares y personal directivo de las escuelas de gesti\u00f3n privada, asegurar el pago de los salarios, garantizar el derecho a la educaci\u00f3n y adecuar las condiciones de trabajo remoto, en caso de que fuera necesario, para preservar la salud de trabajadores\/as y estudiantes.<br><strong>2. CONGELAR EL VALOR DE LOS ARANCELES<\/strong> hasta que concluyan las medidas de aislamiento social y preventivo obligatorio; y RETROTRAER LOS AUMENTOS que se hubieren producido con posterioridad a la entrada en vigor del Decreto N\u00b0 260\/2020.<br><strong>3. SUSPENDER LA FACTURACI\u00d3N O APLICAR DESCUENTOS EN LOS ACCESORIOS<\/strong> al arancel que respondan a servicios directos interrumpidos (ej. comedor) u otros servicios extraescolares.<br><strong>4. DIFERIR A SOLICITUD DE LAS FAMILIAS EL PAGO DE UN PORCENTAJE DEL TOTAL DEL ARANCEL<\/strong> facturado para meses subsiguientes en favor de quienes no puedan afrontarlo, tomando como m\u00e1xima referencia las necesidades para garantizar el pago de sueldos, cargas sociales y gastos ineludibles para el sostenimiento del Plan de Continuidad Pedag\u00f3gica.<br><strong>5. FLEXIBILIZAR, REPROGRAMAR O EXTENDER LAS FECHAS DE LOS VENCIMIENTOS DE PAGO<\/strong> de cuotas o aranceles, restringir los recargos financieros por mora en el pago (intereses), y SUPRIMIR LAS MULTAS y otras penalidades o accesorias durante un plazo no menor al del aislamiento social y preventivo obligatorio.<br><strong>6. ABSTENERSE DE APLICAR MEDIDA RESTRICTIVA ALGUNA<\/strong> al acceso a las herramientas de aprendizaje por cuestiones vinculadas al pago de los aranceles.<br><strong>7. ATENDER SITUACIONES FAMILIARES ESPECIALES<\/strong>, con la posibilidad de otorgar becas y ayudas transitorias conforme a la realidad de las familias y de cada instituci\u00f3n.<br><strong>8. ANALIZAR LA ESTRUCTURA DE COSTOS Y LOS AHORROS POSIBLES<\/strong> sosteniendo las erogaciones esenciales, a fin de disponer, cuando ello sea posible, un descuento en los aranceles; manteniendo la remisi\u00f3n de informaci\u00f3n conforme a la normativa aplicable.<br><strong>9. IMPLEMENTAR ESTAS MEDIDAS DURANTE EL AISLAMIENTO<\/strong> social preventivo y obligatorio y, una vez concluido, por un plazo id\u00e9ntico al transcurrido en tal situaci\u00f3n.<br>Por &nbsp;su parte, el &nbsp;<strong>Gobierno &nbsp;Nacional<\/strong> &nbsp;y &nbsp;los &nbsp;gobiernos &nbsp;provinciales &nbsp;y &nbsp;de la &nbsp;Ciudad &nbsp;Aut\u00f3noma de Buenos Aires ratifican que continuar\u00e1n adoptando medidas que acompa\u00f1en en la crisis al sector, tales como las de car\u00e1cter general ya dispuestas, y otras de impacto directo en el sector educativo de gesti\u00f3n privada.&nbsp;En &nbsp;tal &nbsp;sentido &nbsp;el &nbsp;Decreto &nbsp;P.E.N. N\u00b0 &nbsp;332\/2020 y &nbsp;la &nbsp;Comunicaci\u00f3n &nbsp;\u00abA\u00bb &nbsp;6948 &nbsp; del &nbsp;B.C.R.A. &nbsp; con relaci\u00f3n &nbsp;a la &nbsp;reducci\u00f3n &nbsp;del &nbsp;pago de contribuciones &nbsp;previsionales &nbsp;e impuesto &nbsp;a los &nbsp;cr\u00e9ditos &nbsp;y d\u00e9bitos; pago de <strong>FONID<\/strong> y suma extraordinaria a las y los docentes; o facilidades para acceder a cr\u00e9ditos; entre otros que pudieran implementarse conforme a la evoluci\u00f3n de la pandemia.<br>Las entidades que participaron de la iniciativa son la Junta coordinadora de Asociaciones de la Ense\u00f1anza Privada de la Rep\u00fablica Argentina (COORDIEP); &nbsp;Confederaci\u00f3n Argentina de Instituciones Educativas Privadas (CAIEP); el Consejo Superior de Educaci\u00f3n Cat\u00f3lica (CONSUDEC) y la Asociaci\u00f3n de Colegios Privados de la Provincia de Buenos Aires \/ Junta Nacional de Educaci\u00f3n Privada (AIEPBA \/ JUNEP).<\/p>\n","protected":false},"excerpt":{"rendered":"<p>El Ministerio de Educaci\u00f3n de la Naci\u00f3n emiti\u00f3 un documento con recomendaciones para las instituciones educativas de gesti\u00f3n privada en el marco de la pandemia.El documento tiene como objetivo garantizar el efectivo derecho a la educaci\u00f3n de la poblaci\u00f3n a trav\u00e9s de un acuerdo de esfuerzo compartido y el compromiso entre Naci\u00f3n, los estados provinciales,&hellip;<\/p>\n","protected":false},"author":1,"featured_media":76492,"comment_status":"open","ping_status":"open","sticky":false,"template":"","format":"standard","meta":{"footnotes":""},"categories":[5],"tags":[2457,2450,10267,32008],"class_list":["post-94656","post","type-post","status-publish","format-standard","has-post-thumbnail","hentry","category-cultura","tag-colegios-privados","tag-diario-el-sindical","tag-ministerio-de-educacion-de-la-nacion","tag-nicolas-trotta"],"_links":{"self":[{"href":"https:\/\/www.elsindical.com.ar\/notas\/wp-json\/wp\/v2\/posts\/94656","targetHints":{"allow":["GET"]}}],"collection":[{"href":"https:\/\/www.elsindical.com.ar\/notas\/wp-json\/wp\/v2\/posts"}],"about":[{"href":"https:\/\/www.elsindical.com.ar\/notas\/wp-json\/wp\/v2\/types\/post"}],"author":[{"embeddable":true,"href":"https:\/\/www.elsindical.com.ar\/notas\/wp-json\/wp\/v2\/users\/1"}],"replies":[{"embeddable":true,"href":"https:\/\/www.elsindical.com.ar\/notas\/wp-json\/wp\/v2\/comments?post=94656"}],"version-history":[{"count":1,"href":"https:\/\/www.elsindical.com.ar\/notas\/wp-json\/wp\/v2\/posts\/94656\/revisions"}],"predecessor-version":[{"id":94657,"href":"https:\/\/www.elsindical.com.ar\/notas\/wp-json\/wp\/v2\/posts\/94656\/revisions\/94657"}],"wp:featuredmedia":[{"embeddable":true,"href":"https:\/\/www.elsindical.com.ar\/notas\/wp-json\/wp\/v2\/media\/76492"}],"wp:attachment":[{"href":"https:\/\/www.elsindical.com.ar\/notas\/wp-json\/wp\/v2\/media?parent=94656"}],"wp:term":[{"taxonomy":"category","embeddable":true,"href":"https:\/\/www.elsindical.com.ar\/notas\/wp-json\/wp\/v2\/categories?post=94656"},{"taxonomy":"post_tag","embeddable":true,"href":"https:\/\/www.elsindical.com.ar\/notas\/wp-json\/wp\/v2\/tags?post=94656"}],"curies":[{"name":"wp","href":"https:\/\/api.w.org\/{rel}","templated":true}]}}