{"id":94632,"date":"2020-04-02T19:42:54","date_gmt":"2020-04-02T22:42:54","guid":{"rendered":"http:\/\/www.elsindical.com.ar\/notas\/?p=94632"},"modified":"2020-04-02T19:42:54","modified_gmt":"2020-04-02T22:42:54","slug":"detuvieron-en-panamericana-un-micro-con-62-personas-en-plena-cuarentena","status":"publish","type":"post","link":"https:\/\/www.elsindical.com.ar\/notas\/detuvieron-en-panamericana-un-micro-con-62-personas-en-plena-cuarentena\/","title":{"rendered":"Detuvieron en Panamericana un micro con 62 personas en plena cuarentena"},"content":{"rendered":"\n<figure class=\"wp-block-image size-large\"><img loading=\"lazy\" decoding=\"async\" width=\"690\" height=\"460\" src=\"http:\/\/www.elsindical.com.ar\/notas\/var\/www\/html\/notas\/wp-content\/uploads\/2020\/04\/micro-detenido-en-Panamericana.jpg\" alt=\"\" class=\"wp-image-94633\" srcset=\"https:\/\/www.elsindical.com.ar\/notas\/var\/www\/html\/notas\/wp-content\/uploads\/2020\/04\/micro-detenido-en-Panamericana.jpg 690w, https:\/\/www.elsindical.com.ar\/notas\/var\/www\/html\/notas\/wp-content\/uploads\/2020\/04\/micro-detenido-en-Panamericana-300x200.jpg 300w, https:\/\/www.elsindical.com.ar\/notas\/var\/www\/html\/notas\/wp-content\/uploads\/2020\/04\/micro-detenido-en-Panamericana-450x300.jpg 450w\" sizes=\"auto, (max-width: 690px) 100vw, 690px\" \/><\/figure>\n\n\n\n<p>Lleg\u00f3 de Jujuy y la mayor\u00eda de los pasajeros con extranjeros. Uno ten\u00eda fiebre por lo que fue trasladado a un hospital.<\/p>\n\n\n\n<p>Un micro con 62 pasajeros a bordo, en su mayor\u00eda ciudadanos peruanos, venezolanos, brasile\u00f1os y colombianos, fue detenido este jueves cuando circulaba por la avenida General Paz, en el barrio porte\u00f1o de Saavedra, a pesar de que se encuentra en vigencia el decreto de aislamiento preventivo y obligatorio por el Coronavirus.<\/p>\n\n\n\n<p>El micro, que hab\u00eda partido de la ciudad de San Salvador de Jujuy, fue detenido por personal de la Polic\u00eda de la Ciudad en el marco de un fuerte operativo de control en el cual particip\u00f3 personal del SAME y de Migraciones, como as\u00ed tambi\u00e9n autoridades judiciales, que ahora analizan si los pasajeros se dirig\u00edan a las embajadas de sus respectivos pa\u00edses para poder regresar a sus casas.<\/p>\n\n\n\n<p>El director del SAME, Alberto Crescenti, asegur\u00f3 que en el operativo se activ\u00f3 el protocolo dispuesto en el marco de la pandemia y se detect\u00f3 que uno de los pasajeros que ten\u00eda fiebre por lo que fue derivado a un hospital.<\/p>\n\n\n\n<p>A pedido de la secretaria de Seguridad porte\u00f1a, tambi\u00e9n se dirig\u00edan hacia all\u00ed agentes de la Direcci\u00f3n Nacional de Migraciones para verificar el estatus migratorio de todos los demorados.<\/p>\n\n\n\n<p>\u201cEstamos haciendo un procedimiento en un operativo en un ingreso a la Capital, un micro proveniente del norte, est\u00e1bamos haciendo la trazabilidad con fuerzas federales y lo detuvimos en la General Paz\u201d; el secretario de Justicia y Seguridad, Marcelo D\u2019Alessandro en lugar del procedimiento.<\/p>\n\n\n\n<p>El funcionario porte\u00f1o indic\u00f3 adem\u00e1s que a partir de la detenci\u00f3n del micro se inici\u00f3 una investigaci\u00f3n que est\u00e1 a cargo del juez federal porte\u00f1o Juli\u00e1n Ercolini y que habr\u00e1 que esperar los avances de ese expediente para clarificar cu\u00e1l es la situaci\u00f3n \u201csanitaria y de documentaci\u00f3n\u201d de cada pasajero.<\/p>\n\n\n\n<p>Se trata de un micro que llevaba pasajeros originarios de Per\u00fa, Venezuela, Brasil y Colombia y que sali\u00f3 ayer a la ma\u00f1ana de La Quiaca y que circulaba con una autorizaci\u00f3n para circular del Pablo Palomares, secretario de integraci\u00f3n regional de Jujuy, seg\u00fan fuentes oficiales.<\/p>\n\n\n\n<p>De acuerdo a la autorizaci\u00f3n que portaban, el micro ten\u00eda como destino las Embajadas de Per\u00fa, Bolivia, Venezuela y de Brasil, como as\u00ed tambi\u00e9n la estaci\u00f3n de micros de Retiro, porque aparentemente pretend\u00edan regresar a sus pa\u00edses de origen.<\/p>\n\n\n\n<p>Sin embargo, el mi\u00e9rcoles, las organizaciones Andhes, Caref y el CELS hab\u00edan denunciado que los pasajeros del micro hab\u00edan sido subidos al micro de forma compulsiva por el gobierno de Jujuy y presentaron un habeas corpus ante la justicia federal de esa provincia que fue rechazado en primera instancia.<\/p>\n","protected":false},"excerpt":{"rendered":"<p>Lleg\u00f3 de Jujuy y la mayor\u00eda de los pasajeros con extranjeros. Uno ten\u00eda fiebre por lo que fue trasladado a un hospital. Un micro con 62 pasajeros a bordo, en su mayor\u00eda ciudadanos peruanos, venezolanos, brasile\u00f1os y colombianos, fue detenido este jueves cuando circulaba por la avenida General Paz, en el barrio porte\u00f1o de Saavedra,&hellip;<\/p>\n","protected":false},"author":1,"featured_media":94633,"comment_status":"open","ping_status":"open","sticky":false,"template":"","format":"standard","meta":{"footnotes":""},"categories":[22],"tags":[9351,29091,4106,68,2616],"class_list":["post-94632","post","type-post","status-publish","format-standard","has-post-thumbnail","hentry","category-policiales","tag-brasilenos","tag-co","tag-micro","tag-panamericana","tag-peruanos"],"_links":{"self":[{"href":"https:\/\/www.elsindical.com.ar\/notas\/wp-json\/wp\/v2\/posts\/94632","targetHints":{"allow":["GET"]}}],"collection":[{"href":"https:\/\/www.elsindical.com.ar\/notas\/wp-json\/wp\/v2\/posts"}],"about":[{"href":"https:\/\/www.elsindical.com.ar\/notas\/wp-json\/wp\/v2\/types\/post"}],"author":[{"embeddable":true,"href":"https:\/\/www.elsindical.com.ar\/notas\/wp-json\/wp\/v2\/users\/1"}],"replies":[{"embeddable":true,"href":"https:\/\/www.elsindical.com.ar\/notas\/wp-json\/wp\/v2\/comments?post=94632"}],"version-history":[{"count":1,"href":"https:\/\/www.elsindical.com.ar\/notas\/wp-json\/wp\/v2\/posts\/94632\/revisions"}],"predecessor-version":[{"id":94634,"href":"https:\/\/www.elsindical.com.ar\/notas\/wp-json\/wp\/v2\/posts\/94632\/revisions\/94634"}],"wp:featuredmedia":[{"embeddable":true,"href":"https:\/\/www.elsindical.com.ar\/notas\/wp-json\/wp\/v2\/media\/94633"}],"wp:attachment":[{"href":"https:\/\/www.elsindical.com.ar\/notas\/wp-json\/wp\/v2\/media?parent=94632"}],"wp:term":[{"taxonomy":"category","embeddable":true,"href":"https:\/\/www.elsindical.com.ar\/notas\/wp-json\/wp\/v2\/categories?post=94632"},{"taxonomy":"post_tag","embeddable":true,"href":"https:\/\/www.elsindical.com.ar\/notas\/wp-json\/wp\/v2\/tags?post=94632"}],"curies":[{"name":"wp","href":"https:\/\/api.w.org\/{rel}","templated":true}]}}