{"id":94597,"date":"2020-04-01T10:14:38","date_gmt":"2020-04-01T13:14:38","guid":{"rendered":"http:\/\/www.elsindical.com.ar\/notas\/?p=94597"},"modified":"2020-04-01T10:14:38","modified_gmt":"2020-04-01T13:14:38","slug":"asunto-se-suman-contenidos-a-seguimos-educando","status":"publish","type":"post","link":"https:\/\/www.elsindical.com.ar\/notas\/asunto-se-suman-contenidos-a-seguimos-educando\/","title":{"rendered":"Asunto: Se suman contenidos a Seguimos Educando"},"content":{"rendered":"\n<figure class=\"wp-block-image size-large\"><img loading=\"lazy\" decoding=\"async\" width=\"650\" height=\"135\" src=\"http:\/\/www.elsindical.com.ar\/notas\/var\/www\/html\/notas\/wp-content\/uploads\/2018\/03\/comunicado-de-prensa-Ministerio-de-Educaci\u00f3n.png\" alt=\"\" class=\"wp-image-76492\" srcset=\"https:\/\/www.elsindical.com.ar\/notas\/var\/www\/html\/notas\/wp-content\/uploads\/2018\/03\/comunicado-de-prensa-Ministerio-de-Educaci\u00f3n.png 650w, https:\/\/www.elsindical.com.ar\/notas\/var\/www\/html\/notas\/wp-content\/uploads\/2018\/03\/comunicado-de-prensa-Ministerio-de-Educaci\u00f3n-300x62.png 300w, https:\/\/www.elsindical.com.ar\/notas\/var\/www\/html\/notas\/wp-content\/uploads\/2018\/03\/comunicado-de-prensa-Ministerio-de-Educaci\u00f3n-500x104.png 500w\" sizes=\"auto, (max-width: 650px) 100vw, 650px\" \/><\/figure>\n\n\n\n<figure class=\"wp-block-table\"><table><tbody><tr><td>El programa \u00abSeguimos Educando\u00bb, desarrollado por el Ministerio de Educaci\u00f3n de la Naci\u00f3n y la Secretar\u00eda de Medios y Comunicaci\u00f3n P\u00fablica, emitir\u00e1 a partir del mi\u00e9rcoles 1\u00b0 de abril, 14 horas diarias de contenidos televisivos y 7 horas diarias de \u00a0 radio para todos los niveles educativos, producidos especialmente.<br>El programa tambi\u00e9n contar\u00e1 con 9 cuadernos de distribuci\u00f3n gratuita que ser\u00e1n entregados a aquellos estudiantes que no accedan a la tecnolog\u00eda o no posean conectividad. Los mismos ofrecer\u00e1n recursos divididos por niveles con el fin de mantener el contacto con la escuela, los conocimientos y el aprendizaje.<br>El material elaborado consta de dos cuadernos para nivel inicial, cuatro para nivel primario, dos para secundario y uno para toda a familia.<br>En este sentido el ministro de Educaci\u00f3n de la Naci\u00f3n, Nicol\u00e1s Trotta, remarc\u00f3: \u00abHoy estamos poniendo en marcha la segunda etapa de Seguimos Educando, con un portal renovado, con m\u00e1s contenido audiovisual y con 9 cuadernillos que llegar\u00e1n a quienes no tienen acceso a internet. Creemos que es fundamental en esta etapa llegar a todos los estudiantes del pa\u00eds.\u00bb Asimismo explic\u00f3: \u00abSabemos que el rol de las maestras, maestros y profesores es irreemplazable pero hoy necesitamos generar un acompa\u00f1amiento que no profundice las desigualdades y que mantenga los v\u00ednculos entre docentes y estudiantes\u00bb. \u00a0<br>Se pone en marcha as\u00ed la segunda etapa del programa, para que durante la suspensi\u00f3n de clases presenciales no se interrumpa el proceso de aprendizaje, continuando con la ense\u00f1anza virtual y la difusi\u00f3n de materiales y contenidos.<br>Cada segmento contar\u00e1 con la presencia de un docente y un conductor (periodista, artista, cient\u00edfico), adem\u00e1s de la difusi\u00f3n de materiales did\u00e1cticos, tanto en audio (radio) como en video (televisi\u00f3n).\u00a0Programaci\u00f3n de televisi\u00f3n\u00a0En la Televisi\u00f3n P\u00fablica se podr\u00e1 ver:<br>&#8211; Nivel Inicial &#8211; Lunes a viernes de 9 a 11 horas- Primer Grado &#8211; Lunes a viernes de 14 a 16 horas- <br>Segundo y Tercer Grado &#8211; Lunes a viernes de 16 a 18 horas\u00a0Paka Paka:\u00a0&#8211; Cuarto y Quinto Grado &#8211; Lunes a viernes de 10 a 12 horas- Segundo y Tercer Grado &#8211; Lunes a viernes de 8 a 10 * horas- <br>Nivel Inicial &#8211; Lunes a viernes de 14 a 16 * horas- <br>Primer Grado &#8211; Lunes a viernes de 16 a 18 * horas\u00a0* Repeticiones del d\u00eda anterior\u00a0Canal Encuentro:\u00a0&#8211; <br>Sexto y S\u00e9ptimo Grado &#8211; Lunes a viernes de 9 a 11 horas- <br>Secundaria B\u00e1sica &#8211; Lunes a viernes de 11 a 13 horas- <br>Secundaria Orientada &#8211; Lunes a viernes de 14 a 16 horas\u00a0<br>Entre los conductores de televisi\u00f3n se encuentran \u00c1ngela Lerena, Los Cazurros, Sol Canesa, Dario Sztanjraiber, Diego Iglesias, Carolina Molini, Emiliano Larrea, Magal\u00ed S\u00e1nchez, Mauricio Vila y Agustina Balbi.\u00a0Las emisiones se estrenar\u00e1n en los canales p\u00fablicos del Estado Nacional y luego \u00a0ser\u00e1n emitidos por canales privados, provinciales, universitarios, cooperativos y comunitarios que se comprometieron para contribuir con el mayor alcance territorial posible a esta iniciativa.\u00a0Programaci\u00f3n de radio\u00a0Radio Nacional y sus 49 filiales en todo el pa\u00eds emitir\u00e1n las siete horas diarias de la programaci\u00f3n educativa, en tres bloques: por la ma\u00f1ana de 8 a 11 horas, por la tarde de 15 a 18 horas y por la noche de 21 a 22 horas. Cada uno de los siete niveles educativos contar\u00e1 con una hora de programaci\u00f3n.\u00a0Entre los conductores que tendr\u00e1n a cargo los programas de radio est\u00e1n Gonzalo Bonadeo, Agustina D\u00edaz, Monchi Balestra, Luciana Geuna, Cecilio Flemati, Florencia Halfon y Gisela Busaniche. \u00a0Radio Nacional Buenos Aires ser\u00e1 el centro de distribuci\u00f3n de los programas para todas las emisoras privadas, provinciales, universitarias, cooperativas y comunitarias del pa\u00eds.\u00a0Adem\u00e1s, la agencia de noticias T\u00e9lam, a trav\u00e9s de su servicio de radio, tambi\u00e9n emitir\u00e1 los programas para sus abonados en todo el territorio nacional. <a rel=\"noreferrer noopener\" href=\"https:\/\/lt.mydplr.com\/2ffc2f005a1ebe516bbc1743256dcb10-da832153f60ab03a160827154db03bae\" target=\"_blank\"><\/a> <a rel=\"noreferrer noopener\" href=\"https:\/\/lt.mydplr.com\/c7ae2e787f0cd50a386b495eaa7d2813-da832153f60ab03a160827154db03bae\" target=\"_blank\"><\/a> <a rel=\"noreferrer noopener\" href=\"https:\/\/lt.mydplr.com\/f7a1d98c86f442cca43517700102f347-da832153f60ab03a160827154db03bae\" target=\"_blank\"><\/a><\/td><\/tr><tr><td><\/td><\/tr><\/tbody><\/table><\/figure>\n","protected":false},"excerpt":{"rendered":"<p>El programa \u00abSeguimos Educando\u00bb, desarrollado por el Ministerio de Educaci\u00f3n de la Naci\u00f3n y la Secretar\u00eda de Medios y Comunicaci\u00f3n P\u00fablica, emitir\u00e1 a partir del mi\u00e9rcoles 1\u00b0 de abril, 14 horas diarias de contenidos televisivos y 7 horas diarias de \u00a0 radio para todos los niveles educativos, producidos especialmente.El programa tambi\u00e9n contar\u00e1 con 9 cuadernos&hellip;<\/p>\n","protected":false},"author":1,"featured_media":76492,"comment_status":"open","ping_status":"open","sticky":false,"template":"","format":"standard","meta":{"footnotes":""},"categories":[5],"tags":[430,2450,10267,32008,32723],"class_list":["post-94597","post","type-post","status-publish","format-standard","has-post-thumbnail","hentry","category-cultura","tag-comunicado-de-prensa","tag-diario-el-sindical","tag-ministerio-de-educacion-de-la-nacion","tag-nicolas-trotta","tag-seguimos-educando"],"_links":{"self":[{"href":"https:\/\/www.elsindical.com.ar\/notas\/wp-json\/wp\/v2\/posts\/94597","targetHints":{"allow":["GET"]}}],"collection":[{"href":"https:\/\/www.elsindical.com.ar\/notas\/wp-json\/wp\/v2\/posts"}],"about":[{"href":"https:\/\/www.elsindical.com.ar\/notas\/wp-json\/wp\/v2\/types\/post"}],"author":[{"embeddable":true,"href":"https:\/\/www.elsindical.com.ar\/notas\/wp-json\/wp\/v2\/users\/1"}],"replies":[{"embeddable":true,"href":"https:\/\/www.elsindical.com.ar\/notas\/wp-json\/wp\/v2\/comments?post=94597"}],"version-history":[{"count":1,"href":"https:\/\/www.elsindical.com.ar\/notas\/wp-json\/wp\/v2\/posts\/94597\/revisions"}],"predecessor-version":[{"id":94598,"href":"https:\/\/www.elsindical.com.ar\/notas\/wp-json\/wp\/v2\/posts\/94597\/revisions\/94598"}],"wp:featuredmedia":[{"embeddable":true,"href":"https:\/\/www.elsindical.com.ar\/notas\/wp-json\/wp\/v2\/media\/76492"}],"wp:attachment":[{"href":"https:\/\/www.elsindical.com.ar\/notas\/wp-json\/wp\/v2\/media?parent=94597"}],"wp:term":[{"taxonomy":"category","embeddable":true,"href":"https:\/\/www.elsindical.com.ar\/notas\/wp-json\/wp\/v2\/categories?post=94597"},{"taxonomy":"post_tag","embeddable":true,"href":"https:\/\/www.elsindical.com.ar\/notas\/wp-json\/wp\/v2\/tags?post=94597"}],"curies":[{"name":"wp","href":"https:\/\/api.w.org\/{rel}","templated":true}]}}