{"id":94594,"date":"2020-04-01T10:05:26","date_gmt":"2020-04-01T13:05:26","guid":{"rendered":"http:\/\/www.elsindical.com.ar\/notas\/?p=94594"},"modified":"2020-04-01T10:05:26","modified_gmt":"2020-04-01T13:05:26","slug":"coronavirus-ops-advierte-que-en-america-el-pico-de-casos-tardara-uno-o-dos-meses-mas","status":"publish","type":"post","link":"https:\/\/www.elsindical.com.ar\/notas\/coronavirus-ops-advierte-que-en-america-el-pico-de-casos-tardara-uno-o-dos-meses-mas\/","title":{"rendered":"Coronavirus: OPS advierte que en Am\u00e9rica el pico de casos tardar\u00e1 \u00abuno o dos meses\u00bb m\u00e1s"},"content":{"rendered":"\n<p>La Organizaci\u00f3n Panamericana de la Salud llam\u00f3 a los pa\u00edses a mitigar el impacto de la pandemia y advirti\u00f3 que habr\u00eda que extender las medidas de distanciamiento social.<\/p>\n\n\n\n<figure class=\"wp-block-image size-large\"><img loading=\"lazy\" decoding=\"async\" width=\"1004\" height=\"565\" src=\"http:\/\/www.elsindical.com.ar\/notas\/var\/www\/html\/notas\/wp-content\/uploads\/2020\/04\/Coronavirus-poblaci\u00f3n.jpg\" alt=\"\" class=\"wp-image-94595\" srcset=\"https:\/\/www.elsindical.com.ar\/notas\/var\/www\/html\/notas\/wp-content\/uploads\/2020\/04\/Coronavirus-poblaci\u00f3n.jpg 1004w, https:\/\/www.elsindical.com.ar\/notas\/var\/www\/html\/notas\/wp-content\/uploads\/2020\/04\/Coronavirus-poblaci\u00f3n-300x169.jpg 300w, https:\/\/www.elsindical.com.ar\/notas\/var\/www\/html\/notas\/wp-content\/uploads\/2020\/04\/Coronavirus-poblaci\u00f3n-768x432.jpg 768w, https:\/\/www.elsindical.com.ar\/notas\/var\/www\/html\/notas\/wp-content\/uploads\/2020\/04\/Coronavirus-poblaci\u00f3n-500x281.jpg 500w, https:\/\/www.elsindical.com.ar\/notas\/var\/www\/html\/notas\/wp-content\/uploads\/2020\/04\/Coronavirus-poblaci\u00f3n-460x260.jpg 460w\" sizes=\"auto, (max-width: 1004px) 100vw, 1004px\" \/><\/figure>\n\n\n\n<p>La situaci\u00f3n por el <strong>coronavirus<\/strong> va a<strong> \u00abescalar y empeorar\u00bb en Am\u00e9rica<\/strong> hasta llegar al m\u00e1ximo de contagios probablemente en \u00ab<strong>uno o dos meses\u00bb<\/strong>, pero el continente a\u00fan tiene oportunidad de mitigar el impacto de esta<strong> \u00abgrave\u00bb pandemia<\/strong>, advirti\u00f3 la <strong>Organizaci\u00f3n Panamericana de la Salud (OPS).<\/strong><\/p>\n\n\n\n<p>\u00abEn las \u00faltimas semanas<strong> la pandemia en Am\u00e9rica se ha intensificado<\/strong> y tiende a escalar y empeorar, antes que mejorar, as\u00ed como ha sucedido en otras regiones del mundo\u00bb, afirm\u00f3 la <strong>directora de la OPS, Carissa F. Etienne<\/strong>, en una sesi\u00f3n informativa virtual sobre la evoluci\u00f3n de la COVID-19 en la regi\u00f3n.<\/p>\n\n\n\n<p><strong>Ciro Ugarte, director del Departamento de Emergencias en Salud de la OPS<\/strong>, indic\u00f3 que, pese a que algunos Gobiernos han fijado para <strong>mediados de abril como fecha para suspender o flexibilizar el distanciamiento social<\/strong>, es necesario hacer una evaluaci\u00f3n de riesgo en cada pa\u00eds y tener en cuenta c\u00f3mo se est\u00e1 comportando la enfermedad en otras regiones.<\/p>\n\n\n\n<p>\u00abEn pa\u00edses como <strong>Estados Unidos<\/strong> y otros en<strong> Latinoam\u00e9rica est\u00e1n extendiendo ese periodo<\/strong> y creo que es una medida que tienen que contemplar para reducir la transmisi\u00f3n\u00bb, resalt\u00f3.\u00a0<\/p>\n","protected":false},"excerpt":{"rendered":"<p>La Organizaci\u00f3n Panamericana de la Salud llam\u00f3 a los pa\u00edses a mitigar el impacto de la pandemia y advirti\u00f3 que habr\u00eda que extender las medidas de distanciamiento social. La situaci\u00f3n por el coronavirus va a \u00abescalar y empeorar\u00bb en Am\u00e9rica hasta llegar al m\u00e1ximo de contagios probablemente en \u00abuno o dos meses\u00bb, pero el continente&hellip;<\/p>\n","protected":false},"author":1,"featured_media":94595,"comment_status":"open","ping_status":"open","sticky":false,"template":"","format":"standard","meta":{"footnotes":""},"categories":[23],"tags":[1804,32346,2450,141,134,18572],"class_list":["post-94594","post","type-post","status-publish","format-standard","has-post-thumbnail","hentry","category-salud","tag-america","tag-coronavirus","tag-diario-el-sindical","tag-eeuu","tag-muertes","tag-ops"],"_links":{"self":[{"href":"https:\/\/www.elsindical.com.ar\/notas\/wp-json\/wp\/v2\/posts\/94594","targetHints":{"allow":["GET"]}}],"collection":[{"href":"https:\/\/www.elsindical.com.ar\/notas\/wp-json\/wp\/v2\/posts"}],"about":[{"href":"https:\/\/www.elsindical.com.ar\/notas\/wp-json\/wp\/v2\/types\/post"}],"author":[{"embeddable":true,"href":"https:\/\/www.elsindical.com.ar\/notas\/wp-json\/wp\/v2\/users\/1"}],"replies":[{"embeddable":true,"href":"https:\/\/www.elsindical.com.ar\/notas\/wp-json\/wp\/v2\/comments?post=94594"}],"version-history":[{"count":1,"href":"https:\/\/www.elsindical.com.ar\/notas\/wp-json\/wp\/v2\/posts\/94594\/revisions"}],"predecessor-version":[{"id":94596,"href":"https:\/\/www.elsindical.com.ar\/notas\/wp-json\/wp\/v2\/posts\/94594\/revisions\/94596"}],"wp:featuredmedia":[{"embeddable":true,"href":"https:\/\/www.elsindical.com.ar\/notas\/wp-json\/wp\/v2\/media\/94595"}],"wp:attachment":[{"href":"https:\/\/www.elsindical.com.ar\/notas\/wp-json\/wp\/v2\/media?parent=94594"}],"wp:term":[{"taxonomy":"category","embeddable":true,"href":"https:\/\/www.elsindical.com.ar\/notas\/wp-json\/wp\/v2\/categories?post=94594"},{"taxonomy":"post_tag","embeddable":true,"href":"https:\/\/www.elsindical.com.ar\/notas\/wp-json\/wp\/v2\/tags?post=94594"}],"curies":[{"name":"wp","href":"https:\/\/api.w.org\/{rel}","templated":true}]}}