{"id":94592,"date":"2020-04-01T10:00:56","date_gmt":"2020-04-01T13:00:56","guid":{"rendered":"http:\/\/www.elsindical.com.ar\/notas\/?p=94592"},"modified":"2020-04-01T10:00:56","modified_gmt":"2020-04-01T13:00:56","slug":"coronavirus-en-argentina-medico-de-hospital-garrahan-dio-positivo-15-profesionales-aislados","status":"publish","type":"post","link":"https:\/\/www.elsindical.com.ar\/notas\/coronavirus-en-argentina-medico-de-hospital-garrahan-dio-positivo-15-profesionales-aislados\/","title":{"rendered":"Coronavirus en Argentina: m\u00e9dico de Hospital Garrahan dio positivo, 15 profesionales aislados"},"content":{"rendered":"\n<p>Desde la instituci\u00f3n afirmaron que el profesional de la salud se encuentra estable y que, por su \u00e1rea de trabajo, no tienen contacto directo con pacientes.<\/p>\n\n\n\n<figure class=\"wp-block-image size-large is-resized\"><img loading=\"lazy\" decoding=\"async\" src=\"http:\/\/www.elsindical.com.ar\/notas\/var\/www\/html\/notas\/wp-content\/uploads\/2012\/06\/hospital-pedi\u00e1trico-Garrahan.jpg\" alt=\"\" class=\"wp-image-24246\" width=\"588\" height=\"442\" srcset=\"https:\/\/www.elsindical.com.ar\/notas\/var\/www\/html\/notas\/wp-content\/uploads\/2012\/06\/hospital-pedi\u00e1trico-Garrahan.jpg 531w, https:\/\/www.elsindical.com.ar\/notas\/var\/www\/html\/notas\/wp-content\/uploads\/2012\/06\/hospital-pedi\u00e1trico-Garrahan-300x225.jpg 300w\" sizes=\"auto, (max-width: 588px) 100vw, 588px\" \/><\/figure>\n\n\n\n<p>Las autoridades del <strong>Hospital Garrahan<\/strong> confirmaron que un <strong>m\u00e9dico<\/strong> de la instituci\u00f3n<strong> dio positivo de coronavirus<\/strong>.&nbsp;Es un <strong>hombre de 42 a\u00f1os<\/strong> que, seg\u00fan informaron desde la instituci\u00f3n, se encuentra <strong>estable y no necesit\u00f3 asistencia respiratoria mec\u00e1nica<\/strong>.<\/p>\n\n\n\n<p>El profesional trabaja en el \u00e1rea de <strong>Diagn\u00f3stico por Im\u00e1genes<\/strong>, haciendo resonancias magn\u00e9ticas, por lo que tiene contacto con pocos integrantes del equipo de salud y no atiende pacientes en forma directa. <strong>Comenz\u00f3 a presentar s\u00edntomas el 21 de marzo<\/strong>, fue internado en el <strong>Hospital Finochietto<\/strong>, se le realiz\u00f3 el test y reci\u00e9n este martes se enter\u00f3 del resultado.<\/p>\n\n\n\n<p>A trav\u00e9s de un comunicado, desde el Garrahan detallaron: \u201c<strong>Todas las personas que tuvieron contacto con \u00e9l fueron aisladas<\/strong> y se encuentran cumpliendo la <strong>cuarentena<\/strong> correspondiente. La Direcci\u00f3n M\u00e9dica Ejecutiva indic\u00f3 que al conocerse la situaci\u00f3n, tanto el \u00e1rea de <strong>Medicina Laboral<\/strong> como el <strong>servicio de Epidemiolog\u00eda e Infectolog\u00eda<\/strong>, trabajaron r\u00e1pidamente en la identificaci\u00f3n del nexo entre el caso sospechoso y los contactos para prevenir la propagaci\u00f3n del virus en el personal\u201d.<\/p>\n\n\n\n<p>La <strong>directora m\u00e9dica de la instituci\u00f3n, Patricia Garc\u00eda <\/strong><strong>Arrigoni<\/strong>, explic\u00f3 que al enterarse de la internaci\u00f3n del m\u00e9dico con sospecha de covid-19, se tom\u00f3 contacto con todo el personal que hab\u00eda tenido contacto con \u00e9l para alertarlos, se les consult\u00f3 si ten\u00edan s\u00edntomas o estaban asintom\u00e1ticos y se les indic\u00f3 que deben cumplir <strong>14 d\u00edas de cuarentena obligatoria.<\/strong><\/p>\n\n\n\n<p><strong>La medida abarca a un grupo de alrededor de 15 personas del servicio.<\/strong> Hay algunos que estuvieron en contacto con el m\u00e9dico el 18 de marzo, esos est\u00e1n cerca de cumplir con el aislamiento; mientras que otros estuvieron con el profesional el 21 de marzo, y su cuarentena terminar\u00e1 el 4 de abril.<\/p>\n\n\n\n<p>De cara a la pandemia de coronavirus, el <strong>Garrahan est\u00e1 llevando adelante campa\u00f1as de comunicaci\u00f3n, capacitaci\u00f3n, protocolos para la r\u00e1pida detecci\u00f3n de los casos<\/strong>, entre otras medidas, en el marco del Plan de Respuesta ante la pandemia. Asimismo, las autoridades crearon un Comit\u00e9 de Crisis que se re\u00fane todos los d\u00edas.<\/p>\n\n\n\n<p>Seg\u00fan el \u00faltimo informe del <strong>Ministerio de Salud<\/strong>, este martes se detectaron 88 nuevos casos de coronavirus en la Argentina, por lo que el n\u00famero total de infectados asciende a 1054. El n\u00famero de contagiados se compone de <strong>787 infectados activos, 240 pacientes recuperados y 27 muertos.<\/strong><\/p>\n","protected":false},"excerpt":{"rendered":"<p>Desde la instituci\u00f3n afirmaron que el profesional de la salud se encuentra estable y que, por su \u00e1rea de trabajo, no tienen contacto directo con pacientes. Las autoridades del Hospital Garrahan confirmaron que un m\u00e9dico de la instituci\u00f3n dio positivo de coronavirus.&nbsp;Es un hombre de 42 a\u00f1os que, seg\u00fan informaron desde la instituci\u00f3n, se encuentra&hellip;<\/p>\n","protected":false},"author":1,"featured_media":24246,"comment_status":"open","ping_status":"open","sticky":false,"template":"","format":"standard","meta":{"footnotes":""},"categories":[23],"tags":[32346,2450,6428,32722],"class_list":["post-94592","post","type-post","status-publish","format-standard","has-post-thumbnail","hentry","category-salud","tag-coronavirus","tag-diario-el-sindical","tag-hospital-garrahan","tag-medicos-aislados"],"_links":{"self":[{"href":"https:\/\/www.elsindical.com.ar\/notas\/wp-json\/wp\/v2\/posts\/94592","targetHints":{"allow":["GET"]}}],"collection":[{"href":"https:\/\/www.elsindical.com.ar\/notas\/wp-json\/wp\/v2\/posts"}],"about":[{"href":"https:\/\/www.elsindical.com.ar\/notas\/wp-json\/wp\/v2\/types\/post"}],"author":[{"embeddable":true,"href":"https:\/\/www.elsindical.com.ar\/notas\/wp-json\/wp\/v2\/users\/1"}],"replies":[{"embeddable":true,"href":"https:\/\/www.elsindical.com.ar\/notas\/wp-json\/wp\/v2\/comments?post=94592"}],"version-history":[{"count":1,"href":"https:\/\/www.elsindical.com.ar\/notas\/wp-json\/wp\/v2\/posts\/94592\/revisions"}],"predecessor-version":[{"id":94593,"href":"https:\/\/www.elsindical.com.ar\/notas\/wp-json\/wp\/v2\/posts\/94592\/revisions\/94593"}],"wp:featuredmedia":[{"embeddable":true,"href":"https:\/\/www.elsindical.com.ar\/notas\/wp-json\/wp\/v2\/media\/24246"}],"wp:attachment":[{"href":"https:\/\/www.elsindical.com.ar\/notas\/wp-json\/wp\/v2\/media?parent=94592"}],"wp:term":[{"taxonomy":"category","embeddable":true,"href":"https:\/\/www.elsindical.com.ar\/notas\/wp-json\/wp\/v2\/categories?post=94592"},{"taxonomy":"post_tag","embeddable":true,"href":"https:\/\/www.elsindical.com.ar\/notas\/wp-json\/wp\/v2\/tags?post=94592"}],"curies":[{"name":"wp","href":"https:\/\/api.w.org\/{rel}","templated":true}]}}