{"id":94573,"date":"2020-03-31T15:19:04","date_gmt":"2020-03-31T18:19:04","guid":{"rendered":"http:\/\/www.elsindical.com.ar\/notas\/?p=94573"},"modified":"2020-03-31T15:19:04","modified_gmt":"2020-03-31T18:19:04","slug":"afirman-que-la-cuarentena-por-coronavirus-en-el-mundo-podria-durar-mas-de-un-ano","status":"publish","type":"post","link":"https:\/\/www.elsindical.com.ar\/notas\/afirman-que-la-cuarentena-por-coronavirus-en-el-mundo-podria-durar-mas-de-un-ano\/","title":{"rendered":"Afirman que la cuarentena por Coronavirus en el mundo podr\u00eda durar \u00abm\u00e1s de un a\u00f1o\u00bb"},"content":{"rendered":"\n<figure class=\"wp-block-image size-large\"><img loading=\"lazy\" decoding=\"async\" width=\"1024\" height=\"683\" src=\"http:\/\/www.elsindical.com.ar\/notas\/var\/www\/html\/notas\/wp-content\/uploads\/2020\/03\/cuarentena-mundial-1024x683.jpg\" alt=\"\" class=\"wp-image-94574\" srcset=\"https:\/\/www.elsindical.com.ar\/notas\/var\/www\/html\/notas\/wp-content\/uploads\/2020\/03\/cuarentena-mundial-1024x683.jpg 1024w, https:\/\/www.elsindical.com.ar\/notas\/var\/www\/html\/notas\/wp-content\/uploads\/2020\/03\/cuarentena-mundial-300x200.jpg 300w, https:\/\/www.elsindical.com.ar\/notas\/var\/www\/html\/notas\/wp-content\/uploads\/2020\/03\/cuarentena-mundial-768x512.jpg 768w, https:\/\/www.elsindical.com.ar\/notas\/var\/www\/html\/notas\/wp-content\/uploads\/2020\/03\/cuarentena-mundial-450x300.jpg 450w, https:\/\/www.elsindical.com.ar\/notas\/var\/www\/html\/notas\/wp-content\/uploads\/2020\/03\/cuarentena-mundial.jpg 1170w\" sizes=\"auto, (max-width: 1024px) 100vw, 1024px\" \/><\/figure>\n\n\n\n<p> Lo asegur\u00f3 Zajar  Leikin, director m\u00e9dico de la compa\u00f1\u00eda farmac\u00e9utica NovaMedika. \u00abEl  objetivo es evitar que todos se enfermen al mismo tiempo\u00bb, afirm\u00f3. <\/p>\n\n\n\n<p>La <strong>cuarentena<\/strong> impuesta por numerosos pa\u00edses para frenar la propagaci\u00f3n del <strong>coronavirus \u201cpodr\u00eda durar un a\u00f1o o incluso m\u00e1s<\/strong>\u201d, vaticin\u00f3 <strong>Zajar Leikin<\/strong>, director m\u00e9dico de la compa\u00f1\u00eda farmac\u00e9utica NovaMedika.<\/p>\n\n\n\n<p>El experto <strong>subray\u00f3 la importancia de cumplir el r\u00e9gimen de aislamiento<\/strong> hasta que se desarrolle una <strong>vacuna<\/strong> contra el covid-19, proceso que <strong>podr\u00eda durar \u00abentre 12 y 18 meses\u00bb.<\/strong>&nbsp;&nbsp;<\/p>\n\n\n\n<p>En este sentido, record\u00f3 que los mecanismos de restricci\u00f3n buscan  impedir que un auge dr\u00e1stico de la enfermedad \u00abinunde\u00bb los hospitales.  El objetivo es evitar \u00abque todos se enfermen al mismo tiempo\u00bb, detalla  el m\u00e9dico, si bien considera que <strong>\u00abcasi todos\u00bb se contagiar\u00e1n \u00abtarde o temprano\u00bb.<\/strong><\/p>\n\n\n\n<p>Leikin se\u00f1ala, adem\u00e1s, que, si bien el aislamiento solo de los grupos\n de riesgo ayudar\u00eda a reducir la carga en el sistema sanitario, la \ncuarentena general es m\u00e1s eficaz desde el punto de vista de \u00abla \nreducci\u00f3n de la carga sobre la poblaci\u00f3n\u00bb, pues <strong>los j\u00f3venes<\/strong> \u00ab<strong>tambi\u00e9n se enferman\u00bb.<\/strong><\/p>\n\n\n\n<p>Hasta que existan tratamientos aprobados que ayuden a no contagiar el virus o a \u00abdeshacerse de \u00e9l r\u00e1pidamente\u00bb, <strong>el experto recomienda a las personas \u00abcentrarse en la prevenci\u00f3n\u00bb y no en el tratamiento<\/strong>:\n lavarse las manos, no contactar con otros, mantener una distancia de \ndos metros, no visitar lugares muy concurridos, as\u00ed como consultar a un \nm\u00e9dico ante los primeros signos de una infecci\u00f3n respiratoria.<\/p>\n","protected":false},"excerpt":{"rendered":"<p>Lo asegur\u00f3 Zajar Leikin, director m\u00e9dico de la compa\u00f1\u00eda farmac\u00e9utica NovaMedika. \u00abEl objetivo es evitar que todos se enfermen al mismo tiempo\u00bb, afirm\u00f3. La cuarentena impuesta por numerosos pa\u00edses para frenar la propagaci\u00f3n del coronavirus \u201cpodr\u00eda durar un a\u00f1o o incluso m\u00e1s\u201d, vaticin\u00f3 Zajar Leikin, director m\u00e9dico de la compa\u00f1\u00eda farmac\u00e9utica NovaMedika. El experto subray\u00f3&hellip;<\/p>\n","protected":false},"author":1,"featured_media":94574,"comment_status":"open","ping_status":"open","sticky":false,"template":"","format":"standard","meta":{"footnotes":""},"categories":[23],"tags":[32346,32669,2450,266],"class_list":["post-94573","post","type-post","status-publish","format-standard","has-post-thumbnail","hentry","category-salud","tag-coronavirus","tag-cuarentena","tag-diario-el-sindical","tag-mundo"],"_links":{"self":[{"href":"https:\/\/www.elsindical.com.ar\/notas\/wp-json\/wp\/v2\/posts\/94573","targetHints":{"allow":["GET"]}}],"collection":[{"href":"https:\/\/www.elsindical.com.ar\/notas\/wp-json\/wp\/v2\/posts"}],"about":[{"href":"https:\/\/www.elsindical.com.ar\/notas\/wp-json\/wp\/v2\/types\/post"}],"author":[{"embeddable":true,"href":"https:\/\/www.elsindical.com.ar\/notas\/wp-json\/wp\/v2\/users\/1"}],"replies":[{"embeddable":true,"href":"https:\/\/www.elsindical.com.ar\/notas\/wp-json\/wp\/v2\/comments?post=94573"}],"version-history":[{"count":1,"href":"https:\/\/www.elsindical.com.ar\/notas\/wp-json\/wp\/v2\/posts\/94573\/revisions"}],"predecessor-version":[{"id":94575,"href":"https:\/\/www.elsindical.com.ar\/notas\/wp-json\/wp\/v2\/posts\/94573\/revisions\/94575"}],"wp:featuredmedia":[{"embeddable":true,"href":"https:\/\/www.elsindical.com.ar\/notas\/wp-json\/wp\/v2\/media\/94574"}],"wp:attachment":[{"href":"https:\/\/www.elsindical.com.ar\/notas\/wp-json\/wp\/v2\/media?parent=94573"}],"wp:term":[{"taxonomy":"category","embeddable":true,"href":"https:\/\/www.elsindical.com.ar\/notas\/wp-json\/wp\/v2\/categories?post=94573"},{"taxonomy":"post_tag","embeddable":true,"href":"https:\/\/www.elsindical.com.ar\/notas\/wp-json\/wp\/v2\/tags?post=94573"}],"curies":[{"name":"wp","href":"https:\/\/api.w.org\/{rel}","templated":true}]}}