{"id":94546,"date":"2020-03-30T08:54:33","date_gmt":"2020-03-30T11:54:33","guid":{"rendered":"http:\/\/www.elsindical.com.ar\/notas\/?p=94546"},"modified":"2020-03-30T08:54:33","modified_gmt":"2020-03-30T11:54:33","slug":"trabajadores-del-hospital-italiano-denuncian-mas-personal-infectado-de-covid19-por-negligencia","status":"publish","type":"post","link":"https:\/\/www.elsindical.com.ar\/notas\/trabajadores-del-hospital-italiano-denuncian-mas-personal-infectado-de-covid19-por-negligencia\/","title":{"rendered":"Trabajadores del Hospital Italiano denuncian m\u00e1s personal infectado de COVID19 por negligencia"},"content":{"rendered":"\n<figure class=\"wp-block-image size-large\"><img loading=\"lazy\" decoding=\"async\" width=\"728\" height=\"500\" src=\"http:\/\/www.elsindical.com.ar\/notas\/var\/www\/html\/notas\/wp-content\/uploads\/2020\/03\/Hospital-Italiano.jpeg\" alt=\"\" class=\"wp-image-94547\" srcset=\"https:\/\/www.elsindical.com.ar\/notas\/var\/www\/html\/notas\/wp-content\/uploads\/2020\/03\/Hospital-Italiano.jpeg 728w, https:\/\/www.elsindical.com.ar\/notas\/var\/www\/html\/notas\/wp-content\/uploads\/2020\/03\/Hospital-Italiano-300x206.jpeg 300w, https:\/\/www.elsindical.com.ar\/notas\/var\/www\/html\/notas\/wp-content\/uploads\/2020\/03\/Hospital-Italiano-437x300.jpeg 437w\" sizes=\"auto, (max-width: 728px) 100vw, 728px\" \/><\/figure>\n\n\n\n<p class=\"wp-block-paragraph\">GRAV\u00cdSIMO: trabajadores del Hospital Italiano denuncian m\u00e1s personal infectado de COVID19 por negligencia<br>\n\u00abHay 5 trabajadores infectados y los casos se multiplican por negligencia de la gesti\u00f3n del Hospital\u00bb<\/p>\n\n\n\n<p class=\"wp-block-paragraph\">Los trabajadores\/as del Hospital Italiano dieron a conocer una grav\u00edsima denuncia. A trav\u00e9s de la conducci\u00f3n de la Comisi\u00f3n Interna de esa instituci\u00f3n de CABA, su delegado general, C\u00e9sar Latorre, declar\u00f3: \u00abHay 5 trabajadores infectados y los casos se multiplican por negligencia de la gesti\u00f3n del Hospital, ya que desestimaron todas las advertencias que les hicimos: le negaron licencia a una trabajadora que vino de viaje; demoraron d\u00edas los testeos y aislar el servicio de laboratorio donde hubo casos positivos. Incre\u00edble, todo por seguir facturando sin importar las consecuencias\u00bb.<\/p>\n\n\n\n<p class=\"wp-block-paragraph\">Latorre, agreg\u00f3: \u00abMa\u00f1ana con nuestros equipos de abogados vamos a presentar un amparo contra las ART que niegan licencias por el COVID19 a la que no reconocen como \u00abenfermedad de riesgo\u00bb. Pero, adem\u00e1s, exigimos que la gesti\u00f3n empresarial del Italiano testee a todo el personal del hospital de forma inmediata, que provea de todas las medidas de seguridad al personal, que garantice licencias pagas al 100 %, y nos integre al Comit\u00e9 de Crisis del hospital, ya que somos el 99 % de los que garantizamos todo y no se nos tiene en cuenta. Es muy grave\u00bb. <\/p>\n","protected":false},"excerpt":{"rendered":"<p>GRAV\u00cdSIMO: trabajadores del Hospital Italiano denuncian m\u00e1s personal infectado de COVID19 por negligencia \u00abHay 5 trabajadores infectados y los casos se multiplican por negligencia de la gesti\u00f3n del Hospital\u00bb Los trabajadores\/as del Hospital Italiano dieron a conocer una grav\u00edsima denuncia. A trav\u00e9s de la conducci\u00f3n de la Comisi\u00f3n Interna de esa instituci\u00f3n de CABA, su&hellip;<\/p>\n","protected":false},"author":1,"featured_media":94547,"comment_status":"open","ping_status":"open","sticky":false,"template":"","format":"standard","meta":{"footnotes":""},"categories":[6],"tags":[19938,32627,175,2450,1473,32665],"class_list":["post-94546","post","type-post","status-publish","format-standard","has-post-thumbnail","hentry","category-denuncias","tag-contagios","tag-covid-19","tag-denuncia","tag-diario-el-sindical","tag-hospital-italiano","tag-infectados"],"_links":{"self":[{"href":"https:\/\/www.elsindical.com.ar\/notas\/wp-json\/wp\/v2\/posts\/94546","targetHints":{"allow":["GET"]}}],"collection":[{"href":"https:\/\/www.elsindical.com.ar\/notas\/wp-json\/wp\/v2\/posts"}],"about":[{"href":"https:\/\/www.elsindical.com.ar\/notas\/wp-json\/wp\/v2\/types\/post"}],"author":[{"embeddable":true,"href":"https:\/\/www.elsindical.com.ar\/notas\/wp-json\/wp\/v2\/users\/1"}],"replies":[{"embeddable":true,"href":"https:\/\/www.elsindical.com.ar\/notas\/wp-json\/wp\/v2\/comments?post=94546"}],"version-history":[{"count":1,"href":"https:\/\/www.elsindical.com.ar\/notas\/wp-json\/wp\/v2\/posts\/94546\/revisions"}],"predecessor-version":[{"id":94548,"href":"https:\/\/www.elsindical.com.ar\/notas\/wp-json\/wp\/v2\/posts\/94546\/revisions\/94548"}],"wp:featuredmedia":[{"embeddable":true,"href":"https:\/\/www.elsindical.com.ar\/notas\/wp-json\/wp\/v2\/media\/94547"}],"wp:attachment":[{"href":"https:\/\/www.elsindical.com.ar\/notas\/wp-json\/wp\/v2\/media?parent=94546"}],"wp:term":[{"taxonomy":"category","embeddable":true,"href":"https:\/\/www.elsindical.com.ar\/notas\/wp-json\/wp\/v2\/categories?post=94546"},{"taxonomy":"post_tag","embeddable":true,"href":"https:\/\/www.elsindical.com.ar\/notas\/wp-json\/wp\/v2\/tags?post=94546"}],"curies":[{"name":"wp","href":"https:\/\/api.w.org\/{rel}","templated":true}]}}