{"id":94456,"date":"2020-03-24T21:55:51","date_gmt":"2020-03-25T00:55:51","guid":{"rendered":"http:\/\/www.elsindical.com.ar\/notas\/?p=94456"},"modified":"2020-03-24T21:55:51","modified_gmt":"2020-03-25T00:55:51","slug":"coronavirus-autorizan-a-familiares-de-detenidos-a-que-circulen-en-cuarentena-para-llevar-alimentos-a-los-presos","status":"publish","type":"post","link":"https:\/\/www.elsindical.com.ar\/notas\/coronavirus-autorizan-a-familiares-de-detenidos-a-que-circulen-en-cuarentena-para-llevar-alimentos-a-los-presos\/","title":{"rendered":"Coronavirus: autorizan a familiares de detenidos a que circulen en cuarentena para llevar alimentos a los presos"},"content":{"rendered":"\n<figure class=\"wp-block-image size-large\"><img loading=\"lazy\" decoding=\"async\" width=\"859\" height=\"605\" src=\"http:\/\/www.elsindical.com.ar\/notas\/var\/www\/html\/notas\/wp-content\/uploads\/2020\/03\/dep\u00f3sitos-familiares-detenidos.jpg\" alt=\"\" class=\"wp-image-94457\" srcset=\"https:\/\/www.elsindical.com.ar\/notas\/var\/www\/html\/notas\/wp-content\/uploads\/2020\/03\/dep\u00f3sitos-familiares-detenidos.jpg 859w, https:\/\/www.elsindical.com.ar\/notas\/var\/www\/html\/notas\/wp-content\/uploads\/2020\/03\/dep\u00f3sitos-familiares-detenidos-300x211.jpg 300w, https:\/\/www.elsindical.com.ar\/notas\/var\/www\/html\/notas\/wp-content\/uploads\/2020\/03\/dep\u00f3sitos-familiares-detenidos-768x541.jpg 768w, https:\/\/www.elsindical.com.ar\/notas\/var\/www\/html\/notas\/wp-content\/uploads\/2020\/03\/dep\u00f3sitos-familiares-detenidos-426x300.jpg 426w\" sizes=\"auto, (max-width: 859px) 100vw, 859px\" \/><\/figure>\n\n\n\n<p>Los familiares de las personas detenidas en c\u00e1rceles bonaerenses \npodr\u00e1n desplazarse durante la cuarentena obligatoria por el coronavirus \npara llevar alimentos o medicamentos a los penales, aunque deber\u00e1n \ncontar con una autorizaci\u00f3n previa, seg\u00fan<\/p>\n\n\n\n<p>A trav\u00e9s de una resoluci\u00f3n del Ministerio de Justicia y Derechos \nHumanos provincial, se decidi\u00f3 autorizar a los familiares de los \nprivados de libertad que lo soliciten a llevar mercader\u00edas a los penales\n y alcaid\u00edas bonaerenses.<\/p>\n\n\n\n<p>Al respecto, el ministro Julio Alak autoriz\u00f3 tambi\u00e9n, dentro de las \nexcepciones del decreto 297\/2020 que estableci\u00f3 el aislamiento social \nobligatorio, la continuidad del servicio privado de encomiendas \nutilizado por familiares de presos alojados en c\u00e1rceles del interior de \nla provincia.<\/p>\n\n\n\n<p>Voceros de la cartera explicaron que esta decisi\u00f3n de permitir el \nenv\u00edo de alimentos ayudar\u00e1 a llevar tranquilidad a los detenidos. \nExplicaron, adem\u00e1s, que los alimentos que usualmente se entregan en los \npenales son complementarios de las cuatro comidas que les da el Servicio\n Penitenciario Bonaerense (SPB), entre ellos yerba, az\u00facar, golosinas y \nart\u00edculos de higiene personal.<\/p>\n\n\n\n<p>A penas se supo del avance de la pandemia del coronavirus se \nimpulsaron mesas de di\u00e1logo en todas las dependencias carcelarias de la \nprovincia de Buenos Aires, de las que participaron las autoridades \npenitenciarias y referentes de los pabellones, quienes por voluntad \npropia resolvieron notificar a sus familiares de la suspensi\u00f3n de las \nvisitas por prevenci\u00f3n.<\/p>\n\n\n\n<p>En ese sentido, las fuentes explicaron que quienes quieran llevar \nalimentos a los penales dependientes de la provincia de Buenos Aires \ndeber\u00e1n contar con un permiso de tr\u00e1nsito excepcional emitido por el \nSPB. Es ese permiso se autorizar\u00e1 a una persona -explicitando su nombre y\n DNI- a concurrir desde su domicilio hasta la c\u00e1rcel donde est\u00e1 alojado \nel interno, cuya identidad y n\u00famero de ficha criminol\u00f3gica tambi\u00e9n \ndeber\u00e1n constar.<\/p>\n\n\n\n<p>El permiso es intransferible y la persona portadora deber\u00e1 acreditar  su identidad al momento de presentarlo o, de lo contrario, podr\u00eda ser  sancionada penalmente, aclararon las fuentes.<\/p>\n","protected":false},"excerpt":{"rendered":"<p>Los familiares de las personas detenidas en c\u00e1rceles bonaerenses podr\u00e1n desplazarse durante la cuarentena obligatoria por el coronavirus para llevar alimentos o medicamentos a los penales, aunque deber\u00e1n contar con una autorizaci\u00f3n previa, seg\u00fan A trav\u00e9s de una resoluci\u00f3n del Ministerio de Justicia y Derechos Humanos provincial, se decidi\u00f3 autorizar a los familiares de los&hellip;<\/p>\n","protected":false},"author":1,"featured_media":94457,"comment_status":"open","ping_status":"open","sticky":false,"template":"","format":"standard","meta":{"footnotes":""},"categories":[19],"tags":[1118,32346,2450,32689,1726],"class_list":["post-94456","post","type-post","status-publish","format-standard","has-post-thumbnail","hentry","category-intramuros","tag-alimentos","tag-coronavirus","tag-diario-el-sindical","tag-familiares-de-presos","tag-julio-alak"],"_links":{"self":[{"href":"https:\/\/www.elsindical.com.ar\/notas\/wp-json\/wp\/v2\/posts\/94456","targetHints":{"allow":["GET"]}}],"collection":[{"href":"https:\/\/www.elsindical.com.ar\/notas\/wp-json\/wp\/v2\/posts"}],"about":[{"href":"https:\/\/www.elsindical.com.ar\/notas\/wp-json\/wp\/v2\/types\/post"}],"author":[{"embeddable":true,"href":"https:\/\/www.elsindical.com.ar\/notas\/wp-json\/wp\/v2\/users\/1"}],"replies":[{"embeddable":true,"href":"https:\/\/www.elsindical.com.ar\/notas\/wp-json\/wp\/v2\/comments?post=94456"}],"version-history":[{"count":1,"href":"https:\/\/www.elsindical.com.ar\/notas\/wp-json\/wp\/v2\/posts\/94456\/revisions"}],"predecessor-version":[{"id":94458,"href":"https:\/\/www.elsindical.com.ar\/notas\/wp-json\/wp\/v2\/posts\/94456\/revisions\/94458"}],"wp:featuredmedia":[{"embeddable":true,"href":"https:\/\/www.elsindical.com.ar\/notas\/wp-json\/wp\/v2\/media\/94457"}],"wp:attachment":[{"href":"https:\/\/www.elsindical.com.ar\/notas\/wp-json\/wp\/v2\/media?parent=94456"}],"wp:term":[{"taxonomy":"category","embeddable":true,"href":"https:\/\/www.elsindical.com.ar\/notas\/wp-json\/wp\/v2\/categories?post=94456"},{"taxonomy":"post_tag","embeddable":true,"href":"https:\/\/www.elsindical.com.ar\/notas\/wp-json\/wp\/v2\/tags?post=94456"}],"curies":[{"name":"wp","href":"https:\/\/api.w.org\/{rel}","templated":true}]}}