{"id":94415,"date":"2020-03-23T15:07:57","date_gmt":"2020-03-23T18:07:57","guid":{"rendered":"http:\/\/www.elsindical.com.ar\/notas\/?p=94415"},"modified":"2020-03-23T15:07:57","modified_gmt":"2020-03-23T18:07:57","slug":"ingeniero-budge-su-padre-denuncio-que-violo-una-restriccion-perimetral-y-lo-detuvieron","status":"publish","type":"post","link":"https:\/\/www.elsindical.com.ar\/notas\/ingeniero-budge-su-padre-denuncio-que-violo-una-restriccion-perimetral-y-lo-detuvieron\/","title":{"rendered":"Ingeniero Budge: Su padre denunci\u00f3 que viol\u00f3 una restricci\u00f3n perimetral y lo detuvieron"},"content":{"rendered":"\n<figure class=\"wp-block-image size-large\"><img loading=\"lazy\" decoding=\"async\" width=\"640\" height=\"421\" src=\"http:\/\/www.elsindical.com.ar\/notas\/var\/www\/html\/notas\/wp-content\/uploads\/2020\/03\/detenido-por-desobediencia.jpg\" alt=\"\" class=\"wp-image-94416\" srcset=\"https:\/\/www.elsindical.com.ar\/notas\/var\/www\/html\/notas\/wp-content\/uploads\/2020\/03\/detenido-por-desobediencia.jpg 640w, https:\/\/www.elsindical.com.ar\/notas\/var\/www\/html\/notas\/wp-content\/uploads\/2020\/03\/detenido-por-desobediencia-300x197.jpg 300w, https:\/\/www.elsindical.com.ar\/notas\/var\/www\/html\/notas\/wp-content\/uploads\/2020\/03\/detenido-por-desobediencia-456x300.jpg 456w\" sizes=\"auto, (max-width: 640px) 100vw, 640px\" \/><\/figure>\n\n\n\n<p class=\"wp-block-paragraph\">Un joven de 22 a\u00f1os fue detenido por violar la restricci\u00f3n perimetral\n que ten\u00eda de acercarse a la casa de sus padres por un hecho de \nviolencia previo. El hecho ocurri\u00f3 en Ingeniero Budge, en Lomas de \nZamora.<\/p>\n\n\n\n<p class=\"wp-block-paragraph\">Fuentes policiales informaron que todo ocurri\u00f3 cuando un hombre llam\u00f3\n al 911 indicando que en su casa de Campana al 1900, en Budge, hab\u00eda \nllegado e ingresado su hijo, violando una restricci\u00f3n perimetral por \nviolencia.<\/p>\n\n\n\n<p class=\"wp-block-paragraph\">Los polic\u00edas constataron la existencia de la orden de un juzgado de \nFamilia de Lomas, llegaron a la vivienda y detuvieron al joven.<\/p>\n\n\n\n<p class=\"wp-block-paragraph\">El detenido qued\u00f3 a disposici\u00f3n de la UFI en turno, imputado por el delito de \u201cdesobediencia\u201d.<\/p>\n","protected":false},"excerpt":{"rendered":"<p>Un joven de 22 a\u00f1os fue detenido por violar la restricci\u00f3n perimetral que ten\u00eda de acercarse a la casa de sus padres por un hecho de violencia previo. El hecho ocurri\u00f3 en Ingeniero Budge, en Lomas de Zamora. Fuentes policiales informaron que todo ocurri\u00f3 cuando un hombre llam\u00f3 al 911 indicando que en su casa&hellip;<\/p>\n","protected":false},"author":1,"featured_media":94416,"comment_status":"open","ping_status":"open","sticky":false,"template":"","format":"standard","meta":{"footnotes":""},"categories":[22],"tags":[22301,4245,2450,746,23294,744],"class_list":["post-94415","post","type-post","status-publish","format-standard","has-post-thumbnail","hentry","category-policiales","tag-comisario-mayor-javier-carlos-villar","tag-desobediencia","tag-diario-el-sindical","tag-ingeniero-budge","tag-jefatura-departamental-avellaneda-lanus-lomas","tag-lomas-de-zamora"],"_links":{"self":[{"href":"https:\/\/www.elsindical.com.ar\/notas\/wp-json\/wp\/v2\/posts\/94415","targetHints":{"allow":["GET"]}}],"collection":[{"href":"https:\/\/www.elsindical.com.ar\/notas\/wp-json\/wp\/v2\/posts"}],"about":[{"href":"https:\/\/www.elsindical.com.ar\/notas\/wp-json\/wp\/v2\/types\/post"}],"author":[{"embeddable":true,"href":"https:\/\/www.elsindical.com.ar\/notas\/wp-json\/wp\/v2\/users\/1"}],"replies":[{"embeddable":true,"href":"https:\/\/www.elsindical.com.ar\/notas\/wp-json\/wp\/v2\/comments?post=94415"}],"version-history":[{"count":1,"href":"https:\/\/www.elsindical.com.ar\/notas\/wp-json\/wp\/v2\/posts\/94415\/revisions"}],"predecessor-version":[{"id":94417,"href":"https:\/\/www.elsindical.com.ar\/notas\/wp-json\/wp\/v2\/posts\/94415\/revisions\/94417"}],"wp:featuredmedia":[{"embeddable":true,"href":"https:\/\/www.elsindical.com.ar\/notas\/wp-json\/wp\/v2\/media\/94416"}],"wp:attachment":[{"href":"https:\/\/www.elsindical.com.ar\/notas\/wp-json\/wp\/v2\/media?parent=94415"}],"wp:term":[{"taxonomy":"category","embeddable":true,"href":"https:\/\/www.elsindical.com.ar\/notas\/wp-json\/wp\/v2\/categories?post=94415"},{"taxonomy":"post_tag","embeddable":true,"href":"https:\/\/www.elsindical.com.ar\/notas\/wp-json\/wp\/v2\/tags?post=94415"}],"curies":[{"name":"wp","href":"https:\/\/api.w.org\/{rel}","templated":true}]}}