{"id":94410,"date":"2020-03-23T13:20:10","date_gmt":"2020-03-23T16:20:10","guid":{"rendered":"http:\/\/www.elsindical.com.ar\/notas\/?p=94410"},"modified":"2020-03-23T13:20:10","modified_gmt":"2020-03-23T16:20:10","slug":"lanus-medicos-advierten-que-el-hospital-evita-esta-en-su-peor-momento","status":"publish","type":"post","link":"https:\/\/www.elsindical.com.ar\/notas\/lanus-medicos-advierten-que-el-hospital-evita-esta-en-su-peor-momento\/","title":{"rendered":"Lan\u00fas: M\u00e9dicos advierten que el Hospital Evita \u201cest\u00e1 en su peor momento\u201d"},"content":{"rendered":"\n<figure class=\"wp-block-image size-large\"><img loading=\"lazy\" decoding=\"async\" width=\"970\" height=\"546\" src=\"http:\/\/www.elsindical.com.ar\/notas\/var\/www\/html\/notas\/wp-content\/uploads\/2018\/08\/Hospital-Evita.jpg\" alt=\"\" class=\"wp-image-80556\" srcset=\"https:\/\/www.elsindical.com.ar\/notas\/var\/www\/html\/notas\/wp-content\/uploads\/2018\/08\/Hospital-Evita.jpg 970w, https:\/\/www.elsindical.com.ar\/notas\/var\/www\/html\/notas\/wp-content\/uploads\/2018\/08\/Hospital-Evita-300x169.jpg 300w, https:\/\/www.elsindical.com.ar\/notas\/var\/www\/html\/notas\/wp-content\/uploads\/2018\/08\/Hospital-Evita-768x432.jpg 768w, https:\/\/www.elsindical.com.ar\/notas\/var\/www\/html\/notas\/wp-content\/uploads\/2018\/08\/Hospital-Evita-500x281.jpg 500w, https:\/\/www.elsindical.com.ar\/notas\/var\/www\/html\/notas\/wp-content\/uploads\/2018\/08\/Hospital-Evita-460x260.jpg 460w\" sizes=\"auto, (max-width: 970px) 100vw, 970px\" \/><\/figure>\n\n\n\n<p>El dirigente de la comisi\u00f3n directiva de Ciccop en el Hospital Evita \nde Lan\u00fas, Mario Franquet, afirm\u00f3 que, si bien hay excelentes \nprofesionales, lamentablemente ese centro asistencial \u201cest\u00e1 pasando su \npeor momento\u201d.<\/p>\n\n\n\n<p>\u201cEl hospital viene de una pandemia anterior, y fue el liberalismo. \nAhora estamos en un estado deplorable. El macrismo dejo al hospital \nabsolutamente destrozado y con la cadena de pagos interrumpida, sin \ninsumos\u201d, detall\u00f3 el dirigente.<\/p>\n\n\n\n<p>En cuanto a la situaci\u00f3n actual de emergencia sanitaria por el \ncoronavirus, remarc\u00f3 que \u201clo urgente, como alcohol en gel, alcohol \nl\u00edquido, barbijos, jeringas y todos estos elementos para la epidemia, \ntenemos, pero contamos con pocos elementos\u201d.<\/p>\n\n\n\n<p>As\u00ed mismo, el referente opin\u00f3: \u201cSi se llegara a instalar duramente, \ncomo otras epidemias, evidentemente vamos a tener muchos problemas con \nla poblaci\u00f3n. Jam\u00e1s se pudo recomponer el hospital como supo estar en su\n momento\u201d.<\/p>\n\n\n\n<p>Una de las m\u00e1s fuertes cr\u00edticas al Gobierno anterior es el desajuste \necon\u00f3mico que trajo aparejados problemas de todo tipo. En este punto, \nFrenquet se\u00f1al\u00f3 que \u201cno se pagaron deudas a los acreedores, pero de a \npoco se intenta armar la parte de insumos y edilicia, que tambi\u00e9n est\u00e1 \nca\u00edda y venida a bajo\u201d.<\/p>\n\n\n\n<p>Pero, cabe destacar que CICOP tiene una visi\u00f3n optimista con respecto\n a la nueva administraci\u00f3n. El dirigente subray\u00f3 en dialogo con <strong>Diarioconurbano.com<\/strong> que \u201cest\u00e1 a la altura, con experiencia en epidemias\u201d.<\/p>\n\n\n\n<p>Aun as\u00ed, Franquet lament\u00f3 que \u201cpoco se puede hacer sin un presupuesto\n definido. Ahora s\u00f3lo se mandaron partidas presupuestarias a cuenta y se\n pone mucha abuena voluntad\u201d.<\/p>\n\n\n\n<p>\u201cHay profesionales muy comprometidos y de a poco se va comprando \nelementos, como sabemos el hospital p\u00fablico es el \u00fanico que va a \nresponder en estas situaciones\u201d, concluy\u00f3 el dirigente.<\/p>\n","protected":false},"excerpt":{"rendered":"<p>El dirigente de la comisi\u00f3n directiva de Ciccop en el Hospital Evita de Lan\u00fas, Mario Franquet, afirm\u00f3 que, si bien hay excelentes profesionales, lamentablemente ese centro asistencial \u201cest\u00e1 pasando su peor momento\u201d. \u201cEl hospital viene de una pandemia anterior, y fue el liberalismo. Ahora estamos en un estado deplorable. El macrismo dejo al hospital absolutamente&hellip;<\/p>\n","protected":false},"author":1,"featured_media":80556,"comment_status":"open","ping_status":"open","sticky":false,"template":"","format":"standard","meta":{"footnotes":""},"categories":[6],"tags":[291,390,2450,32677,30023,209,32679,32678],"class_list":["post-94410","post","type-post","status-publish","format-standard","has-post-thumbnail","hentry","category-denuncias","tag-cicop","tag-crisis","tag-diario-el-sindical","tag-falta-de-insumos","tag-hospital-evita-de-lanus","tag-lanus","tag-macrismo-destruccion-salud","tag-mario-franquet"],"_links":{"self":[{"href":"https:\/\/www.elsindical.com.ar\/notas\/wp-json\/wp\/v2\/posts\/94410","targetHints":{"allow":["GET"]}}],"collection":[{"href":"https:\/\/www.elsindical.com.ar\/notas\/wp-json\/wp\/v2\/posts"}],"about":[{"href":"https:\/\/www.elsindical.com.ar\/notas\/wp-json\/wp\/v2\/types\/post"}],"author":[{"embeddable":true,"href":"https:\/\/www.elsindical.com.ar\/notas\/wp-json\/wp\/v2\/users\/1"}],"replies":[{"embeddable":true,"href":"https:\/\/www.elsindical.com.ar\/notas\/wp-json\/wp\/v2\/comments?post=94410"}],"version-history":[{"count":1,"href":"https:\/\/www.elsindical.com.ar\/notas\/wp-json\/wp\/v2\/posts\/94410\/revisions"}],"predecessor-version":[{"id":94411,"href":"https:\/\/www.elsindical.com.ar\/notas\/wp-json\/wp\/v2\/posts\/94410\/revisions\/94411"}],"wp:featuredmedia":[{"embeddable":true,"href":"https:\/\/www.elsindical.com.ar\/notas\/wp-json\/wp\/v2\/media\/80556"}],"wp:attachment":[{"href":"https:\/\/www.elsindical.com.ar\/notas\/wp-json\/wp\/v2\/media?parent=94410"}],"wp:term":[{"taxonomy":"category","embeddable":true,"href":"https:\/\/www.elsindical.com.ar\/notas\/wp-json\/wp\/v2\/categories?post=94410"},{"taxonomy":"post_tag","embeddable":true,"href":"https:\/\/www.elsindical.com.ar\/notas\/wp-json\/wp\/v2\/tags?post=94410"}],"curies":[{"name":"wp","href":"https:\/\/api.w.org\/{rel}","templated":true}]}}