{"id":94384,"date":"2020-03-21T11:55:29","date_gmt":"2020-03-21T14:55:29","guid":{"rendered":"http:\/\/www.elsindical.com.ar\/notas\/?p=94384"},"modified":"2020-03-21T11:56:47","modified_gmt":"2020-03-21T14:56:47","slug":"se-portergan-los-pagos-de-tarjetas-y-cuotas-hasta-abril","status":"publish","type":"post","link":"https:\/\/www.elsindical.com.ar\/notas\/se-portergan-los-pagos-de-tarjetas-y-cuotas-hasta-abril\/","title":{"rendered":"Se portergan los pagos de tarjetas y cuotas hasta abril"},"content":{"rendered":"\n<figure class=\"wp-block-image size-large is-resized\"><img loading=\"lazy\" decoding=\"async\" src=\"http:\/\/www.elsindical.com.ar\/notas\/var\/www\/html\/notas\/wp-content\/uploads\/2013\/10\/Tarjetas-de-cr\u00e9dito.jpg\" alt=\"\" class=\"wp-image-38190\" width=\"586\" height=\"329\" srcset=\"https:\/\/www.elsindical.com.ar\/notas\/var\/www\/html\/notas\/wp-content\/uploads\/2013\/10\/Tarjetas-de-cr\u00e9dito.jpg 502w, https:\/\/www.elsindical.com.ar\/notas\/var\/www\/html\/notas\/wp-content\/uploads\/2013\/10\/Tarjetas-de-cr\u00e9dito-300x168.jpg 300w, https:\/\/www.elsindical.com.ar\/notas\/var\/www\/html\/notas\/wp-content\/uploads\/2013\/10\/Tarjetas-de-cr\u00e9dito-500x280.jpg 500w\" sizes=\"auto, (max-width: 586px) 100vw, 586px\" \/><\/figure>\n\n\n\n<p>La resoluci\u00f3n del  Central incluye pagos de tarjetas, cuotas de pr\u00e9stamos personales,  hipotecarios y&nbsp;financiamiento empresario que suspenden los vencimientos  hasta el 1 de abril.<\/p>\n\n\n\n<p>El <strong>Banco Central de la Rep\u00fablica Argentina (BCRA)<\/strong> anunci\u00f3 la <strong>postergaci\u00f3n de los vencimientos<\/strong>  de&nbsp;pagos de tarjetas, cuotas de pr\u00e9stamos personales, hipotecarios  y&nbsp;financiamiento empresario hasta el 1 de abril, en el marco de las  medidas dispuestas por el gobierno nacional ante el avance del <strong>coronavirus<\/strong>.<\/p>\n\n\n\n<p>El <strong>comunicado A 6942<\/strong> estipula la puesta en marcha de un<strong>&nbsp;\u00abnuevo marco de operatoria\u00bb<\/strong>\n en consonancia con la&nbsp;emergencia sanitaria y se\u00f1ala que \n\u00ablos&nbsp;vencimientos de financiaciones de entidades financieras que se \nregistren entre el 20 de marzo inclusive hasta el 31 de marzo de 2020 \ninclusive, <strong>pasar\u00e1n al 1 de abril de 2020.<\/strong><\/p>\n\n\n\n<p>Adem\u00e1s, establece la adopci\u00f3n de nuevas restricciones para las sucursales bancarias que se mantendr\u00e1n hasta el fin del<strong> \u00abaislamiento social obligatorio\u00bb <\/strong>anunciado este jueves por el presidente <strong>Alberto Fern\u00e1ndez.&nbsp;<\/strong><\/p>\n\n\n\n<p>Entre las&nbsp;reglamentaciones se destacan:&nbsp;<\/p>\n\n\n\n<ul class=\"wp-block-list\"><li>Las entidades financieras y cambiarias no podr\u00e1n abrir sus sucursales para atenci\u00f3n al p\u00fablico.<\/li><li>Deber\u00e1n adoptar las medidas necesarias, incluyendo los recursos  humanos, para garantizar la suficiente provisi\u00f3n de fondos en cajeros  autom\u00e1ticos y la continuidad de la operatoria relacionada con la  extracci\u00f3n de efectivo en puntos de extracci\u00f3n extrabancarios. El   BCRA garantizar\u00e1 la provisi\u00f3n de efectivo para este fin.<\/li><li>Entre el 20 de marzo y el 31 de marzo de 2020 inclusive no habr\u00e1  compensaci\u00f3n de electr\u00f3nica de cheques, por lo que las sesiones de  compensaci\u00f3n se reanudar\u00e1n el 1 de abril de 2020. Este lapso de d\u00edas no  computar\u00e1 para el vencimiento de plazo de 30 d\u00edas para la presentaci\u00f3n  de los mismos.<\/li><li>El   BCRA  garantizar\u00e1 la operatoria a trav\u00e9s del SIOPEL de las operaciones  cambiarias mayoristas y de las licitaciones de Letras de Liquidez de las  fechas mi\u00e9rcoles 25 y jueves 26 del mes en curso.<\/li><li>Se admitir\u00e1 la operatoria en forma remota de las bolsas de valores y  mercados de capitales autorizados por la CNV, la Caja de Valores y los  agentes del mercado de capitales registrados ante la CNV.\u201d<\/li><li>Deber\u00e1n mantenerse operativas las C\u00e1maras Electr\u00f3nicas de  Compensaci\u00f3n, el Medio Electr\u00f3nico de Pagos, las redes de cajeros  autom\u00e1ticos y de transferencia electr\u00f3nica de fondos, las  administradoras de tarjetas de cr\u00e9dito  y d\u00e9bito, los adquirentes y procesadores de medios de pago  electr\u00f3nicos, los proveedores de servicios de pago, as\u00ed como sus  prestadores conexos y toda otra infraestructura de mercado necesaria  para la normal prestaci\u00f3n de los servicios de las entidades financieras y  de los sistemas de pago.<\/li><\/ul>\n\n\n\n<p>De esta forma, el <strong>Central<\/strong> busca desalentar la circulaci\u00f3n de personas en las entidades bancarias e insta a utilizar los <strong>canales virtuales<\/strong> tanto para operar con\u00a0clientes,\u00a0como las operaciones entre las mismas financieras.\u00a0<\/p>\n\n\n\n<p><strong><a href=\"http:\/\/www.elsindical.com.ar\/notas\/var\/www\/html\/notas\/wp-content\/uploads\/2020\/03\/452634865-Comunicado-A-6942.pdf\">Resoluci\u00f3n BCRA<\/a><\/strong><\/p>\n","protected":false},"excerpt":{"rendered":"<p>La resoluci\u00f3n del Central incluye pagos de tarjetas, cuotas de pr\u00e9stamos personales, hipotecarios y&nbsp;financiamiento empresario que suspenden los vencimientos hasta el 1 de abril. El Banco Central de la Rep\u00fablica Argentina (BCRA) anunci\u00f3 la postergaci\u00f3n de los vencimientos de&nbsp;pagos de tarjetas, cuotas de pr\u00e9stamos personales, hipotecarios y&nbsp;financiamiento empresario hasta el 1 de abril, en el&hellip;<\/p>\n","protected":false},"author":1,"featured_media":38190,"comment_status":"open","ping_status":"open","sticky":false,"template":"","format":"standard","meta":{"footnotes":""},"categories":[9],"tags":[1489,32346,2450,32673,12592],"class_list":["post-94384","post","type-post","status-publish","format-standard","has-post-thumbnail","hentry","category-economia","tag-bcra","tag-coronavirus","tag-diario-el-sindical","tag-suspension-de-pagos-y-vencimientos","tag-tarjetas-de-credito"],"_links":{"self":[{"href":"https:\/\/www.elsindical.com.ar\/notas\/wp-json\/wp\/v2\/posts\/94384","targetHints":{"allow":["GET"]}}],"collection":[{"href":"https:\/\/www.elsindical.com.ar\/notas\/wp-json\/wp\/v2\/posts"}],"about":[{"href":"https:\/\/www.elsindical.com.ar\/notas\/wp-json\/wp\/v2\/types\/post"}],"author":[{"embeddable":true,"href":"https:\/\/www.elsindical.com.ar\/notas\/wp-json\/wp\/v2\/users\/1"}],"replies":[{"embeddable":true,"href":"https:\/\/www.elsindical.com.ar\/notas\/wp-json\/wp\/v2\/comments?post=94384"}],"version-history":[{"count":2,"href":"https:\/\/www.elsindical.com.ar\/notas\/wp-json\/wp\/v2\/posts\/94384\/revisions"}],"predecessor-version":[{"id":94387,"href":"https:\/\/www.elsindical.com.ar\/notas\/wp-json\/wp\/v2\/posts\/94384\/revisions\/94387"}],"wp:featuredmedia":[{"embeddable":true,"href":"https:\/\/www.elsindical.com.ar\/notas\/wp-json\/wp\/v2\/media\/38190"}],"wp:attachment":[{"href":"https:\/\/www.elsindical.com.ar\/notas\/wp-json\/wp\/v2\/media?parent=94384"}],"wp:term":[{"taxonomy":"category","embeddable":true,"href":"https:\/\/www.elsindical.com.ar\/notas\/wp-json\/wp\/v2\/categories?post=94384"},{"taxonomy":"post_tag","embeddable":true,"href":"https:\/\/www.elsindical.com.ar\/notas\/wp-json\/wp\/v2\/tags?post=94384"}],"curies":[{"name":"wp","href":"https:\/\/api.w.org\/{rel}","templated":true}]}}