{"id":94379,"date":"2020-03-21T11:46:08","date_gmt":"2020-03-21T14:46:08","guid":{"rendered":"http:\/\/www.elsindical.com.ar\/notas\/?p=94379"},"modified":"2020-03-21T11:46:08","modified_gmt":"2020-03-21T14:46:08","slug":"coronavirus-en-brasil-11-muertos-se-espera-colapso-en-sistema-de-salud-y-economia","status":"publish","type":"post","link":"https:\/\/www.elsindical.com.ar\/notas\/coronavirus-en-brasil-11-muertos-se-espera-colapso-en-sistema-de-salud-y-economia\/","title":{"rendered":"Coronavirus en Brasil: 11 muertos, se espera colapso en sistema de salud y econom\u00eda"},"content":{"rendered":"\n<figure class=\"wp-block-image size-large\"><img loading=\"lazy\" decoding=\"async\" width=\"1024\" height=\"683\" src=\"http:\/\/www.elsindical.com.ar\/notas\/var\/www\/html\/notas\/wp-content\/uploads\/2020\/03\/Bolsonaro-Coronavirus-1024x683.jpg\" alt=\"\" class=\"wp-image-94380\" srcset=\"https:\/\/www.elsindical.com.ar\/notas\/var\/www\/html\/notas\/wp-content\/uploads\/2020\/03\/Bolsonaro-Coronavirus-1024x683.jpg 1024w, https:\/\/www.elsindical.com.ar\/notas\/var\/www\/html\/notas\/wp-content\/uploads\/2020\/03\/Bolsonaro-Coronavirus-300x200.jpg 300w, https:\/\/www.elsindical.com.ar\/notas\/var\/www\/html\/notas\/wp-content\/uploads\/2020\/03\/Bolsonaro-Coronavirus-768x512.jpg 768w, https:\/\/www.elsindical.com.ar\/notas\/var\/www\/html\/notas\/wp-content\/uploads\/2020\/03\/Bolsonaro-Coronavirus-450x300.jpg 450w, https:\/\/www.elsindical.com.ar\/notas\/var\/www\/html\/notas\/wp-content\/uploads\/2020\/03\/Bolsonaro-Coronavirus.jpg 1170w\" sizes=\"auto, (max-width: 1024px) 100vw, 1024px\" \/><\/figure>\n\n\n\n<p> Ya hay 904 personas  infectadas. El presidente Jair Bolsonaro reconoci\u00f3 que pudo haber tenido  coronavirus. El diagn\u00f3stico de la situaci\u00f3n lo brind\u00f3 el ministro Luiz  Mandetta. Alerta m\u00e1xima en el pa\u00eds sudamericano. <\/p>\n\n\n\n<p>Con<strong> 11 muertos y 904 casos<\/strong>, <strong>Brasil<\/strong> anunci\u00f3 hoy que<strong> en abril su sistema de salud colapsar\u00e1 <\/strong>y que prev\u00e9 el cese de la crisis por <strong>coronavirus<\/strong> en <strong>septiembre<\/strong>, lo que incluir\u00e1 una<strong> recesi\u00f3n econ\u00f3mica y m\u00e1s de cinco millones de empleos perdidos<\/strong> apenas en el comercio, luego de que el Congreso diera luz verde a la <strong>declaraci\u00f3n de situaci\u00f3n de calamidad del pa\u00eds<\/strong>.<\/p>\n\n\n\n<p>El diagn\u00f3stico del colapso a partir del mes pr\u00f3ximo lo dio el <strong>ministro Luiz Mandetta<\/strong>, quien a diferencia de las gobernaciones y municipios<strong> no convoc\u00f3 al freno de la actividad en Brasil<\/strong>, mientras que el presidente <strong>Jair Bolsonaro admiti\u00f3 que pudo haber tenido coronavirus<\/strong> y que se someter\u00e1 a un nuevo examen cuando se lo pidan sus m\u00e9dicos.<\/p>\n\n\n\n<p>En una jornada en la cual hizo declaraciones tres veces, <strong>Bolsonaro  tuvo que dar a conocer un comunicado de su m\u00e9dico para decir que no  tiene coronavirus. Mientras, en un d\u00eda crecieron los casos en un 40 por  ciento.<\/strong><\/p>\n\n\n\n<p><strong>\u00abDespu\u00e9s del cuchillazo que recib\u00ed no me va a derrocar una gripecita, si los m\u00e9dicos quieren otro examen me lo har\u00e9\u00bb<\/strong>, afirm\u00f3 <strong>Bolsonaro<\/strong>,\n quien se quej\u00f3 de las \u00abmedidas extremas\u00bb de los gobernadores, que \nparalizaron el pa\u00eds para enfrentar, sin una pol\u00edtica nacional clara, la \npandemia en un pa\u00eds de 210 millones de habitantes.<\/p>\n\n\n\n<p>En una sesi\u00f3n virtual por una aplicaci\u00f3n de Internet, <strong>el  Senado convirti\u00f3 en ley el estado de calamidad: minutos despu\u00e9s el  Ministerio de Econom\u00eda redujo de 2,01 a 0,01 la previsi\u00f3n del Producto  Bruto Interno para 2020, en una revisi\u00f3n de su presupuesto.<\/strong><\/p>\n\n\n\n<p>Para intentar calmar a los <strong>industriales<\/strong>, Bolsonaro tuvo con ellos una <strong>teleconferencia<\/strong> en la cual prometi\u00f3 <strong>ayuda para mantener empleos.<\/strong> Para empezar, <strong>50\n mil metal\u00fargicos fueron obligados a tomarse vacaciones forzadas de las \nautomotrices, mientras que la Asociaci\u00f3n de Shoppings estim\u00f3 que cinco \nmillones de empleos podr\u00e1n perderse con el colapso del comercio de \ntiendas de atenci\u00f3n al p\u00fablico, tanto en centros comerciales como en las\n calles.<\/strong><\/p>\n\n\n\n<p>En esa misma reuni\u00f3n con los poderosos empresarios paulistas de la<strong> Federaci\u00f3n Industrial Fiesp<\/strong>, el ministro Mandetta admiti\u00f3 que se espera el <strong>\u00abcolapso en abril del sistema de salud\u00bb<\/strong>\n para tener una curva descendente apenas en septiembre, con el fin del \ninvierno, que en la mitad del pa\u00eds no tiene clima tropical.<\/p>\n\n\n\n<p>Irritado con las preguntas sobre si tiene o tuvo coronavirus, <strong>Bolsonaro <\/strong>habl\u00f3 con la prensa y asegur\u00f3 que quiz\u00e1s se infect\u00f3.<strong> \u00abAc\u00e1 en casa, toda la familia dio negativo. Tal vez yo ya fui infectado antes y no lo sab\u00eda. Tal vez. Y tengo anticuerpos\u00bb<\/strong>,\n afirm\u00f3 el mandatario, luego que subiera a 22 la cantidad de personas \nque dieron positivo y que estuvieron con \u00e9l y con Donald Trump en su \ncomitiva en Estados Unidos hace dos semanas.<\/p>\n\n\n\n<p>La declaraci\u00f3n de un <strong>estado de calamidad<\/strong> permitir\u00e1 al gobierno nacional <strong>aumentar el gasto p\u00fablico e incumplir el objetivo fiscal establecido para este a\u00f1o<\/strong>, lo que permitir\u00e1 inyectar m\u00e1s fondos a la lucha contra la pandemia.<\/p>\n\n\n\n<p>Seg\u00fan inform\u00f3 el gobierno del estado de San Pablo en un comunicado, <strong>cuatro\n personas mayores de 70 a\u00f1os murieron en las \u00faltimas 24 horas, lo cual \nelev\u00f3 hoy a 11 los fallecidos en Brasil, el pa\u00eds que registra m\u00e1s \ndecesos en Am\u00e9rica Latina desde el inicio de la pandemia.<\/strong><\/p>\n\n\n\n<p><strong>Las \u00faltimas v\u00edctimas fatales son una mujer de 83 a\u00f1os y tres hombres de 70, 80 y 93, todas fallecidas en sanatorios privados.<\/strong>\n M\u00e1s temprano, otras dos personas hab\u00edan muerto en R\u00edo de Janeiro. Todos\n son mayores de 60 a\u00f1os. Especialistas observan que Brasil va mostrando \nregistros<strong> \u00aba la italiana\u00bb<\/strong> de Covid-19.<\/p>\n\n\n\n<p>Pese a este gesto del Congreso, <strong>la tensi\u00f3n pol\u00edtica no para de crecer en Brasil.<\/strong>  Tras sufrir cacerolazos por tercera noche pidiendo su renuncia,  Bolsonaro afirm\u00f3 hoy estar dispuesto a hablar con su par chino, Xi  Jinping, para reducir la tensi\u00f3n diplom\u00e1tica con China abierta por uno  de sus hijos, el diputado Eduardo Bolsonaro, a a vez que fustig\u00f3 las<strong> \u00abmedidas extremas de los Estados\u00bb<\/strong> que act\u00faan a contramano del gobierno federal contra el coronavirus.<\/p>\n\n\n\n<p>Mientras tanto, el expresidente y l\u00edder opositor <strong>Luiz In\u00e1cio Lula da Silva<\/strong> dijo que la actitud de Bolsonaro<strong>\n \u00absirve para mostrar que en este momento Brasil no tiene gobierno\u00bb y \nacus\u00f3 al Poder Ejecutivo de buscar \u00abmejorar la imagen negativa en lugar \nde cuidar de la salud del pueblo\u00bb.<\/strong><\/p>\n\n\n\n<p><strong>Los gobernadores de los estados m\u00e1s importantes del pa\u00eds, San\n Pablo y R\u00edo de Janeiro, fustigaron a Bolsonaro por su actitud frente a \nla pandemia.<\/strong> El paulista Joao Doria y el carioca Wilson Witzel,\n de derechas y que apoyaron a Bolsonaro en 2018, se desmarcaron del \npresidente, que atin\u00f3 a quejarse de ellos y de los dem\u00e1s gobernadores, \ntanto oficialistas como opositores, que cerraron las ciudades \npr\u00e1cticamente.<\/p>\n\n\n\n<p><strong>\u00abEs una exageraci\u00f3n, parece que fuera otro pa\u00eds\u00bb<\/strong>, se quej\u00f3 el <strong>ex capit\u00e1n del Ej\u00e9rcito<\/strong>.<\/p>\n","protected":false},"excerpt":{"rendered":"<p>Ya hay 904 personas infectadas. El presidente Jair Bolsonaro reconoci\u00f3 que pudo haber tenido coronavirus. El diagn\u00f3stico de la situaci\u00f3n lo brind\u00f3 el ministro Luiz Mandetta. Alerta m\u00e1xima en el pa\u00eds sudamericano. Con 11 muertos y 904 casos, Brasil anunci\u00f3 hoy que en abril su sistema de salud colapsar\u00e1 y que prev\u00e9 el cese de&hellip;<\/p>\n","protected":false},"author":1,"featured_media":94380,"comment_status":"open","ping_status":"open","sticky":false,"template":"","format":"standard","meta":{"footnotes":""},"categories":[18],"tags":[95,32346,2450,22023,649,27312],"class_list":["post-94379","post","type-post","status-publish","format-standard","has-post-thumbnail","hentry","category-internacionales","tag-brasil","tag-coronavirus","tag-diario-el-sindical","tag-economia","tag-muertos","tag-sistema-de-salud"],"_links":{"self":[{"href":"https:\/\/www.elsindical.com.ar\/notas\/wp-json\/wp\/v2\/posts\/94379","targetHints":{"allow":["GET"]}}],"collection":[{"href":"https:\/\/www.elsindical.com.ar\/notas\/wp-json\/wp\/v2\/posts"}],"about":[{"href":"https:\/\/www.elsindical.com.ar\/notas\/wp-json\/wp\/v2\/types\/post"}],"author":[{"embeddable":true,"href":"https:\/\/www.elsindical.com.ar\/notas\/wp-json\/wp\/v2\/users\/1"}],"replies":[{"embeddable":true,"href":"https:\/\/www.elsindical.com.ar\/notas\/wp-json\/wp\/v2\/comments?post=94379"}],"version-history":[{"count":1,"href":"https:\/\/www.elsindical.com.ar\/notas\/wp-json\/wp\/v2\/posts\/94379\/revisions"}],"predecessor-version":[{"id":94381,"href":"https:\/\/www.elsindical.com.ar\/notas\/wp-json\/wp\/v2\/posts\/94379\/revisions\/94381"}],"wp:featuredmedia":[{"embeddable":true,"href":"https:\/\/www.elsindical.com.ar\/notas\/wp-json\/wp\/v2\/media\/94380"}],"wp:attachment":[{"href":"https:\/\/www.elsindical.com.ar\/notas\/wp-json\/wp\/v2\/media?parent=94379"}],"wp:term":[{"taxonomy":"category","embeddable":true,"href":"https:\/\/www.elsindical.com.ar\/notas\/wp-json\/wp\/v2\/categories?post=94379"},{"taxonomy":"post_tag","embeddable":true,"href":"https:\/\/www.elsindical.com.ar\/notas\/wp-json\/wp\/v2\/tags?post=94379"}],"curies":[{"name":"wp","href":"https:\/\/api.w.org\/{rel}","templated":true}]}}