{"id":94368,"date":"2020-03-20T11:29:18","date_gmt":"2020-03-20T14:29:18","guid":{"rendered":"http:\/\/www.elsindical.com.ar\/notas\/?p=94368"},"modified":"2020-03-20T11:29:18","modified_gmt":"2020-03-20T14:29:18","slug":"el-mensaje-del-indio-solari-no-son-vacaciones","status":"publish","type":"post","link":"https:\/\/www.elsindical.com.ar\/notas\/el-mensaje-del-indio-solari-no-son-vacaciones\/","title":{"rendered":"El mensaje del Indio Solari: No son vacaciones"},"content":{"rendered":"\n<figure class=\"wp-block-image size-large\"><img loading=\"lazy\" decoding=\"async\" width=\"698\" height=\"386\" src=\"http:\/\/www.elsindical.com.ar\/notas\/var\/www\/html\/notas\/wp-content\/uploads\/2020\/03\/mensaje-Indio-Solari-cuarentena.jpg\" alt=\"\" class=\"wp-image-94369\" srcset=\"https:\/\/www.elsindical.com.ar\/notas\/var\/www\/html\/notas\/wp-content\/uploads\/2020\/03\/mensaje-Indio-Solari-cuarentena.jpg 698w, https:\/\/www.elsindical.com.ar\/notas\/var\/www\/html\/notas\/wp-content\/uploads\/2020\/03\/mensaje-Indio-Solari-cuarentena-300x166.jpg 300w, https:\/\/www.elsindical.com.ar\/notas\/var\/www\/html\/notas\/wp-content\/uploads\/2020\/03\/mensaje-Indio-Solari-cuarentena-500x277.jpg 500w\" sizes=\"auto, (max-width: 698px) 100vw, 698px\" \/><\/figure>\n\n\n\n<p>  Carlos \u00abIndio\u00bb Solari difundi\u00f3 un video en el que pide a la poblaci\u00f3n respetar la cuarentena. <\/p>\n\n\n\n<p>El Indio Solari solicit\u00f3, a trav\u00e9s de un video difundido en las \nprimeras horas del viernes, a la comunidad que respete la cuarentena \nobligatoria anunciada ayer.<\/p>\n\n\n\n<p>\u201cTomen las consignas de la autoridad sanitaria y las cumplan para ser\n efectivos contra este flagelo que est\u00e1 haciendo tanto da\u00f1o en todo el \nmundo\u201d, se\u00f1ala el Indio, sum\u00e1ndose \u201ca la campa\u00f1a que est\u00e1 propiciando el\n Gobierno a trav\u00e9s de la autoridad sanitaria con respecto al \ncoronaviurus\u201d.<\/p>\n\n\n\n<p>Advierte que la pandemia \u201cha hecho tanto da\u00f1o en Europa donde est\u00e1n  muriendo miles de personas y entonces es algo para tomarlo en serio\u201d.  \u201cEn serio significa que cuando nos recomiendan el aislamiento, la  cuarentena, no lo tomemos como si fuera un per\u00edodo de vacaciones\u201d,  apunt\u00f3.<\/p>\n\n\n\n<iframe loading=\"lazy\" width=\"580\" height=\"420\" src=\"https:\/\/www.youtube.com\/embed\/fQMZHQsDHdk\" frameborder=\"0\" allow=\"accelerometer; autoplay; encrypted-media; gyroscope; picture-in-picture\" allowfullscreen><\/iframe>\n","protected":false},"excerpt":{"rendered":"<p>Carlos \u00abIndio\u00bb Solari difundi\u00f3 un video en el que pide a la poblaci\u00f3n respetar la cuarentena. El Indio Solari solicit\u00f3, a trav\u00e9s de un video difundido en las primeras horas del viernes, a la comunidad que respete la cuarentena obligatoria anunciada ayer. \u201cTomen las consignas de la autoridad sanitaria y las cumplan para ser efectivos&hellip;<\/p>\n","protected":false},"author":1,"featured_media":94369,"comment_status":"open","ping_status":"open","sticky":false,"template":"","format":"standard","meta":{"footnotes":""},"categories":[15],"tags":[32669,2450,8086,1626],"class_list":["post-94368","post","type-post","status-publish","format-standard","has-post-thumbnail","hentry","category-espectaculos","tag-cuarentena","tag-diario-el-sindical","tag-indio-solari","tag-mensaje"],"_links":{"self":[{"href":"https:\/\/www.elsindical.com.ar\/notas\/wp-json\/wp\/v2\/posts\/94368","targetHints":{"allow":["GET"]}}],"collection":[{"href":"https:\/\/www.elsindical.com.ar\/notas\/wp-json\/wp\/v2\/posts"}],"about":[{"href":"https:\/\/www.elsindical.com.ar\/notas\/wp-json\/wp\/v2\/types\/post"}],"author":[{"embeddable":true,"href":"https:\/\/www.elsindical.com.ar\/notas\/wp-json\/wp\/v2\/users\/1"}],"replies":[{"embeddable":true,"href":"https:\/\/www.elsindical.com.ar\/notas\/wp-json\/wp\/v2\/comments?post=94368"}],"version-history":[{"count":1,"href":"https:\/\/www.elsindical.com.ar\/notas\/wp-json\/wp\/v2\/posts\/94368\/revisions"}],"predecessor-version":[{"id":94370,"href":"https:\/\/www.elsindical.com.ar\/notas\/wp-json\/wp\/v2\/posts\/94368\/revisions\/94370"}],"wp:featuredmedia":[{"embeddable":true,"href":"https:\/\/www.elsindical.com.ar\/notas\/wp-json\/wp\/v2\/media\/94369"}],"wp:attachment":[{"href":"https:\/\/www.elsindical.com.ar\/notas\/wp-json\/wp\/v2\/media?parent=94368"}],"wp:term":[{"taxonomy":"category","embeddable":true,"href":"https:\/\/www.elsindical.com.ar\/notas\/wp-json\/wp\/v2\/categories?post=94368"},{"taxonomy":"post_tag","embeddable":true,"href":"https:\/\/www.elsindical.com.ar\/notas\/wp-json\/wp\/v2\/tags?post=94368"}],"curies":[{"name":"wp","href":"https:\/\/api.w.org\/{rel}","templated":true}]}}