{"id":94356,"date":"2020-03-20T01:13:54","date_gmt":"2020-03-20T04:13:54","guid":{"rendered":"http:\/\/www.elsindical.com.ar\/notas\/?p=94356"},"modified":"2020-03-20T01:21:29","modified_gmt":"2020-03-20T04:21:29","slug":"parrilla-el-tano-ambicion-criminal","status":"publish","type":"post","link":"https:\/\/www.elsindical.com.ar\/notas\/parrilla-el-tano-ambicion-criminal\/","title":{"rendered":"Parrilla El Tano, ambici\u00f3n criminal"},"content":{"rendered":"\n<div class=\"wp-block-image\"><figure class=\"aligncenter size-large\"><img loading=\"lazy\" decoding=\"async\" width=\"429\" height=\"675\" src=\"http:\/\/www.elsindical.com.ar\/notas\/var\/www\/html\/notas\/wp-content\/uploads\/2020\/03\/Parrilla-El-Tano.jpg\" alt=\"\" class=\"wp-image-94357\" srcset=\"https:\/\/www.elsindical.com.ar\/notas\/var\/www\/html\/notas\/wp-content\/uploads\/2020\/03\/Parrilla-El-Tano.jpg 429w, https:\/\/www.elsindical.com.ar\/notas\/var\/www\/html\/notas\/wp-content\/uploads\/2020\/03\/Parrilla-El-Tano-191x300.jpg 191w\" sizes=\"auto, (max-width: 429px) 100vw, 429px\" \/><\/figure><\/div>\n\n\n\n<p>  Ya en varias oportunidades he sido el \u00fanico que parece no \u00abdeberle\u00bb nada al Tano, raz\u00f3n curiosa ya que no es cre\u00edble pensar que periodistas locales y funcionarios ignoran todas las normas que infringen sus due\u00f1os.<\/p>\n\n\n\n<p>La ambici\u00f3n, la corrupci\u00f3n y los delitos han sido parte del crecimiento del imperio que se conoce como El Tano, con total impunidad el local de la calle Av. G\u00fcemes 567 en el partido de Avellaneda ha tenido distintas clausuras por diversas infracciones y ha tenido sin \u00e9xito inspecciones por trabajadores mal registrados.<\/p>\n\n\n\n<p>Pero todo esto no supera lo irresponsable y criminal que es ignorar las recomendaciones de salud p\u00fablica en medio de un PANDEMIA, ya me refer\u00ed a locales del Polo Gastron\u00f3mico, ahora este caso dista a poco m\u00e1s de 250 metros del Palacio Municipal.<\/p>\n\n\n\n<p>Mientras ped\u00edan que se queden en sus casas,  de forma voluntaria, la parrilla abr\u00eda para priorizar el dinero por sobre la salud p\u00fablica, ya que si existe un lugar donde se come hacinado es sin dudas la Parrilla El Tano.<\/p>\n\n\n\n<p>Por Marcelo Ricardo Hawrylciw<\/p>\n","protected":false},"excerpt":{"rendered":"<p>Ya en varias oportunidades he sido el \u00fanico que parece no \u00abdeberle\u00bb nada al Tano, raz\u00f3n curiosa ya que no es cre\u00edble pensar que periodistas locales y funcionarios ignoran todas las normas que infringen sus due\u00f1os. La ambici\u00f3n, la corrupci\u00f3n y los delitos han sido parte del crecimiento del imperio que se conoce como El&hellip;<\/p>\n","protected":false},"author":1,"featured_media":94357,"comment_status":"open","ping_status":"open","sticky":false,"template":"","format":"standard","meta":{"footnotes":""},"categories":[6],"tags":[461,1451,2450,2057,18105,10696],"class_list":["post-94356","post","type-post","status-publish","format-standard","has-post-thumbnail","hentry","category-denuncias","tag-avellaneda","tag-corrupcion","tag-diario-el-sindical","tag-infraccion","tag-parrilla-el-tano","tag-salud-publica"],"_links":{"self":[{"href":"https:\/\/www.elsindical.com.ar\/notas\/wp-json\/wp\/v2\/posts\/94356","targetHints":{"allow":["GET"]}}],"collection":[{"href":"https:\/\/www.elsindical.com.ar\/notas\/wp-json\/wp\/v2\/posts"}],"about":[{"href":"https:\/\/www.elsindical.com.ar\/notas\/wp-json\/wp\/v2\/types\/post"}],"author":[{"embeddable":true,"href":"https:\/\/www.elsindical.com.ar\/notas\/wp-json\/wp\/v2\/users\/1"}],"replies":[{"embeddable":true,"href":"https:\/\/www.elsindical.com.ar\/notas\/wp-json\/wp\/v2\/comments?post=94356"}],"version-history":[{"count":2,"href":"https:\/\/www.elsindical.com.ar\/notas\/wp-json\/wp\/v2\/posts\/94356\/revisions"}],"predecessor-version":[{"id":94359,"href":"https:\/\/www.elsindical.com.ar\/notas\/wp-json\/wp\/v2\/posts\/94356\/revisions\/94359"}],"wp:featuredmedia":[{"embeddable":true,"href":"https:\/\/www.elsindical.com.ar\/notas\/wp-json\/wp\/v2\/media\/94357"}],"wp:attachment":[{"href":"https:\/\/www.elsindical.com.ar\/notas\/wp-json\/wp\/v2\/media?parent=94356"}],"wp:term":[{"taxonomy":"category","embeddable":true,"href":"https:\/\/www.elsindical.com.ar\/notas\/wp-json\/wp\/v2\/categories?post=94356"},{"taxonomy":"post_tag","embeddable":true,"href":"https:\/\/www.elsindical.com.ar\/notas\/wp-json\/wp\/v2\/tags?post=94356"}],"curies":[{"name":"wp","href":"https:\/\/api.w.org\/{rel}","templated":true}]}}