{"id":9435,"date":"2010-09-11T21:30:04","date_gmt":"2010-09-12T00:30:04","guid":{"rendered":"http:\/\/www.elsindical.com.ar\/notas\/?p=9435"},"modified":"2010-09-11T21:30:04","modified_gmt":"2010-09-12T00:30:04","slug":"kurt-sonnenfeld-estados-unidos-sabia-de-los-ataques-dejo-que-sucedieran-y-hasta-colaboraron-en-ello","status":"publish","type":"post","link":"https:\/\/www.elsindical.com.ar\/notas\/kurt-sonnenfeld-estados-unidos-sabia-de-los-ataques-dejo-que-sucedieran-y-hasta-colaboraron-en-ello\/","title":{"rendered":"Kurt Sonnenfeld, \u00abEstados Unidos sab\u00eda de los ataques, dej\u00f3 que sucedieran y hasta colaboraron en ello.\u00bb"},"content":{"rendered":"<div>\n<div style=\"text-align: justify;\"><em><a href=\"http:\/\/www.elsindical.com.ar\/notas\/var\/www\/html\/notas\/wp-content\/uploads\/2010\/09\/PAULA-Y-KURT.jpg\"><img loading=\"lazy\" decoding=\"async\" class=\"alignleft size-medium wp-image-9436\" title=\"PAULA-Y-KURT\" src=\"http:\/\/www.elsindical.com.ar\/notas\/var\/www\/html\/notas\/wp-content\/uploads\/2010\/09\/PAULA-Y-KURT-300x234.jpg\" alt=\"\" width=\"300\" height=\"234\" srcset=\"https:\/\/www.elsindical.com.ar\/notas\/var\/www\/html\/notas\/wp-content\/uploads\/2010\/09\/PAULA-Y-KURT-300x234.jpg 300w, https:\/\/www.elsindical.com.ar\/notas\/var\/www\/html\/notas\/wp-content\/uploads\/2010\/09\/PAULA-Y-KURT.jpg 443w\" sizes=\"auto, (max-width: 300px) 100vw, 300px\" \/><\/a>Kurt Sonnenfeld: \u00abEstados Unidos sabia de los ataques, dejo que sucedieran y hasta colaboraron en ello.\u00bb<\/em><\/div>\n<div style=\"text-align: justify;\">Kurt Sonnenfeld fue en Septiembre 11 del 2001, el documentalista oficial y cameraman designado por el gobierno de Estados Unidos para filmar en las Torres Gemelas. Como testigo directo de la tragedia, su testimonio contradice la versi\u00f3n oficial de lo sucedido. Debido a la persecuci\u00f3n pol\u00edtica sufrida por Sonnenfeld, no entreg\u00f3 las im\u00e1genes a su gobierno y las preserv\u00f3 a resguardo. Sonnenfeld plasm\u00f3 todas sus experiencias en el libro \u00abEl Perseguido\u00bb y vive hoy refugiado en Argentina junto a su esposa Paula y sus dos peque\u00f1as hijas.<\/div>\n<div style=\"text-align: justify;\">\u00abAunque nuestra situaci\u00f3n es de mucha tensi\u00f3n por los continuos ataques que recibimos por parte del Gobierno de los Estados Unidos, quienes nuevamente incrementaron su acoso y su agresividad, y a pesar de haber sido hackeado nuestro sitio web, decidimos continuar intentado contribuir en la b\u00fasqueda de la verdad liberando fotos y material de video producto de las casi cinco semanas de trabajo en el World Trade Center, Torres Gemelas,\u00bb aseguro Kurt Sonnenfeld.<\/div>\n<div style=\"text-align: justify;\">Sonnenfeld, ya contribuy\u00f3 liberando im\u00e1genes y documentaci\u00f3n, que esta siendo analizada por expertos en Argentina, Estados Unidos, Europa y Medio Oriente.<\/div>\n<div style=\"text-align: justify;\">\u00abEs vital el estudio de especialistas en la materia, para colaborar en el esclarecimiento de un hecho hist\u00f3rico que le permiti\u00f3 al gobierno de Estados Unidos continuar con su pol\u00edtica imperialista y expansionista. Entiendo por lo vivido y mi experiencia en Ground Zero, as\u00ed como por lo que muchas de mis im\u00e1genes reflejan, que el gobierno de Estados Unidos sabia de los ataques, dejo que sucedieran y hasta colaboraron en ello,\u00bb agreg\u00f3 el documentalista.<\/div>\n<div style=\"text-align: justify;\">\u00a0<\/div>\n<div style=\"text-align: justify;\">\u00abSiempre que nos han solicitado im\u00e1genes o nuestro testimonio, lo hemos brindado a pesar de la precariedad y le delicado de nuestra situaci\u00f3n. Solo somos una familia como cualquier otra, que con el apoyo de las organizaciones sociales y de derechos humanos, le damos batalla al sistema y al gobierno de Estados Unidos,\u00bb resalt\u00f3 Paula Sonnenfeld.<\/div>\n<div style=\"text-align: justify;\">\u00a0<\/div>\n<div style=\"text-align: justify;\">Para acceder a mayor informaci\u00f3n y material fotogr\u00e1fico, o para sumarse a la campa\u00f1a de firmas para la obtenci\u00f3n del Asilo y\/o Refugio Definitivo de Kurt Sonnenfeld en la Argentina se puede ingresar al sitio: <a rel=\"nofollow\" href=\"http:\/\/www.elperseguido.net\/\" target=\"_blank\">http:\/\/www.elperseguido.net\/<\/a><\/div>\n<\/div>\n<div>\n<div>PRENSA Y DIFUSION<\/div>\n<div>MARCELO CENA: 15 4415-8283<\/div>\n<div>PAULA Y KURT SONNENFELD<\/div>\n<div style=\"text-align: justify;\">15 3854-4207<\/div>\n<\/div>\n","protected":false},"excerpt":{"rendered":"<p>Kurt Sonnenfeld: \u00abEstados Unidos sabia de los ataques, dejo que sucedieran y hasta colaboraron en ello.\u00bb Kurt Sonnenfeld fue en Septiembre 11 del 2001, el documentalista oficial y cameraman designado por el gobierno de Estados Unidos para filmar en las Torres Gemelas. Como testigo directo de la tragedia, su testimonio contradice la versi\u00f3n oficial de&hellip;<\/p>\n","protected":false},"author":1,"featured_media":0,"comment_status":"open","ping_status":"open","sticky":false,"template":"","format":"standard","meta":{"footnotes":""},"categories":[6],"tags":[4593,141,4591,4592],"class_list":["post-9435","post","type-post","status-publish","format-standard","hentry","category-denuncias","tag-11-de-septiembre","tag-eeuu","tag-kurt-sonnenfeld","tag-paula-sonnenfeld"],"_links":{"self":[{"href":"https:\/\/www.elsindical.com.ar\/notas\/wp-json\/wp\/v2\/posts\/9435","targetHints":{"allow":["GET"]}}],"collection":[{"href":"https:\/\/www.elsindical.com.ar\/notas\/wp-json\/wp\/v2\/posts"}],"about":[{"href":"https:\/\/www.elsindical.com.ar\/notas\/wp-json\/wp\/v2\/types\/post"}],"author":[{"embeddable":true,"href":"https:\/\/www.elsindical.com.ar\/notas\/wp-json\/wp\/v2\/users\/1"}],"replies":[{"embeddable":true,"href":"https:\/\/www.elsindical.com.ar\/notas\/wp-json\/wp\/v2\/comments?post=9435"}],"version-history":[{"count":1,"href":"https:\/\/www.elsindical.com.ar\/notas\/wp-json\/wp\/v2\/posts\/9435\/revisions"}],"predecessor-version":[{"id":9437,"href":"https:\/\/www.elsindical.com.ar\/notas\/wp-json\/wp\/v2\/posts\/9435\/revisions\/9437"}],"wp:attachment":[{"href":"https:\/\/www.elsindical.com.ar\/notas\/wp-json\/wp\/v2\/media?parent=9435"}],"wp:term":[{"taxonomy":"category","embeddable":true,"href":"https:\/\/www.elsindical.com.ar\/notas\/wp-json\/wp\/v2\/categories?post=9435"},{"taxonomy":"post_tag","embeddable":true,"href":"https:\/\/www.elsindical.com.ar\/notas\/wp-json\/wp\/v2\/tags?post=9435"}],"curies":[{"name":"wp","href":"https:\/\/api.w.org\/{rel}","templated":true}]}}