{"id":94299,"date":"2020-03-17T15:24:09","date_gmt":"2020-03-17T18:24:09","guid":{"rendered":"http:\/\/www.elsindical.com.ar\/notas\/?p=94299"},"modified":"2020-03-17T15:24:09","modified_gmt":"2020-03-17T18:24:09","slug":"defensores-oficiales-pediran-domiciliaria-para-detenidos-en-grupos-de-riesgo","status":"publish","type":"post","link":"https:\/\/www.elsindical.com.ar\/notas\/defensores-oficiales-pediran-domiciliaria-para-detenidos-en-grupos-de-riesgo\/","title":{"rendered":"Defensores oficiales pedir\u00e1n domiciliaria para detenidos en grupos de riesgo"},"content":{"rendered":"\n<figure class=\"wp-block-image size-large\"><img loading=\"lazy\" decoding=\"async\" width=\"640\" height=\"335\" src=\"http:\/\/www.elsindical.com.ar\/notas\/var\/www\/html\/notas\/wp-content\/uploads\/2020\/03\/c\u00e1rceles-gen\u00e9rico.jpg\" alt=\"\" class=\"wp-image-94300\" srcset=\"https:\/\/www.elsindical.com.ar\/notas\/var\/www\/html\/notas\/wp-content\/uploads\/2020\/03\/c\u00e1rceles-gen\u00e9rico.jpg 640w, https:\/\/www.elsindical.com.ar\/notas\/var\/www\/html\/notas\/wp-content\/uploads\/2020\/03\/c\u00e1rceles-gen\u00e9rico-300x157.jpg 300w, https:\/\/www.elsindical.com.ar\/notas\/var\/www\/html\/notas\/wp-content\/uploads\/2020\/03\/c\u00e1rceles-gen\u00e9rico-500x262.jpg 500w\" sizes=\"auto, (max-width: 640px) 100vw, 640px\" \/><\/figure>\n\n\n\n<p class=\"wp-block-paragraph\">El Ministerio P\u00fablico de la provincia de Buenos Aires instruy\u00f3 este \nlunes a los defensores oficiales a evaluar inmediatamente la posibilidad\n de requerir la prisi\u00f3n domiciliaria u otras formas alternativas al \nencierro respecto de sus defendidos privados de la libertad que \nconformen grupos de riesgo frente ante el coronavirus.<\/p>\n\n\n\n<p class=\"wp-block-paragraph\">El Procurador General de la Suprema Corte de Justicia bonaerense, \nJulio Conte Grand, pidi\u00f3 hoy que se consideraran especialmente \u00abla \nparticularidades f\u00e1cticas y normativas de cada caso\u00bb.<\/p>\n\n\n\n<p class=\"wp-block-paragraph\">De acuerdo a los mismos criterios epidemiol\u00f3gicos y razones de salud \np\u00fablica, se les encomend\u00f3 tambi\u00e9n a los fiscales evaluar estas \ncircunstancias al momento de expedirse sobre pedidos de prisi\u00f3n \ndomiciliaria o sus alternativas respecto de personas detenidas.<\/p>\n\n\n\n<p class=\"wp-block-paragraph\">Una fuente del Ministerio de Justicia y Derechos Humanos de la \nprovincia de Buenos Aires, que conduce Julio Alak, inform\u00f3 a T\u00e9lam que \n\u00abante cualquier requerimiento que realice el ministerio P\u00fablico el \nServicio Penitenciario Bonaerense actuar\u00e1 con la mayor celeridad para \ndar cumplimiento a esa solicitud\u00bb.<\/p>\n","protected":false},"excerpt":{"rendered":"<p>El Ministerio P\u00fablico de la provincia de Buenos Aires instruy\u00f3 este lunes a los defensores oficiales a evaluar inmediatamente la posibilidad de requerir la prisi\u00f3n domiciliaria u otras formas alternativas al encierro respecto de sus defendidos privados de la libertad que conformen grupos de riesgo frente ante el coronavirus. El Procurador General de la Suprema&hellip;<\/p>\n","protected":false},"author":1,"featured_media":94300,"comment_status":"open","ping_status":"open","sticky":false,"template":"","format":"standard","meta":{"footnotes":""},"categories":[19],"tags":[32346,11003,742,2450,32653,3879,32654],"class_list":["post-94299","post","type-post","status-publish","format-standard","has-post-thumbnail","hentry","category-intramuros","tag-coronavirus","tag-defensores-oficiales","tag-detenidos","tag-diario-el-sindical","tag-grupos-de-riesgo","tag-prision-domiciliaria","tag-procurador-general-de-la-suprema-corte-de-justicia-bonaerense"],"_links":{"self":[{"href":"https:\/\/www.elsindical.com.ar\/notas\/wp-json\/wp\/v2\/posts\/94299","targetHints":{"allow":["GET"]}}],"collection":[{"href":"https:\/\/www.elsindical.com.ar\/notas\/wp-json\/wp\/v2\/posts"}],"about":[{"href":"https:\/\/www.elsindical.com.ar\/notas\/wp-json\/wp\/v2\/types\/post"}],"author":[{"embeddable":true,"href":"https:\/\/www.elsindical.com.ar\/notas\/wp-json\/wp\/v2\/users\/1"}],"replies":[{"embeddable":true,"href":"https:\/\/www.elsindical.com.ar\/notas\/wp-json\/wp\/v2\/comments?post=94299"}],"version-history":[{"count":1,"href":"https:\/\/www.elsindical.com.ar\/notas\/wp-json\/wp\/v2\/posts\/94299\/revisions"}],"predecessor-version":[{"id":94301,"href":"https:\/\/www.elsindical.com.ar\/notas\/wp-json\/wp\/v2\/posts\/94299\/revisions\/94301"}],"wp:featuredmedia":[{"embeddable":true,"href":"https:\/\/www.elsindical.com.ar\/notas\/wp-json\/wp\/v2\/media\/94300"}],"wp:attachment":[{"href":"https:\/\/www.elsindical.com.ar\/notas\/wp-json\/wp\/v2\/media?parent=94299"}],"wp:term":[{"taxonomy":"category","embeddable":true,"href":"https:\/\/www.elsindical.com.ar\/notas\/wp-json\/wp\/v2\/categories?post=94299"},{"taxonomy":"post_tag","embeddable":true,"href":"https:\/\/www.elsindical.com.ar\/notas\/wp-json\/wp\/v2\/tags?post=94299"}],"curies":[{"name":"wp","href":"https:\/\/api.w.org\/{rel}","templated":true}]}}