{"id":94291,"date":"2020-03-16T23:40:52","date_gmt":"2020-03-17T02:40:52","guid":{"rendered":"http:\/\/www.elsindical.com.ar\/notas\/?p=94291"},"modified":"2020-03-16T23:40:52","modified_gmt":"2020-03-17T02:40:52","slug":"declararan-asueto-hasta-el-31-de-marzo-en-la-justicia-bonaerense","status":"publish","type":"post","link":"https:\/\/www.elsindical.com.ar\/notas\/declararan-asueto-hasta-el-31-de-marzo-en-la-justicia-bonaerense\/","title":{"rendered":"Declararan asueto hasta el 31 de marzo en la Justicia bonaerense"},"content":{"rendered":"\n<figure class=\"wp-block-image size-large is-resized\"><img loading=\"lazy\" decoding=\"async\" src=\"http:\/\/www.elsindical.com.ar\/notas\/var\/www\/html\/notas\/wp-content\/uploads\/2011\/04\/Corte-bonaerense.jpg\" alt=\"\" class=\"wp-image-13601\" width=\"591\" height=\"444\" srcset=\"https:\/\/www.elsindical.com.ar\/notas\/var\/www\/html\/notas\/wp-content\/uploads\/2011\/04\/Corte-bonaerense.jpg 413w, https:\/\/www.elsindical.com.ar\/notas\/var\/www\/html\/notas\/wp-content\/uploads\/2011\/04\/Corte-bonaerense-300x225.jpg 300w\" sizes=\"auto, (max-width: 591px) 100vw, 591px\" \/><\/figure>\n\n\n\n<p class=\"wp-block-paragraph\">La Suprema Corte de Justicia de la provincia de Buenos Aires dispuso \neste lunes asueto en todo el \u00e1mbito del Poder Judicial provincial, con \nsuspensi\u00f3n de los t\u00e9rminos procesales, hasta el 31 de marzo del \ncorriente a\u00f1o, como consecuencia de las medidas para evitar la \npropagaci\u00f3n del coronavirus.<\/p>\n\n\n\n<p class=\"wp-block-paragraph\">De acuerdo a la Resoluci\u00f3n 386-20 firmada este lunes, se determin\u00f3 \nque durante este per\u00edodo la prestaci\u00f3n m\u00ednima del servicio de justicia \nse limitar\u00e1 a la atenci\u00f3n de asuntos de urgente despacho o que por su \nnaturaleza no admitan postergaci\u00f3n.<\/p>\n\n\n\n<p class=\"wp-block-paragraph\">La resoluci\u00f3n que entra en vigencia hoy est\u00e1 firmada por Eduardo \nN\u00e9stor de L\u00e1zzari, Daniel Fernando Soria, Eduardo Pettigiani, Luis \nGenoud, Hilda Kogan, Sergio Gabriel Torres y por el procurador \nbonaerense Julio Conte Grand.<\/p>\n\n\n\n<p class=\"wp-block-paragraph\">La acordada se\u00f1ala que el asueto se dispone ante la necesidad de \nadoptar medidas de car\u00e1cter \u00abextraordinario\u00bb que eviten o reduzcan la \npropagaci\u00f3n del virus \u00abgarantizando una prestaci\u00f3n esencial del servicio\n de justicia\u00bb.<\/p>\n\n\n\n<p class=\"wp-block-paragraph\">Al mismo tiempo, la resoluci\u00f3n contempl\u00f3 que el actual estado de \nemergencia, \u00abrequiere preservar la salud del personal del Poder \nJudicial, como as\u00ed tambi\u00e9n de todas las personas que concurren por \ncualquier motivo a las dependencias que lo integran\u00bb.<\/p>\n\n\n\n<p class=\"wp-block-paragraph\">Respecto a la atenci\u00f3n de los asuntos urgentes, el m\u00e1ximo tribunal \nbonaerense decidi\u00f3 que \u00abpermanezcan habilitados exclusivamente los \nJuzgados y Tribunales en turno, incluyendo las sedes descentralizadas, \nfuncionando con guardias m\u00ednimas, conformadas con el magistrado a cargo \n-en caso de Tribunales Colegiados al menos uno de sus integrantes-, un \nfuncionario letrado y los agentes indispensables que el titular \ndesigne\u00bb.<\/p>\n\n\n\n<p class=\"wp-block-paragraph\">En los restantes organismos se instruy\u00f3 la permanencia del magistrado\n o un funcionario letrado en forma rotativa, sin la concurrencia del \nresto del personal, pero quedando a disposici\u00f3n del titular para el caso\n en que sea requerido.<\/p>\n\n\n\n<p class=\"wp-block-paragraph\">Esos organismos prestar\u00e1n la colaboraci\u00f3n necesaria a la dependencia de turno, sin atenci\u00f3n al p\u00fablico.<\/p>\n\n\n\n<p class=\"wp-block-paragraph\">En la Suprema Corte de Justicia tambi\u00e9n habr\u00e1 un sistema de guardias \nrotativas, con participaci\u00f3n del titular o funcionario a cargo y la \nm\u00ednima cantidad de agentes de sus distintas secretar\u00edas y dependencias.<\/p>\n\n\n\n<p class=\"wp-block-paragraph\">Por su parte, en las C\u00e1maras de Apelaci\u00f3n deber\u00e1n organizarse \nguardias para la atenci\u00f3n de los asuntos urgentes, con presencia de los \nJueces o Vocales y los agentes que determinen.<\/p>\n\n\n\n<p class=\"wp-block-paragraph\">En cuanto a las C\u00e1maras del Fuero Civil y Comercial se las autoriza a\n incorporar Juzgados de Familia adicionales a los de turno a fin de \nasegurar la debida prestaci\u00f3n del servicio.<\/p>\n\n\n\n<p class=\"wp-block-paragraph\">Por su parte, se contempla que la Procuraci\u00f3n General adopte dentro \ndel \u00e1mbito del Ministerio P\u00fablico las medidas que estime pertinentes, en\n funci\u00f3n de los lineamientos establecidos en la presente resoluci\u00f3n y en\n un marco de criterios comunes de aplicaci\u00f3n.<\/p>\n","protected":false},"excerpt":{"rendered":"<p>La Suprema Corte de Justicia de la provincia de Buenos Aires dispuso este lunes asueto en todo el \u00e1mbito del Poder Judicial provincial, con suspensi\u00f3n de los t\u00e9rminos procesales, hasta el 31 de marzo del corriente a\u00f1o, como consecuencia de las medidas para evitar la propagaci\u00f3n del coronavirus. De acuerdo a la Resoluci\u00f3n 386-20 firmada&hellip;<\/p>\n","protected":false},"author":1,"featured_media":13601,"comment_status":"open","ping_status":"open","sticky":false,"template":"","format":"standard","meta":{"footnotes":""},"categories":[20],"tags":[1293,4621,2450,32650],"class_list":["post-94291","post","type-post","status-publish","format-standard","has-post-thumbnail","hentry","category-judiciales","tag-asueto","tag-corte-bonaerense","tag-diario-el-sindical","tag-resolucion-386-20"],"_links":{"self":[{"href":"https:\/\/www.elsindical.com.ar\/notas\/wp-json\/wp\/v2\/posts\/94291","targetHints":{"allow":["GET"]}}],"collection":[{"href":"https:\/\/www.elsindical.com.ar\/notas\/wp-json\/wp\/v2\/posts"}],"about":[{"href":"https:\/\/www.elsindical.com.ar\/notas\/wp-json\/wp\/v2\/types\/post"}],"author":[{"embeddable":true,"href":"https:\/\/www.elsindical.com.ar\/notas\/wp-json\/wp\/v2\/users\/1"}],"replies":[{"embeddable":true,"href":"https:\/\/www.elsindical.com.ar\/notas\/wp-json\/wp\/v2\/comments?post=94291"}],"version-history":[{"count":1,"href":"https:\/\/www.elsindical.com.ar\/notas\/wp-json\/wp\/v2\/posts\/94291\/revisions"}],"predecessor-version":[{"id":94292,"href":"https:\/\/www.elsindical.com.ar\/notas\/wp-json\/wp\/v2\/posts\/94291\/revisions\/94292"}],"wp:featuredmedia":[{"embeddable":true,"href":"https:\/\/www.elsindical.com.ar\/notas\/wp-json\/wp\/v2\/media\/13601"}],"wp:attachment":[{"href":"https:\/\/www.elsindical.com.ar\/notas\/wp-json\/wp\/v2\/media?parent=94291"}],"wp:term":[{"taxonomy":"category","embeddable":true,"href":"https:\/\/www.elsindical.com.ar\/notas\/wp-json\/wp\/v2\/categories?post=94291"},{"taxonomy":"post_tag","embeddable":true,"href":"https:\/\/www.elsindical.com.ar\/notas\/wp-json\/wp\/v2\/tags?post=94291"}],"curies":[{"name":"wp","href":"https:\/\/api.w.org\/{rel}","templated":true}]}}