{"id":94217,"date":"2020-03-14T10:06:50","date_gmt":"2020-03-14T13:06:50","guid":{"rendered":"http:\/\/www.elsindical.com.ar\/notas\/?p=94217"},"modified":"2020-03-14T10:06:50","modified_gmt":"2020-03-14T13:06:50","slug":"liberan-a-dos-concejales-de-tornquist-acusados-de-haber-retirado-doce-plantas-de-marihuana-del-inta","status":"publish","type":"post","link":"https:\/\/www.elsindical.com.ar\/notas\/liberan-a-dos-concejales-de-tornquist-acusados-de-haber-retirado-doce-plantas-de-marihuana-del-inta\/","title":{"rendered":"Liberan a dos concejales de Tornquist acusados de haber retirado doce plantas de marihuana del INTA"},"content":{"rendered":"\n<figure class=\"wp-block-image size-large\"><img loading=\"lazy\" decoding=\"async\" width=\"1024\" height=\"576\" src=\"http:\/\/www.elsindical.com.ar\/notas\/var\/www\/html\/notas\/wp-content\/uploads\/2020\/03\/Raising-y-Labarthe-1024x576.jpg\" alt=\"\" class=\"wp-image-94218\" srcset=\"https:\/\/www.elsindical.com.ar\/notas\/var\/www\/html\/notas\/wp-content\/uploads\/2020\/03\/Raising-y-Labarthe-1024x576.jpg 1024w, https:\/\/www.elsindical.com.ar\/notas\/var\/www\/html\/notas\/wp-content\/uploads\/2020\/03\/Raising-y-Labarthe-300x169.jpg 300w, https:\/\/www.elsindical.com.ar\/notas\/var\/www\/html\/notas\/wp-content\/uploads\/2020\/03\/Raising-y-Labarthe-768x432.jpg 768w, https:\/\/www.elsindical.com.ar\/notas\/var\/www\/html\/notas\/wp-content\/uploads\/2020\/03\/Raising-y-Labarthe-500x281.jpg 500w, https:\/\/www.elsindical.com.ar\/notas\/var\/www\/html\/notas\/wp-content\/uploads\/2020\/03\/Raising-y-Labarthe-460x260.jpg 460w, https:\/\/www.elsindical.com.ar\/notas\/var\/www\/html\/notas\/wp-content\/uploads\/2020\/03\/Raising-y-Labarthe.jpg 1200w\" sizes=\"auto, (max-width: 1024px) 100vw, 1024px\" \/><\/figure>\n\n\n\n<p>Ambos funcionarios de Juntos por  el Cambio, quienes hab\u00edan sido apresados por Gendarmer\u00eda Nacional el  mi\u00e9rcoles pasado, este viernes recuperaron la libertad por orden de la  jueza de garant\u00edas de Bah\u00eda Blanca, luego de declarar.\u00a0 <\/p>\n\n\n\n<p>Los dos concejales de Tornquist  aprehendidos el mi\u00e9rcoles cuando retiraban 12 plantas de marihuana de  la delegaci\u00f3n del Instituto Nacional de Tecnolog\u00eda Agropecuaria (INTA)  de esa ciudad bonaerense, fueron liberados esta tarde por orden de una  jueza de Garant\u00edas de Bah\u00eda Blanca, informaron fuentes judiciales.<\/p>\n\n\n\n<p>Se trata del presidente del Concejo Deliberante local (actualmente de licencia), <strong>Federico Labhathe<\/strong>, y el vice primero del cuerpo, <strong>Gustavo Raising<\/strong>,\n ambos de Juntos por el Cambio, quienes hab\u00edan sido apresados durante un\n procedimiento realizado por personal de Gendarmer\u00eda Nacional.<\/p>\n\n\n\n<p>Fuentes judiciales se\u00f1alaron que los dos concejales declararon este viernes&nbsp;ante el fiscal de la causa, <strong>Mauricio del Cero<\/strong>,\n ante quien reconocieron que hab\u00edan sido sorprendidos por personal de \nGendarmer\u00eda cuando ten\u00edan en su poder plantas de marihuana.<\/p>\n\n\n\n<p><em>\u00abAnte el fiscal indicaron que s\u00f3lo una estaba plantada en el INTA de   Tornquist,  en tanto que las restantes pertenec\u00edan a cultivadores y que las iban a  ocultar en un campo para evitar que las secuestren los efectivos\u00bb, <\/em>se\u00f1al\u00f3 un vocero.<\/p>\n\n\n\n<p>Seg\u00fan las fuentes, la defensa oficial de los dos ediles interpuso en \nla v\u00edspera un recurso de habeas corpus por la supuesta detenci\u00f3n \narbitraria, por lo que la jueza de Garant\u00edas<strong> Marisa Prom\u00e9<\/strong><br><em>\u00abno decidi\u00f3 hacer lugar al mismo\u00bb.<\/em><\/p>\n\n\n\n<p><em>\u00abLa magistrada decidi\u00f3 no hacer lugar al mismo por considerar que\n el procedimiento se realiz\u00f3 correctamente y que las aprehensiones en \nflagrante delito estaban justificadas en el momento que se dispusieron\u00bb<\/em>, agreg\u00f3 el vocero.<\/p>\n\n\n\n<p>La jueza Prom\u00e9 orden\u00f3 que recuperen la libertad hasta tanto se  esclarezcan ciertas situaciones probatorias, mientras se profundiza la  investigaci\u00f3n y se recaudan m\u00e1s elementos pese a que el fiscal Del Cero  hab\u00eda solicitado que sigan detenidos.<\/p>\n\n\n\n<p>Los voceros agregaron adem\u00e1s que un matrimonio que hab\u00eda sido  demorado en el marco de la causa recuper\u00f3 la libertad en las \u00faltimas  horas.<\/p>\n\n\n\n<p><em>\u00abEstaba planificado un s\u00f3lo allanamiento en un domicilio de \nTornquist en el que se encontraron entre 25 y 30 kilos de marihuana, \nentre hojas, cogollos y tallos, que era la previsi\u00f3n inicial<\/em>\u00ab, hab\u00eda dicho el fiscal Del Cero.<\/p>\n\n\n\n<p>El funcionario judicial agreg\u00f3 que \u00ab<em>cuando no hab\u00eda terminado la \nactuaci\u00f3n de Gendarmer\u00eda fueron detectadas dos personas identificadas \ncomo Labhathe y Raising sacando entre diez y doce plantas del INTA\u00bb.<\/em><\/p>\n\n\n\n<p><em>\u00abLa causa arranc\u00f3 a partir de una denuncia an\u00f3nima y se reactiv\u00f3 a  datos a una persona fotografiada en su propia plantaci\u00f3n en el patio de  la vivienda\u00bb<\/em>, agreg\u00f3 el fiscal en referencia al primer operativo, en el que fueron detenidos un hombre y su esposa.<\/p>\n\n\n\n<figure class=\"wp-block-image size-large\"><img loading=\"lazy\" decoding=\"async\" width=\"921\" height=\"494\" src=\"http:\/\/www.elsindical.com.ar\/notas\/var\/www\/html\/notas\/wp-content\/uploads\/2020\/03\/plantas-Marihuana-concejales.jpg\" alt=\"\" class=\"wp-image-94219\" srcset=\"https:\/\/www.elsindical.com.ar\/notas\/var\/www\/html\/notas\/wp-content\/uploads\/2020\/03\/plantas-Marihuana-concejales.jpg 921w, https:\/\/www.elsindical.com.ar\/notas\/var\/www\/html\/notas\/wp-content\/uploads\/2020\/03\/plantas-Marihuana-concejales-300x161.jpg 300w, https:\/\/www.elsindical.com.ar\/notas\/var\/www\/html\/notas\/wp-content\/uploads\/2020\/03\/plantas-Marihuana-concejales-768x412.jpg 768w, https:\/\/www.elsindical.com.ar\/notas\/var\/www\/html\/notas\/wp-content\/uploads\/2020\/03\/plantas-Marihuana-concejales-500x268.jpg 500w\" sizes=\"auto, (max-width: 921px) 100vw, 921px\" \/><\/figure>\n","protected":false},"excerpt":{"rendered":"<p>Ambos funcionarios de Juntos por el Cambio, quienes hab\u00edan sido apresados por Gendarmer\u00eda Nacional el mi\u00e9rcoles pasado, este viernes recuperaron la libertad por orden de la jueza de garant\u00edas de Bah\u00eda Blanca, luego de declarar.\u00a0 Los dos concejales de Tornquist aprehendidos el mi\u00e9rcoles cuando retiraban 12 plantas de marihuana de la delegaci\u00f3n del Instituto Nacional&hellip;<\/p>\n","protected":false},"author":1,"featured_media":94218,"comment_status":"open","ping_status":"open","sticky":false,"template":"","format":"standard","meta":{"footnotes":""},"categories":[20],"tags":[2450,32629,24887,1429,32630,16903,32631],"class_list":["post-94217","post","type-post","status-publish","format-standard","has-post-thumbnail","hentry","category-judiciales","tag-diario-el-sindical","tag-federico-labhathe","tag-fiscal-mauricio-del-cero","tag-gendarmeria-nacional","tag-gustavo-raising","tag-inta","tag-jueza-de-garantias-marisa-prome"],"_links":{"self":[{"href":"https:\/\/www.elsindical.com.ar\/notas\/wp-json\/wp\/v2\/posts\/94217","targetHints":{"allow":["GET"]}}],"collection":[{"href":"https:\/\/www.elsindical.com.ar\/notas\/wp-json\/wp\/v2\/posts"}],"about":[{"href":"https:\/\/www.elsindical.com.ar\/notas\/wp-json\/wp\/v2\/types\/post"}],"author":[{"embeddable":true,"href":"https:\/\/www.elsindical.com.ar\/notas\/wp-json\/wp\/v2\/users\/1"}],"replies":[{"embeddable":true,"href":"https:\/\/www.elsindical.com.ar\/notas\/wp-json\/wp\/v2\/comments?post=94217"}],"version-history":[{"count":1,"href":"https:\/\/www.elsindical.com.ar\/notas\/wp-json\/wp\/v2\/posts\/94217\/revisions"}],"predecessor-version":[{"id":94220,"href":"https:\/\/www.elsindical.com.ar\/notas\/wp-json\/wp\/v2\/posts\/94217\/revisions\/94220"}],"wp:featuredmedia":[{"embeddable":true,"href":"https:\/\/www.elsindical.com.ar\/notas\/wp-json\/wp\/v2\/media\/94218"}],"wp:attachment":[{"href":"https:\/\/www.elsindical.com.ar\/notas\/wp-json\/wp\/v2\/media?parent=94217"}],"wp:term":[{"taxonomy":"category","embeddable":true,"href":"https:\/\/www.elsindical.com.ar\/notas\/wp-json\/wp\/v2\/categories?post=94217"},{"taxonomy":"post_tag","embeddable":true,"href":"https:\/\/www.elsindical.com.ar\/notas\/wp-json\/wp\/v2\/tags?post=94217"}],"curies":[{"name":"wp","href":"https:\/\/api.w.org\/{rel}","templated":true}]}}