{"id":94203,"date":"2020-03-13T12:08:07","date_gmt":"2020-03-13T15:08:07","guid":{"rendered":"http:\/\/www.elsindical.com.ar\/notas\/?p=94203"},"modified":"2020-03-13T12:08:07","modified_gmt":"2020-03-13T15:08:07","slug":"brasil-jair-bolsonaro-dio-positivo-en-primer-examen-de-coronavirus","status":"publish","type":"post","link":"https:\/\/www.elsindical.com.ar\/notas\/brasil-jair-bolsonaro-dio-positivo-en-primer-examen-de-coronavirus\/","title":{"rendered":"Brasil: Jair Bolsonaro, dio positivo en primer examen de Coronavirus"},"content":{"rendered":"\n<figure class=\"wp-block-image size-large\"><img loading=\"lazy\" decoding=\"async\" width=\"980\" height=\"528\" src=\"http:\/\/www.elsindical.com.ar\/notas\/var\/www\/html\/notas\/wp-content\/uploads\/2020\/03\/Jair-Bolsonaro-Coronavirus.jpg\" alt=\"\" class=\"wp-image-94204\" srcset=\"https:\/\/www.elsindical.com.ar\/notas\/var\/www\/html\/notas\/wp-content\/uploads\/2020\/03\/Jair-Bolsonaro-Coronavirus.jpg 980w, https:\/\/www.elsindical.com.ar\/notas\/var\/www\/html\/notas\/wp-content\/uploads\/2020\/03\/Jair-Bolsonaro-Coronavirus-300x162.jpg 300w, https:\/\/www.elsindical.com.ar\/notas\/var\/www\/html\/notas\/wp-content\/uploads\/2020\/03\/Jair-Bolsonaro-Coronavirus-768x414.jpg 768w, https:\/\/www.elsindical.com.ar\/notas\/var\/www\/html\/notas\/wp-content\/uploads\/2020\/03\/Jair-Bolsonaro-Coronavirus-500x269.jpg 500w\" sizes=\"auto, (max-width: 980px) 100vw, 980px\" \/><\/figure>\n\n\n\n<p class=\"wp-block-paragraph\"> El presidente  brasile\u00f1o dio positivo en la primera prueba. En su \u00faltima aparici\u00f3n  p\u00fablica hab\u00eda aparecido con un barbijo a la espera de los resultados. <\/p>\n\n\n\n<p class=\"wp-block-paragraph\">El presidente Jair Bolsonaro se hizo una prueba de coronavirus que dio positivo, afirm\u00f3 un diario brasile\u00f1o.<\/p>\n\n\n\n<p class=\"wp-block-paragraph\">En su \u00faltima aparici\u00f3n p\u00fablica hab\u00eda aparecido con un barbijo a la espera de los resultados.<\/p>\n\n\n\n<p class=\"wp-block-paragraph\">De acuerdo a diversos medios internacionales y brasile\u00f1os, el mandatario\u00a0est\u00e1 esperando los resultados de una segunda prueba.<\/p>\n","protected":false},"excerpt":{"rendered":"<p>El presidente brasile\u00f1o dio positivo en la primera prueba. En su \u00faltima aparici\u00f3n p\u00fablica hab\u00eda aparecido con un barbijo a la espera de los resultados. El presidente Jair Bolsonaro se hizo una prueba de coronavirus que dio positivo, afirm\u00f3 un diario brasile\u00f1o. En su \u00faltima aparici\u00f3n p\u00fablica hab\u00eda aparecido con un barbijo a la espera&hellip;<\/p>\n","protected":false},"author":1,"featured_media":94204,"comment_status":"open","ping_status":"open","sticky":false,"template":"","format":"standard","meta":{"footnotes":""},"categories":[18],"tags":[95,32346,2450,29775,547],"class_list":["post-94203","post","type-post","status-publish","format-standard","has-post-thumbnail","hentry","category-internacionales","tag-brasil","tag-coronavirus","tag-diario-el-sindical","tag-jair-bolsonaro","tag-presidente"],"_links":{"self":[{"href":"https:\/\/www.elsindical.com.ar\/notas\/wp-json\/wp\/v2\/posts\/94203","targetHints":{"allow":["GET"]}}],"collection":[{"href":"https:\/\/www.elsindical.com.ar\/notas\/wp-json\/wp\/v2\/posts"}],"about":[{"href":"https:\/\/www.elsindical.com.ar\/notas\/wp-json\/wp\/v2\/types\/post"}],"author":[{"embeddable":true,"href":"https:\/\/www.elsindical.com.ar\/notas\/wp-json\/wp\/v2\/users\/1"}],"replies":[{"embeddable":true,"href":"https:\/\/www.elsindical.com.ar\/notas\/wp-json\/wp\/v2\/comments?post=94203"}],"version-history":[{"count":1,"href":"https:\/\/www.elsindical.com.ar\/notas\/wp-json\/wp\/v2\/posts\/94203\/revisions"}],"predecessor-version":[{"id":94205,"href":"https:\/\/www.elsindical.com.ar\/notas\/wp-json\/wp\/v2\/posts\/94203\/revisions\/94205"}],"wp:featuredmedia":[{"embeddable":true,"href":"https:\/\/www.elsindical.com.ar\/notas\/wp-json\/wp\/v2\/media\/94204"}],"wp:attachment":[{"href":"https:\/\/www.elsindical.com.ar\/notas\/wp-json\/wp\/v2\/media?parent=94203"}],"wp:term":[{"taxonomy":"category","embeddable":true,"href":"https:\/\/www.elsindical.com.ar\/notas\/wp-json\/wp\/v2\/categories?post=94203"},{"taxonomy":"post_tag","embeddable":true,"href":"https:\/\/www.elsindical.com.ar\/notas\/wp-json\/wp\/v2\/tags?post=94203"}],"curies":[{"name":"wp","href":"https:\/\/api.w.org\/{rel}","templated":true}]}}