{"id":94133,"date":"2020-03-10T12:02:37","date_gmt":"2020-03-10T15:02:37","guid":{"rendered":"http:\/\/www.elsindical.com.ar\/notas\/?p=94133"},"modified":"2020-03-10T12:02:37","modified_gmt":"2020-03-10T15:02:37","slug":"esteban-echeverria-separan-a-dos-policias-acusados-de-dejar-escapar-a-un-detenido-de-la-comisaria-de-transradio","status":"publish","type":"post","link":"https:\/\/www.elsindical.com.ar\/notas\/esteban-echeverria-separan-a-dos-policias-acusados-de-dejar-escapar-a-un-detenido-de-la-comisaria-de-transradio\/","title":{"rendered":"Esteban Echeverr\u00eda: Separan a dos polic\u00edas acusados de dejar escapar a un detenido de la Comisar\u00eda de Transradio"},"content":{"rendered":"\n<figure class=\"wp-block-image size-large\"><img loading=\"lazy\" decoding=\"async\" width=\"1024\" height=\"505\" src=\"http:\/\/www.elsindical.com.ar\/notas\/var\/www\/html\/notas\/wp-content\/uploads\/2018\/11\/Comisar\u00eda-3ra-Transradio-1024x505.jpg\" alt=\"\" class=\"wp-image-82619\" srcset=\"https:\/\/www.elsindical.com.ar\/notas\/var\/www\/html\/notas\/wp-content\/uploads\/2018\/11\/Comisar\u00eda-3ra-Transradio-1024x505.jpg 1024w, https:\/\/www.elsindical.com.ar\/notas\/var\/www\/html\/notas\/wp-content\/uploads\/2018\/11\/Comisar\u00eda-3ra-Transradio-300x148.jpg 300w, https:\/\/www.elsindical.com.ar\/notas\/var\/www\/html\/notas\/wp-content\/uploads\/2018\/11\/Comisar\u00eda-3ra-Transradio-768x379.jpg 768w, https:\/\/www.elsindical.com.ar\/notas\/var\/www\/html\/notas\/wp-content\/uploads\/2018\/11\/Comisar\u00eda-3ra-Transradio-500x247.jpg 500w, https:\/\/www.elsindical.com.ar\/notas\/var\/www\/html\/notas\/wp-content\/uploads\/2018\/11\/Comisar\u00eda-3ra-Transradio.jpg 1256w\" sizes=\"auto, (max-width: 1024px) 100vw, 1024px\" \/><\/figure>\n\n\n\n<p>Un Suboficial y un Subcomisario de la Comisar\u00eda 3ra de Transradio, en el  partido de Esteban Echeverr\u00eda, fueron separados de sus cargos y son  investigados por la fuga de un detenido de esa dependencia, informaron  fuentes policiales.<\/p>\n\n\n\n<p>El hecho trascendi\u00f3 este martes pero se produjo el viernes \u00faltimo \ncuando un detenido por tentativa de hurto esperaba una notificaci\u00f3n en \nla Comisar\u00eda de Transradio. Si bien se encontraba al cuidado de un \nsargento, el apresado forz\u00f3 una puerta de la dependencia y escap\u00f3.<\/p>\n\n\n\n<p>Fuentes policiales informaron que un par de horas m\u00e1s tarde, el sujeto, de 24 a\u00f1os, fue detenido a  pocos metros de su vivienda, en Villa Centenario, en Lomas de Zamora.<\/p>\n\n\n\n<p>El fiscal Gabriel Belicki de la UFI 4 de Echeverr\u00eda le dio \nintervenci\u00f3n a la Gendarmer\u00eda Nacional y a Asuntos Internos del \nMinisterio de Seguridad bonaerense.<\/p>\n\n\n\n<p>Ese \u00faltimo organismo dispuso desafectar al Sargento que deb\u00eda  custodiar al detenido y al oficial a cargo de la comisar\u00eda en esos  momentos. Ambos est\u00e1n imputados de \u201cFacilitaci\u00f3n de evasi\u00f3n\u201d. Es decir,  la hip\u00f3tesis del fiscal es que dejaron escapar al detenido.<\/p>\n","protected":false},"excerpt":{"rendered":"<p>Un Suboficial y un Subcomisario de la Comisar\u00eda 3ra de Transradio, en el partido de Esteban Echeverr\u00eda, fueron separados de sus cargos y son investigados por la fuga de un detenido de esa dependencia, informaron fuentes policiales. El hecho trascendi\u00f3 este martes pero se produjo el viernes \u00faltimo cuando un detenido por tentativa de hurto&hellip;<\/p>\n","protected":false},"author":1,"featured_media":82619,"comment_status":"open","ping_status":"open","sticky":false,"template":"","format":"standard","meta":{"footnotes":""},"categories":[22],"tags":[29947,91,2450,2408,1109,10846],"class_list":["post-94133","post","type-post","status-publish","format-standard","has-post-thumbnail","hentry","category-policiales","tag-comisaria-3ra-esteban-echeverria","tag-detenido","tag-diario-el-sindical","tag-evasion","tag-subcomisario","tag-transradio"],"_links":{"self":[{"href":"https:\/\/www.elsindical.com.ar\/notas\/wp-json\/wp\/v2\/posts\/94133","targetHints":{"allow":["GET"]}}],"collection":[{"href":"https:\/\/www.elsindical.com.ar\/notas\/wp-json\/wp\/v2\/posts"}],"about":[{"href":"https:\/\/www.elsindical.com.ar\/notas\/wp-json\/wp\/v2\/types\/post"}],"author":[{"embeddable":true,"href":"https:\/\/www.elsindical.com.ar\/notas\/wp-json\/wp\/v2\/users\/1"}],"replies":[{"embeddable":true,"href":"https:\/\/www.elsindical.com.ar\/notas\/wp-json\/wp\/v2\/comments?post=94133"}],"version-history":[{"count":1,"href":"https:\/\/www.elsindical.com.ar\/notas\/wp-json\/wp\/v2\/posts\/94133\/revisions"}],"predecessor-version":[{"id":94134,"href":"https:\/\/www.elsindical.com.ar\/notas\/wp-json\/wp\/v2\/posts\/94133\/revisions\/94134"}],"wp:featuredmedia":[{"embeddable":true,"href":"https:\/\/www.elsindical.com.ar\/notas\/wp-json\/wp\/v2\/media\/82619"}],"wp:attachment":[{"href":"https:\/\/www.elsindical.com.ar\/notas\/wp-json\/wp\/v2\/media?parent=94133"}],"wp:term":[{"taxonomy":"category","embeddable":true,"href":"https:\/\/www.elsindical.com.ar\/notas\/wp-json\/wp\/v2\/categories?post=94133"},{"taxonomy":"post_tag","embeddable":true,"href":"https:\/\/www.elsindical.com.ar\/notas\/wp-json\/wp\/v2\/tags?post=94133"}],"curies":[{"name":"wp","href":"https:\/\/api.w.org\/{rel}","templated":true}]}}