{"id":94093,"date":"2020-03-09T08:49:56","date_gmt":"2020-03-09T11:49:56","guid":{"rendered":"http:\/\/www.elsindical.com.ar\/notas\/?p=94093"},"modified":"2020-03-09T08:49:56","modified_gmt":"2020-03-09T11:49:56","slug":"chile-denuncian-muerte-de-un-manifestante-y-lesiones-a-periodista","status":"publish","type":"post","link":"https:\/\/www.elsindical.com.ar\/notas\/chile-denuncian-muerte-de-un-manifestante-y-lesiones-a-periodista\/","title":{"rendered":"Chile: denuncian muerte de un manifestante y lesiones a periodista"},"content":{"rendered":"\n<figure class=\"wp-block-image size-large\"><img loading=\"lazy\" decoding=\"async\" width=\"1004\" height=\"565\" src=\"http:\/\/www.elsindical.com.ar\/notas\/var\/www\/html\/notas\/wp-content\/uploads\/2020\/03\/8-de-marzo-Chile-1.jpg\" alt=\"\" class=\"wp-image-94094\" srcset=\"https:\/\/www.elsindical.com.ar\/notas\/var\/www\/html\/notas\/wp-content\/uploads\/2020\/03\/8-de-marzo-Chile-1.jpg 1004w, https:\/\/www.elsindical.com.ar\/notas\/var\/www\/html\/notas\/wp-content\/uploads\/2020\/03\/8-de-marzo-Chile-1-300x169.jpg 300w, https:\/\/www.elsindical.com.ar\/notas\/var\/www\/html\/notas\/wp-content\/uploads\/2020\/03\/8-de-marzo-Chile-1-768x432.jpg 768w, https:\/\/www.elsindical.com.ar\/notas\/var\/www\/html\/notas\/wp-content\/uploads\/2020\/03\/8-de-marzo-Chile-1-500x281.jpg 500w, https:\/\/www.elsindical.com.ar\/notas\/var\/www\/html\/notas\/wp-content\/uploads\/2020\/03\/8-de-marzo-Chile-1-460x260.jpg 460w\" sizes=\"auto, (max-width: 1004px) 100vw, 1004px\" \/><\/figure>\n\n\n\n<p>  INDH contabiliza casi 4.000 personas heridas en las protestas desde el pasado 18 de octubre. <\/p>\n\n\n\n<p>Unos 35 manifestantes detenidos y 59 carabineros heridos fueron el \nsaldo de la protesta de anoche en Santiago de Chile, de la que seg\u00fan \ninformes policiales participaron 4.200 personas.<\/p>\n\n\n\n<p>Lo hechos m\u00e1s violentos se registraron en las inmediaciones de la \nc\u00e9ntrica Plaza Baquedan, rebautizada como Plaza Dignidad por los \nmanifestantes que sostienen las protestas desde el estallido social del \n\u00faltimo octubre, donde los manifestantes se enfrentaron con efectivos de \nlas Fuerzas Especiales de Carabineros, que reprimieron la manifestaci\u00f3n.<\/p>\n\n\n\n<p>Un manifestante de 48 a\u00f1os<strong> falleci\u00f3 en un hospital de Santiago de Chile<\/strong>  despu\u00e9s de ser ingresado por un grave golpe en la cabeza, presuntamente  hecho por el disparo de una bomba lacrim\u00f3gena, en el marco de una  protesta que se desarroll\u00f3 en la c\u00e9ntrica Plaza Italia de la capital  chilena.<\/p>\n\n\n\n<p><strong>Cristi\u00e1n Valdebenito <\/strong>sufri\u00f3 un traumatismo  craneal grave cuando fue impactado supuestamente por el proyectil  lanzado por agentes de las Fuerzas Especiales de Carabineros (Polic\u00eda  militarizada) durante la represi\u00f3n de la protesta, seg\u00fan testigos  presenciales, hecho que est\u00e1 siendo investigado por la Fiscal\u00eda.<\/p>\n\n\n\n<p>Durante los <strong>enfrentamientos<\/strong> un cami\u00f3n hidrante qued\u00f3\n reducido a cenizas al recibir el impacto de un c\u00f3ctel molotov. Aunque \nlos funcionarios lograron extinguir el fuego, los manifestantes \nvolvieron a incendiarlo, inform\u00f3 la agencia DPA.<\/p>\n\n\n\n<p>Desde el Instituto Nacional de Derechos Humanos (INDH) se inform\u00f3 que\n tres j\u00f3venes sufrieron lesiones oculares en estos disturbios y fueron \ntrasladados de urgencia para ser atendidos.<\/p>\n\n\n\n<p>Este <strong>tipo de lesiones<\/strong>, producto de los disparos de  postas de goma a quemarropa es una de las caracter\u00edsticas de la  represi\u00f3n ejercida por Carabineros, que concentra m\u00faltiples acusaciones  por violaciones a los derechos humanos durante estos episodios.<\/p>\n\n\n\n<p><strong>El INDH conden\u00f3 adem\u00e1s<\/strong> \u00abla violenta e inexplicable  agresi\u00f3n que sufri\u00f3 esta tarde en Plaza Italia uno de los observadores  del INDH. Este hecho se suma a otros observados y grafican el uso  desmedido de la fuerza por parte de Carabineros\u00bb. Las protestas en Chile  estallaron el 17 de octubre contra la cuarta subida del precio del  metro en pocos meses y crecieron r\u00e1pidamente hasta denunciar la  desigualdad social y plantear la necesidad de elaborar una nueva  Constituci\u00f3n.<\/p>\n\n\n\n<p>Adem\u00e1s el <strong>periodista chileno Rafael Cavada fue golpeado<\/strong>  en la cabeza con un bate por parte de manifestantes que participaban en  una protesta contra del proyecto de redacci\u00f3n de una nueva Constituci\u00f3n  que se votar\u00e1 el pr\u00f3ximo 26 de abril en un plebiscito ciudadano, seg\u00fan  denunci\u00f3 el reportero.<\/p>\n\n\n\n<p>El <strong>comunicador estaba grabando la movilizaci\u00f3n<\/strong>  en un exclusivo barrio capitalino cuando varias personas comenzaron a  agredirle con porras extensibles, barras de madera y un bate, lo que le  caus\u00f3 una herida en la cabeza. El propio Cavada, tras recibir asistencia  m\u00e9dica, explic\u00f3 lo sucedido en un v\u00eddeo publicado por la radio local  Biob\u00edo, en el que se le puede ver con la camiseta ensangrentada.<\/p>\n\n\n\n<p>El presidente de Chile, <strong>Sebasti\u00e1n Pi\u00f1era<\/strong>, que  lleg\u00f3 a declarar el estado de emergencia desplegando a las Fuerzas  Armadas, pidi\u00f3 perd\u00f3n por no escuchar el clamor de los chilenos y  propuso una \u00abagenda social\u00bb.<\/p>\n\n\n\n<p>Con el objetivo de atenuar los reclamos, el mandatario remodel\u00f3 su  gabinete e inici\u00f3 un di\u00e1logo con los partidos pol\u00edticos, tanto  opositores como oficialistas, para avanzar en el temario de la nueva  Constituci\u00f3n, por la que habr\u00e1 un plebiscito el 26 de septiembre para  definir la composici\u00f3n del cuerpo que se encargar\u00e1 de redactar la nueva  carta magna, para reemplazar la actual, que sigue vigente desde el  gobierno del dictador Augusto Pinochet.<\/p>\n\n\n\n<figure class=\"wp-block-gallery columns-1 is-cropped wp-block-gallery-1 is-layout-flex wp-block-gallery-is-layout-flex\"><ul class=\"blocks-gallery-grid\"><li class=\"blocks-gallery-item\"><figure><img loading=\"lazy\" decoding=\"async\" width=\"1004\" height=\"565\" src=\"http:\/\/www.elsindical.com.ar\/notas\/var\/www\/html\/notas\/wp-content\/uploads\/2020\/03\/8-de-marzo-Chile-3.jpg\" alt=\"\" data-id=\"94095\" data-full-url=\"http:\/\/www.elsindical.com.ar\/notas\/var\/www\/html\/notas\/wp-content\/uploads\/2020\/03\/8-de-marzo-Chile-3.jpg\" data-link=\"http:\/\/www.elsindical.com.ar\/notas\/?attachment_id=94095#main\" class=\"wp-image-94095\" srcset=\"https:\/\/www.elsindical.com.ar\/notas\/var\/www\/html\/notas\/wp-content\/uploads\/2020\/03\/8-de-marzo-Chile-3.jpg 1004w, https:\/\/www.elsindical.com.ar\/notas\/var\/www\/html\/notas\/wp-content\/uploads\/2020\/03\/8-de-marzo-Chile-3-300x169.jpg 300w, https:\/\/www.elsindical.com.ar\/notas\/var\/www\/html\/notas\/wp-content\/uploads\/2020\/03\/8-de-marzo-Chile-3-768x432.jpg 768w, https:\/\/www.elsindical.com.ar\/notas\/var\/www\/html\/notas\/wp-content\/uploads\/2020\/03\/8-de-marzo-Chile-3-500x281.jpg 500w, https:\/\/www.elsindical.com.ar\/notas\/var\/www\/html\/notas\/wp-content\/uploads\/2020\/03\/8-de-marzo-Chile-3-460x260.jpg 460w\" sizes=\"auto, (max-width: 1004px) 100vw, 1004px\" \/><\/figure><\/li><li class=\"blocks-gallery-item\"><figure><img loading=\"lazy\" decoding=\"async\" width=\"696\" height=\"365\" src=\"http:\/\/www.elsindical.com.ar\/notas\/var\/www\/html\/notas\/wp-content\/uploads\/2020\/03\/8-de-marzo-Chile-2.jpg\" alt=\"\" data-id=\"94096\" data-full-url=\"http:\/\/www.elsindical.com.ar\/notas\/var\/www\/html\/notas\/wp-content\/uploads\/2020\/03\/8-de-marzo-Chile-2.jpg\" data-link=\"http:\/\/www.elsindical.com.ar\/notas\/?attachment_id=94096#main\" class=\"wp-image-94096\" srcset=\"https:\/\/www.elsindical.com.ar\/notas\/var\/www\/html\/notas\/wp-content\/uploads\/2020\/03\/8-de-marzo-Chile-2.jpg 696w, https:\/\/www.elsindical.com.ar\/notas\/var\/www\/html\/notas\/wp-content\/uploads\/2020\/03\/8-de-marzo-Chile-2-300x157.jpg 300w, https:\/\/www.elsindical.com.ar\/notas\/var\/www\/html\/notas\/wp-content\/uploads\/2020\/03\/8-de-marzo-Chile-2-500x262.jpg 500w\" sizes=\"auto, (max-width: 696px) 100vw, 696px\" \/><\/figure><\/li><\/ul><\/figure>\n","protected":false},"excerpt":{"rendered":"<p>INDH contabiliza casi 4.000 personas heridas en las protestas desde el pasado 18 de octubre. Unos 35 manifestantes detenidos y 59 carabineros heridos fueron el saldo de la protesta de anoche en Santiago de Chile, de la que seg\u00fan informes policiales participaron 4.200 personas. Lo hechos m\u00e1s violentos se registraron en las inmediaciones de la&hellip;<\/p>\n","protected":false},"author":1,"featured_media":94094,"comment_status":"open","ping_status":"open","sticky":false,"template":"","format":"standard","meta":{"footnotes":""},"categories":[18],"tags":[32599,1200,2450,1229],"class_list":["post-94093","post","type-post","status-publish","format-standard","has-post-thumbnail","hentry","category-internacionales","tag-8-de-marzo-2020","tag-chile","tag-diario-el-sindical","tag-incidentes"],"_links":{"self":[{"href":"https:\/\/www.elsindical.com.ar\/notas\/wp-json\/wp\/v2\/posts\/94093","targetHints":{"allow":["GET"]}}],"collection":[{"href":"https:\/\/www.elsindical.com.ar\/notas\/wp-json\/wp\/v2\/posts"}],"about":[{"href":"https:\/\/www.elsindical.com.ar\/notas\/wp-json\/wp\/v2\/types\/post"}],"author":[{"embeddable":true,"href":"https:\/\/www.elsindical.com.ar\/notas\/wp-json\/wp\/v2\/users\/1"}],"replies":[{"embeddable":true,"href":"https:\/\/www.elsindical.com.ar\/notas\/wp-json\/wp\/v2\/comments?post=94093"}],"version-history":[{"count":1,"href":"https:\/\/www.elsindical.com.ar\/notas\/wp-json\/wp\/v2\/posts\/94093\/revisions"}],"predecessor-version":[{"id":94097,"href":"https:\/\/www.elsindical.com.ar\/notas\/wp-json\/wp\/v2\/posts\/94093\/revisions\/94097"}],"wp:featuredmedia":[{"embeddable":true,"href":"https:\/\/www.elsindical.com.ar\/notas\/wp-json\/wp\/v2\/media\/94094"}],"wp:attachment":[{"href":"https:\/\/www.elsindical.com.ar\/notas\/wp-json\/wp\/v2\/media?parent=94093"}],"wp:term":[{"taxonomy":"category","embeddable":true,"href":"https:\/\/www.elsindical.com.ar\/notas\/wp-json\/wp\/v2\/categories?post=94093"},{"taxonomy":"post_tag","embeddable":true,"href":"https:\/\/www.elsindical.com.ar\/notas\/wp-json\/wp\/v2\/tags?post=94093"}],"curies":[{"name":"wp","href":"https:\/\/api.w.org\/{rel}","templated":true}]}}