{"id":94068,"date":"2020-03-07T10:51:19","date_gmt":"2020-03-07T13:51:19","guid":{"rendered":"http:\/\/www.elsindical.com.ar\/notas\/?p=94068"},"modified":"2020-03-07T10:51:19","modified_gmt":"2020-03-07T13:51:19","slug":"el-ministerio-de-educacion-da-continuidad-al-plan-fines-y-anuncia-nuevas-lineas-de-trabajo","status":"publish","type":"post","link":"https:\/\/www.elsindical.com.ar\/notas\/el-ministerio-de-educacion-da-continuidad-al-plan-fines-y-anuncia-nuevas-lineas-de-trabajo\/","title":{"rendered":"El Ministerio de Educaci\u00f3n da continuidad al Plan FinEs y anuncia nuevas l\u00edneas de trabajo"},"content":{"rendered":"\n<figure class=\"wp-block-image size-large\"><img loading=\"lazy\" decoding=\"async\" width=\"650\" height=\"135\" src=\"http:\/\/www.elsindical.com.ar\/notas\/var\/www\/html\/notas\/wp-content\/uploads\/2018\/03\/comunicado-de-prensa-Ministerio-de-Educaci\u00f3n.png\" alt=\"\" class=\"wp-image-76492\" srcset=\"https:\/\/www.elsindical.com.ar\/notas\/var\/www\/html\/notas\/wp-content\/uploads\/2018\/03\/comunicado-de-prensa-Ministerio-de-Educaci\u00f3n.png 650w, https:\/\/www.elsindical.com.ar\/notas\/var\/www\/html\/notas\/wp-content\/uploads\/2018\/03\/comunicado-de-prensa-Ministerio-de-Educaci\u00f3n-300x62.png 300w, https:\/\/www.elsindical.com.ar\/notas\/var\/www\/html\/notas\/wp-content\/uploads\/2018\/03\/comunicado-de-prensa-Ministerio-de-Educaci\u00f3n-500x104.png 500w\" sizes=\"auto, (max-width: 650px) 100vw, 650px\" \/><\/figure>\n\n\n\n<p>\nEl <strong>Ministerio de Educaci\u00f3n de la Naci\u00f3n<\/strong> da continuidad y pone en funcionamiento el nuevo <strong>Plan de Finalizaci\u00f3n de Estudios Secundarios (FinES)<\/strong>, en un esfuerzo conjunto entre Naci\u00f3n y las jurisdicciones. Este Plan tiene como objetivo <strong>ofrecer a las personas mayores de dieciocho a\u00f1os la posibilidad de finalizaci\u00f3n de sus estudios primarios y\/o secundarios.<\/strong><br>Al respecto, el titular de la cartera educativa nacional, <strong>Nicol\u00e1s Trotta<\/strong> afirm\u00f3: <em>\u00abEn\n esta nueva etapa nos enfrentamos al desaf\u00edo de recuperar experiencias y\n saberes acumulados para, a partir de lo transitado, relanzar un nuevo \nPlan FinES con profundo sentido federal, inclusivo, relevante y \ncontempor\u00e1neo. Es nuestro compromiso garantizar el derecho a la \neducaci\u00f3n y profundizar la democracia, apostando a una ciudadan\u00eda plena \nde derechos\u00bb<\/em>.<br>Los d<strong>estinatarios\n de este plan son j\u00f3venes y adultos que cursan el \u00faltimo a\u00f1o de la \neducaci\u00f3n secundaria como alumnos regulares y adeudan materias sin haber\n alcanzado el t\u00edtulo. A su vez, est\u00e1 dirigido a j\u00f3venes y adultos que no\n iniciaron o no completaron su educaci\u00f3n primaria y\/o secundaria.&nbsp;<\/strong><br>El nuevo Plan FinES tiene como novedad <strong>el fortalecimiento de las dimensiones pedag\u00f3gicas, t\u00e9cnicas y de gesti\u00f3n administrativa,<\/strong>\n que incluir\u00e1 diversas l\u00edneas de trabajo como la revisi\u00f3n y ampliaci\u00f3n \ncurricular y definici\u00f3n de criterios federales; el dise\u00f1o e \nimplementaci\u00f3n de un sistema digital para la inscripci\u00f3n, titulaci\u00f3n y \ncirculaci\u00f3n de documentaci\u00f3n; la ampliaci\u00f3n de las comisiones incluyendo\n aulas virtuales; entre otros.&nbsp;<\/p>\n\n\n\n<p><strong>Para mayor informaci\u00f3n ingres\u00e1 a la web del Ministerio de Educaci\u00f3n de la Naci\u00f3n:<\/strong><br><a href=\"https:\/\/lt.mydplr.com\/329bb3f83b57fa38baa50650919f3984-da832153f60ab03a160827154db03bae\" target=\"_blank\" rel=\"noreferrer noopener\">https:\/\/www.argentina.gob.ar\/educacion\/fines\/terminar-primaria-secundaria<\/a><\/p>\n","protected":false},"excerpt":{"rendered":"<p>El Ministerio de Educaci\u00f3n de la Naci\u00f3n da continuidad y pone en funcionamiento el nuevo Plan de Finalizaci\u00f3n de Estudios Secundarios (FinES), en un esfuerzo conjunto entre Naci\u00f3n y las jurisdicciones. Este Plan tiene como objetivo ofrecer a las personas mayores de dieciocho a\u00f1os la posibilidad de finalizaci\u00f3n de sus estudios primarios y\/o secundarios.Al respecto,&hellip;<\/p>\n","protected":false},"author":1,"featured_media":76492,"comment_status":"open","ping_status":"open","sticky":false,"template":"","format":"standard","meta":{"footnotes":""},"categories":[5],"tags":[30405,10267,32008],"class_list":["post-94068","post","type-post","status-publish","format-standard","has-post-thumbnail","hentry","category-cultura","tag-fines","tag-ministerio-de-educacion-de-la-nacion","tag-nicolas-trotta"],"_links":{"self":[{"href":"https:\/\/www.elsindical.com.ar\/notas\/wp-json\/wp\/v2\/posts\/94068","targetHints":{"allow":["GET"]}}],"collection":[{"href":"https:\/\/www.elsindical.com.ar\/notas\/wp-json\/wp\/v2\/posts"}],"about":[{"href":"https:\/\/www.elsindical.com.ar\/notas\/wp-json\/wp\/v2\/types\/post"}],"author":[{"embeddable":true,"href":"https:\/\/www.elsindical.com.ar\/notas\/wp-json\/wp\/v2\/users\/1"}],"replies":[{"embeddable":true,"href":"https:\/\/www.elsindical.com.ar\/notas\/wp-json\/wp\/v2\/comments?post=94068"}],"version-history":[{"count":1,"href":"https:\/\/www.elsindical.com.ar\/notas\/wp-json\/wp\/v2\/posts\/94068\/revisions"}],"predecessor-version":[{"id":94069,"href":"https:\/\/www.elsindical.com.ar\/notas\/wp-json\/wp\/v2\/posts\/94068\/revisions\/94069"}],"wp:featuredmedia":[{"embeddable":true,"href":"https:\/\/www.elsindical.com.ar\/notas\/wp-json\/wp\/v2\/media\/76492"}],"wp:attachment":[{"href":"https:\/\/www.elsindical.com.ar\/notas\/wp-json\/wp\/v2\/media?parent=94068"}],"wp:term":[{"taxonomy":"category","embeddable":true,"href":"https:\/\/www.elsindical.com.ar\/notas\/wp-json\/wp\/v2\/categories?post=94068"},{"taxonomy":"post_tag","embeddable":true,"href":"https:\/\/www.elsindical.com.ar\/notas\/wp-json\/wp\/v2\/tags?post=94068"}],"curies":[{"name":"wp","href":"https:\/\/api.w.org\/{rel}","templated":true}]}}