{"id":94048,"date":"2020-03-06T14:09:24","date_gmt":"2020-03-06T17:09:24","guid":{"rendered":"http:\/\/www.elsindical.com.ar\/notas\/?p=94048"},"modified":"2020-03-06T14:10:48","modified_gmt":"2020-03-06T17:10:48","slug":"el-cazador-cazado-sancionan-a-veraz","status":"publish","type":"post","link":"https:\/\/www.elsindical.com.ar\/notas\/el-cazador-cazado-sancionan-a-veraz\/","title":{"rendered":"El cazador, cazado: sancionan a Veraz"},"content":{"rendered":"\n<figure class=\"wp-block-image size-large\"><img loading=\"lazy\" decoding=\"async\" width=\"880\" height=\"495\" src=\"http:\/\/www.elsindical.com.ar\/notas\/var\/www\/html\/notas\/wp-content\/uploads\/2020\/03\/Veraz-sanci\u00f3n.jpg\" alt=\"\" class=\"wp-image-94049\" srcset=\"https:\/\/www.elsindical.com.ar\/notas\/var\/www\/html\/notas\/wp-content\/uploads\/2020\/03\/Veraz-sanci\u00f3n.jpg 880w, https:\/\/www.elsindical.com.ar\/notas\/var\/www\/html\/notas\/wp-content\/uploads\/2020\/03\/Veraz-sanci\u00f3n-300x169.jpg 300w, https:\/\/www.elsindical.com.ar\/notas\/var\/www\/html\/notas\/wp-content\/uploads\/2020\/03\/Veraz-sanci\u00f3n-768x432.jpg 768w, https:\/\/www.elsindical.com.ar\/notas\/var\/www\/html\/notas\/wp-content\/uploads\/2020\/03\/Veraz-sanci\u00f3n-500x281.jpg 500w, https:\/\/www.elsindical.com.ar\/notas\/var\/www\/html\/notas\/wp-content\/uploads\/2020\/03\/Veraz-sanci\u00f3n-460x260.jpg 460w\" sizes=\"auto, (max-width: 880px) 100vw, 880px\" \/><\/figure>\n\n\n\n<p class=\"wp-block-paragraph\">El  Gobierno mult\u00f3 a la empresa por mantener datos incorrectos sobre la  situaci\u00f3n financiera de una persona. Por el caso, hab\u00eda sido sancionado  el Banco Santander R\u00edo.<\/p>\n\n\n\n<p class=\"wp-block-paragraph\">La Agencia de Acceso a la Informaci\u00f3n P\u00fablica <strong>sancion\u00f3 con una multa de 90 mil pesos a la empresa de informaci\u00f3n crediticia Veraz<\/strong>, por haber cometido una falta \u00abmuy grave\u00bb que consisti\u00f3 en \u201cmantener<strong> datos personales inexactos o no efectuar las rectificaciones<\/strong>, actualizaciones o supresiones de los mismos\u201d.<\/p>\n\n\n\n<p class=\"wp-block-paragraph\">El caso surge de la denuncia de una persona a la cual, luego de haber accedido a un informe de Veraz, <strong>le figuraba el estado \u201cdeuda vencida\u201d cuando hab\u00eda realizado el pago <\/strong>de la misma en un plazo menor a 30 d\u00edas. Esto podr\u00eda interpretarse como morosidad cuando no era as\u00ed.<\/p>\n\n\n\n<p class=\"wp-block-paragraph\">La\n empresa sostuvo que la informaci\u00f3n la proporcionaba tal cual la \nbrindaba el Banco y que, a su vez, el Banco Central le indicaba que \ndeb\u00eda informarla de esa manera.&nbsp;La Agencia interpret\u00f3 lo contrario, ya \nque no se aclara a qu\u00e9 alude la categor\u00eda \u201cdeuda vencida\u201d ni se informa \nla cantidad de d\u00edas de atraso en el pago, con lo cual aplic\u00f3 la multa \nestipulada por la Ley 25.326 de Protecci\u00f3n de Datos Personales y public\u00f3\n este incumplimiento en el registro de infractores.<\/p>\n\n\n\n<p class=\"wp-block-paragraph\">Se trata del caso iniciado por Osvaldo Broggi contra el<strong> Banco Santader R\u00edo,<\/strong> la organizaci\u00f3n Veraz y el <strong>Banco Central de la Rep\u00fablica Argentina<\/strong> por \u00abincumplimiento de&nbsp;la Ley Nacional de Protecci\u00f3n de Datos Personales N\u00b0 25.326\u00bb, seg\u00fan indica la resoluci\u00f3n judicial.<\/p>\n\n\n\n<p class=\"wp-block-paragraph\">El <strong>banco Santande<\/strong>r hab\u00eda sido multado con $70.000 el  28 de septiembre del 2017&nbsp; \u00abpor r haber incurrido en&nbsp;infracci\u00f3n grave  consistente en no atender en tiempo y forma la solicitud de acceso,  rectificaci\u00f3n o&nbsp;supresi\u00f3n de los datos personales\u00bb.<\/p>\n\n\n\n<p class=\"wp-block-paragraph\"><strong><a href=\"http:\/\/www.elsindical.com.ar\/notas\/var\/www\/html\/notas\/wp-content\/uploads\/2020\/03\/450445932-Sancion-a-Veraz-Por-Un-Caso-de-Datos-Personales-en-El-Que-Aparece-El-Denunciante-Como-Parte-de-Deudores-Morosos-y-Que-Involucra-Al-Banco-Santander.pdf\">Resoluci\u00f3n completa<\/a><\/strong><\/p>\n\n\n\n<p class=\"wp-block-paragraph\">Fuente: BaeNegocios<\/p>\n","protected":false},"excerpt":{"rendered":"<p>El Gobierno mult\u00f3 a la empresa por mantener datos incorrectos sobre la situaci\u00f3n financiera de una persona. Por el caso, hab\u00eda sido sancionado el Banco Santander R\u00edo. La Agencia de Acceso a la Informaci\u00f3n P\u00fablica sancion\u00f3 con una multa de 90 mil pesos a la empresa de informaci\u00f3n crediticia Veraz, por haber cometido una falta&hellip;<\/p>\n","protected":false},"author":1,"featured_media":94049,"comment_status":"open","ping_status":"open","sticky":false,"template":"","format":"standard","meta":{"footnotes":""},"categories":[9],"tags":[4173,32590,2450,526,4554,1589],"class_list":["post-94048","post","type-post","status-publish","format-standard","has-post-thumbnail","hentry","category-economia","tag-banco-santander-rio","tag-deuda-vencida","tag-diario-el-sindical","tag-informes","tag-sancion","tag-veraz"],"_links":{"self":[{"href":"https:\/\/www.elsindical.com.ar\/notas\/wp-json\/wp\/v2\/posts\/94048","targetHints":{"allow":["GET"]}}],"collection":[{"href":"https:\/\/www.elsindical.com.ar\/notas\/wp-json\/wp\/v2\/posts"}],"about":[{"href":"https:\/\/www.elsindical.com.ar\/notas\/wp-json\/wp\/v2\/types\/post"}],"author":[{"embeddable":true,"href":"https:\/\/www.elsindical.com.ar\/notas\/wp-json\/wp\/v2\/users\/1"}],"replies":[{"embeddable":true,"href":"https:\/\/www.elsindical.com.ar\/notas\/wp-json\/wp\/v2\/comments?post=94048"}],"version-history":[{"count":2,"href":"https:\/\/www.elsindical.com.ar\/notas\/wp-json\/wp\/v2\/posts\/94048\/revisions"}],"predecessor-version":[{"id":94052,"href":"https:\/\/www.elsindical.com.ar\/notas\/wp-json\/wp\/v2\/posts\/94048\/revisions\/94052"}],"wp:featuredmedia":[{"embeddable":true,"href":"https:\/\/www.elsindical.com.ar\/notas\/wp-json\/wp\/v2\/media\/94049"}],"wp:attachment":[{"href":"https:\/\/www.elsindical.com.ar\/notas\/wp-json\/wp\/v2\/media?parent=94048"}],"wp:term":[{"taxonomy":"category","embeddable":true,"href":"https:\/\/www.elsindical.com.ar\/notas\/wp-json\/wp\/v2\/categories?post=94048"},{"taxonomy":"post_tag","embeddable":true,"href":"https:\/\/www.elsindical.com.ar\/notas\/wp-json\/wp\/v2\/tags?post=94048"}],"curies":[{"name":"wp","href":"https:\/\/api.w.org\/{rel}","templated":true}]}}