{"id":94016,"date":"2020-03-05T20:11:53","date_gmt":"2020-03-05T23:11:53","guid":{"rendered":"http:\/\/www.elsindical.com.ar\/notas\/?p=94016"},"modified":"2020-03-05T20:11:53","modified_gmt":"2020-03-05T23:11:53","slug":"lomas-de-zamora-familiares-de-victimas-reclaman-celeridad-en-las-causas","status":"publish","type":"post","link":"https:\/\/www.elsindical.com.ar\/notas\/lomas-de-zamora-familiares-de-victimas-reclaman-celeridad-en-las-causas\/","title":{"rendered":"Lomas de Zamora: Familiares de v\u00edctimas reclaman celeridad en las causas"},"content":{"rendered":"\n<figure class=\"wp-block-image size-large\"><img loading=\"lazy\" decoding=\"async\" width=\"1024\" height=\"576\" src=\"http:\/\/www.elsindical.com.ar\/notas\/var\/www\/html\/notas\/wp-content\/uploads\/2020\/03\/familiares-de-v\u00edctimas-Tribunales-de-Lomas-1024x576.jpg\" alt=\"\" class=\"wp-image-94017\" srcset=\"https:\/\/www.elsindical.com.ar\/notas\/var\/www\/html\/notas\/wp-content\/uploads\/2020\/03\/familiares-de-v\u00edctimas-Tribunales-de-Lomas-1024x576.jpg 1024w, https:\/\/www.elsindical.com.ar\/notas\/var\/www\/html\/notas\/wp-content\/uploads\/2020\/03\/familiares-de-v\u00edctimas-Tribunales-de-Lomas-300x169.jpg 300w, https:\/\/www.elsindical.com.ar\/notas\/var\/www\/html\/notas\/wp-content\/uploads\/2020\/03\/familiares-de-v\u00edctimas-Tribunales-de-Lomas-768x432.jpg 768w, https:\/\/www.elsindical.com.ar\/notas\/var\/www\/html\/notas\/wp-content\/uploads\/2020\/03\/familiares-de-v\u00edctimas-Tribunales-de-Lomas-500x281.jpg 500w, https:\/\/www.elsindical.com.ar\/notas\/var\/www\/html\/notas\/wp-content\/uploads\/2020\/03\/familiares-de-v\u00edctimas-Tribunales-de-Lomas-460x260.jpg 460w, https:\/\/www.elsindical.com.ar\/notas\/var\/www\/html\/notas\/wp-content\/uploads\/2020\/03\/familiares-de-v\u00edctimas-Tribunales-de-Lomas.jpg 1200w\" sizes=\"auto, (max-width: 1024px) 100vw, 1024px\" \/><\/figure>\n\n\n\n<p class=\"wp-block-paragraph\"> Una vez m\u00e1s se manifestaron este jueves en el Palacio de Tribunales. Participaron allegados de Laura Rivero y Viviana Gim\u00e9nez, entre otros. <\/p>\n\n\n\n<p class=\"wp-block-paragraph\">Las causas judiciales no tienen en general los tiempos que pretenden  los familiares que anhelan justicia por sus seres queridos, en un sistema judicial colapsado y deficiente. Es por eso  que una vez m\u00e1s se realiz\u00f3 una protesta en los Tribunales de Lomas de Zamora para exigir celeridad.\u00a0<\/p>\n\n\n\n<p class=\"wp-block-paragraph\"><strong>\u201cQuiero que le pongan la fecha al juicio para que juzguen a ese  monstruo que me arrebat\u00f3 a mi hija y que le den la pena m\u00e1xima para que  se pudra y se muera en la c\u00e1rcel\u201d<\/strong>, sostuvo Beatriz, la madre de Viviana  Gim\u00e9nez asesinada de un escopetazo en la cara el 18 de octubre de 2018.   <\/p>\n\n\n\n<p class=\"wp-block-paragraph\">La causa ya fue elevada a juicio pero a\u00fan no hay fecha confirmada y por el hecho ser\u00e1 juzgado Osvaldo Valenzuela.\u00a0 <\/p>\n\n\n\n<p class=\"wp-block-paragraph\">Tambi\u00e9n estuvo presente Lorena Rivero, la hermana y t\u00eda de Laura  Rivero y su hijo Thiago, quienes fueron asesinados a pu\u00f1aladas en abril  del 2019. \u201cMe dijeron que el juicio podr\u00eda ser en julio o en diciembre as\u00ed que estamos esperando para poder hacer justicia\u201d, sostuvo.\u00a0 <\/p>\n\n\n\n<p class=\"wp-block-paragraph\">Otro reclamo que se hizo presente la protesta de este jueves fue de \nlas madres de dos menores que denuncian que fueron abusados y que en dos\n a\u00f1os no obtuvieron los avances que esperaban ya que el sospechoso no \nfue detenido.<\/p>\n\n\n\n<p class=\"wp-block-paragraph\">\u201cEstamos ac\u00e1 porque necesitamos la c\u00e1mara gesell que falta para que  la causa avance, en Tribunales es todo muy irregular, este tipo no puede  seguir suelto\u201d, manifestaron.<\/p>\n\n\n\n<p class=\"wp-block-paragraph\">Desde la organizaci\u00f3n Defensor\u00eda de G\u00e9nero de Zona Sur advirtieron  que esta es la primer protesta del a\u00f1o, pero los encuentros continuar\u00e1n \u201chasta que se haga justicia por todos\u201d. La pr\u00f3xima manifestaci\u00f3n ser\u00e1 el  19 de marzo a las 10:00 hs.<\/p>\n","protected":false},"excerpt":{"rendered":"<p>Una vez m\u00e1s se manifestaron este jueves en el Palacio de Tribunales. Participaron allegados de Laura Rivero y Viviana Gim\u00e9nez, entre otros. Las causas judiciales no tienen en general los tiempos que pretenden los familiares que anhelan justicia por sus seres queridos, en un sistema judicial colapsado y deficiente. Es por eso que una vez&hellip;<\/p>\n","protected":false},"author":1,"featured_media":94017,"comment_status":"open","ping_status":"open","sticky":false,"template":"","format":"standard","meta":{"footnotes":""},"categories":[25],"tags":[2496,22020,2450,27192,744,6058],"class_list":["post-94016","post","type-post","status-publish","format-standard","has-post-thumbnail","hentry","category-sociedad","tag-demoras","tag-denuncias","tag-diario-el-sindical","tag-familiares-de-victimas","tag-lomas-de-zamora","tag-palacio-de-tribunales"],"_links":{"self":[{"href":"https:\/\/www.elsindical.com.ar\/notas\/wp-json\/wp\/v2\/posts\/94016","targetHints":{"allow":["GET"]}}],"collection":[{"href":"https:\/\/www.elsindical.com.ar\/notas\/wp-json\/wp\/v2\/posts"}],"about":[{"href":"https:\/\/www.elsindical.com.ar\/notas\/wp-json\/wp\/v2\/types\/post"}],"author":[{"embeddable":true,"href":"https:\/\/www.elsindical.com.ar\/notas\/wp-json\/wp\/v2\/users\/1"}],"replies":[{"embeddable":true,"href":"https:\/\/www.elsindical.com.ar\/notas\/wp-json\/wp\/v2\/comments?post=94016"}],"version-history":[{"count":1,"href":"https:\/\/www.elsindical.com.ar\/notas\/wp-json\/wp\/v2\/posts\/94016\/revisions"}],"predecessor-version":[{"id":94018,"href":"https:\/\/www.elsindical.com.ar\/notas\/wp-json\/wp\/v2\/posts\/94016\/revisions\/94018"}],"wp:featuredmedia":[{"embeddable":true,"href":"https:\/\/www.elsindical.com.ar\/notas\/wp-json\/wp\/v2\/media\/94017"}],"wp:attachment":[{"href":"https:\/\/www.elsindical.com.ar\/notas\/wp-json\/wp\/v2\/media?parent=94016"}],"wp:term":[{"taxonomy":"category","embeddable":true,"href":"https:\/\/www.elsindical.com.ar\/notas\/wp-json\/wp\/v2\/categories?post=94016"},{"taxonomy":"post_tag","embeddable":true,"href":"https:\/\/www.elsindical.com.ar\/notas\/wp-json\/wp\/v2\/tags?post=94016"}],"curies":[{"name":"wp","href":"https:\/\/api.w.org\/{rel}","templated":true}]}}