{"id":94004,"date":"2020-03-05T16:37:42","date_gmt":"2020-03-05T19:37:42","guid":{"rendered":"http:\/\/www.elsindical.com.ar\/notas\/?p=94004"},"modified":"2020-03-05T16:37:54","modified_gmt":"2020-03-05T19:37:54","slug":"garcia-y-guirelli-se-te-rien-en-la-cara-ola-de-inseguridad-en-avellaneda","status":"publish","type":"post","link":"https:\/\/www.elsindical.com.ar\/notas\/garcia-y-guirelli-se-te-rien-en-la-cara-ola-de-inseguridad-en-avellaneda\/","title":{"rendered":"Garc\u00eda y Guirelli se te r\u00eden en la cara, ola de inseguridad en Avellaneda"},"content":{"rendered":"\n<figure class=\"wp-block-image size-large\"><img loading=\"lazy\" decoding=\"async\" width=\"678\" height=\"381\" src=\"http:\/\/www.elsindical.com.ar\/notas\/var\/www\/html\/notas\/wp-content\/uploads\/2020\/03\/Garc\u00eda-y-Ghirelli.jpg\" alt=\"\" class=\"wp-image-94005\" srcset=\"https:\/\/www.elsindical.com.ar\/notas\/var\/www\/html\/notas\/wp-content\/uploads\/2020\/03\/Garc\u00eda-y-Ghirelli.jpg 678w, https:\/\/www.elsindical.com.ar\/notas\/var\/www\/html\/notas\/wp-content\/uploads\/2020\/03\/Garc\u00eda-y-Ghirelli-300x169.jpg 300w, https:\/\/www.elsindical.com.ar\/notas\/var\/www\/html\/notas\/wp-content\/uploads\/2020\/03\/Garc\u00eda-y-Ghirelli-500x281.jpg 500w\" sizes=\"auto, (max-width: 678px) 100vw, 678px\" \/><\/figure>\n\n\n\n<p>   Mientras se organizan nuevas marchas por la ola de inseguridad que padece el partido de Avellaneda, donde la polic\u00eda en algunos barrios parece estar ausente y solo trabajan con delitos excarcelables, Daniel Garc\u00eda, Defensor del Pueblo de Avellaneda, pas\u00f3 a visitar a M\u00f3nica Ghirelli, Secretaria de Seguridad de Avellaneda, la publicaci\u00f3n es una burla.<\/p>\n\n\n\n<p><strong>Participaron tambi\u00e9n de la reuni\u00f3n la Directora de  participaci\u00f3n Ciudadana Sandra Navarro y el Dr. Mariano Valcarce  Director del Centro de Operaciones Municipales.<\/strong><\/p>\n\n\n\n<p>La visita organizada para contener la bronca de los vecinos solo puede estar ideada por un est\u00fapido y perverso, ya que Daniel Garc\u00eda hace a\u00f1os responde fielmente al oficialismo, primero como concejal votando todas las propuestas del oficialismo, consiguiendo la designaci\u00f3n de su esposa como Defensora del Pueblo de Avellaneda, un cargo que le qued\u00f3 grande, donde no hizo m\u00e1s que viajar y gastar en representaci\u00f3n institucional en provincias como si esas actividades fueran beneficiosas para los vecinos a los que no les resolvi\u00f3 un solo tema, terminado su mandato como concejal, Daniel Garc\u00eda consigui\u00f3 un enroque, la esposa como concejal y \u00e9l a la Defensor\u00eda del Pueblo.<\/p>\n\n\n\n<p>Esto para que los vecinos sepan de quien estamos hablando y qu\u00e9 m\u00e9ritos tiene, M\u00f3nica Ghirelli no necesita presentaci\u00f3n, su \u00fanico m\u00e9rito ha sido el de resistir en la secretaria de seguridad, con ascensos y descensos, pero firme, su trabajo es muy malo y los resultados peores, pero est\u00e1 al igual que Marcelo Rey, ausente en la reuni\u00f3n del mi\u00e9rcoles 4 de marzo, de la que s\u00ed particip\u00f3 Sandra Navarro, una mujer sin experiencia en la materia, pero con amplia militancia en las filas de Claudio Yacoy, otro funcionario inflamable pero atornillado a la gesti\u00f3n, al igual que Mariano Valcarce, responsable del Centro de Monitoreo, quien a pesar de denuncias penales en su contra, fue premiado por la gesti\u00f3n de Ferraresi con una direcci\u00f3n.<\/p>\n\n\n\n<p>Si hab\u00eda una que le faltaba a Daniel Garc\u00eda por hacer en su adicci\u00f3n a los medios, que pagamos los vecinos con los recursos de la defensor\u00eda, es el autobombo pol\u00edtico, Garc\u00eda es incansable en vender humo y en un pa\u00eds serio Garc\u00eda no podr\u00eda ocupar el cargo que le dieron sus amigos del HCD de Avellaneda, entre los motivos, Garc\u00eda tiene entre sus antecedentes el habar agredido a golpes a un polic\u00eda federal, adem\u00e1s de proferirle amenazas varias para evitar responder por sus actos.<\/p>\n\n\n\n<p>El medio con pauta que publica sin cuestionar, desinformando a los vecinos public\u00f3 lo siguiente: <\/p>\n\n\n\n<p><strong><em> Cabe Se\u00f1alar que es de vital importancia comunicar que los vecinos hoy cuentan con una aplicaci\u00f3n para hacer denuncias desde sus celulares, como as\u00ed tambi\u00e9n de botones para comerciantes de Avellaneda. <\/em><\/strong><\/p>\n\n\n\n<p>Digo, de una reuni\u00f3n importante la conclusi\u00f3n importante es esta? una App que ni siquiera fue implementada por el gobierno? tambi\u00e9n pienso, uno de los delitos m\u00e1s comunes es el robo de los celulares, las v\u00edctimas piden un celular prestado para hacer la denuncia?? un poco de coherencia, ya sabemos que se burlan de los vecinos, pero esto es demasiado.<\/p>\n\n\n\n<figure class=\"wp-block-image size-large\"><img loading=\"lazy\" decoding=\"async\" width=\"1024\" height=\"768\" src=\"http:\/\/www.elsindical.com.ar\/notas\/var\/www\/html\/notas\/wp-content\/uploads\/2020\/03\/Centro-de-Monitoreo-Avellaneda.jpg\" alt=\"\" class=\"wp-image-94006\" srcset=\"https:\/\/www.elsindical.com.ar\/notas\/var\/www\/html\/notas\/wp-content\/uploads\/2020\/03\/Centro-de-Monitoreo-Avellaneda.jpg 1024w, https:\/\/www.elsindical.com.ar\/notas\/var\/www\/html\/notas\/wp-content\/uploads\/2020\/03\/Centro-de-Monitoreo-Avellaneda-300x225.jpg 300w, https:\/\/www.elsindical.com.ar\/notas\/var\/www\/html\/notas\/wp-content\/uploads\/2020\/03\/Centro-de-Monitoreo-Avellaneda-768x576.jpg 768w, https:\/\/www.elsindical.com.ar\/notas\/var\/www\/html\/notas\/wp-content\/uploads\/2020\/03\/Centro-de-Monitoreo-Avellaneda-400x300.jpg 400w\" sizes=\"auto, (max-width: 1024px) 100vw, 1024px\" \/><\/figure>\n\n\n\n<p>Por Marcelo Ricardo Hawrylciw<\/p>\n","protected":false},"excerpt":{"rendered":"<p>Mientras se organizan nuevas marchas por la ola de inseguridad que padece el partido de Avellaneda, donde la polic\u00eda en algunos barrios parece estar ausente y solo trabajan con delitos excarcelables, Daniel Garc\u00eda, Defensor del Pueblo de Avellaneda, pas\u00f3 a visitar a M\u00f3nica Ghirelli, Secretaria de Seguridad de Avellaneda, la publicaci\u00f3n es una burla. Participaron&hellip;<\/p>\n","protected":false},"author":1,"featured_media":94005,"comment_status":"open","ping_status":"open","sticky":false,"template":"","format":"standard","meta":{"footnotes":""},"categories":[10],"tags":[461,24659,3516,2450,1062,21958,24660,18216,32573,986],"class_list":["post-94004","post","type-post","status-publish","format-standard","has-post-thumbnail","hentry","category-editorial","tag-avellaneda","tag-centro-municipal-de-monitoreo","tag-daniel-garcia","tag-diario-el-sindical","tag-jorge-ferraresi","tag-marcelo-rey","tag-mariano-valcarce","tag-monica-ghirelli","tag-sandra-navarro","tag-vecinos"],"_links":{"self":[{"href":"https:\/\/www.elsindical.com.ar\/notas\/wp-json\/wp\/v2\/posts\/94004","targetHints":{"allow":["GET"]}}],"collection":[{"href":"https:\/\/www.elsindical.com.ar\/notas\/wp-json\/wp\/v2\/posts"}],"about":[{"href":"https:\/\/www.elsindical.com.ar\/notas\/wp-json\/wp\/v2\/types\/post"}],"author":[{"embeddable":true,"href":"https:\/\/www.elsindical.com.ar\/notas\/wp-json\/wp\/v2\/users\/1"}],"replies":[{"embeddable":true,"href":"https:\/\/www.elsindical.com.ar\/notas\/wp-json\/wp\/v2\/comments?post=94004"}],"version-history":[{"count":1,"href":"https:\/\/www.elsindical.com.ar\/notas\/wp-json\/wp\/v2\/posts\/94004\/revisions"}],"predecessor-version":[{"id":94007,"href":"https:\/\/www.elsindical.com.ar\/notas\/wp-json\/wp\/v2\/posts\/94004\/revisions\/94007"}],"wp:featuredmedia":[{"embeddable":true,"href":"https:\/\/www.elsindical.com.ar\/notas\/wp-json\/wp\/v2\/media\/94005"}],"wp:attachment":[{"href":"https:\/\/www.elsindical.com.ar\/notas\/wp-json\/wp\/v2\/media?parent=94004"}],"wp:term":[{"taxonomy":"category","embeddable":true,"href":"https:\/\/www.elsindical.com.ar\/notas\/wp-json\/wp\/v2\/categories?post=94004"},{"taxonomy":"post_tag","embeddable":true,"href":"https:\/\/www.elsindical.com.ar\/notas\/wp-json\/wp\/v2\/tags?post=94004"}],"curies":[{"name":"wp","href":"https:\/\/api.w.org\/{rel}","templated":true}]}}