{"id":93825,"date":"2020-02-29T12:14:58","date_gmt":"2020-02-29T15:14:58","guid":{"rendered":"http:\/\/www.elsindical.com.ar\/notas\/?p=93825"},"modified":"2020-02-29T12:14:58","modified_gmt":"2020-02-29T15:14:58","slug":"el-gobierno-volvio-a-postergar-el-aumento-de-los-combustibles","status":"publish","type":"post","link":"https:\/\/www.elsindical.com.ar\/notas\/el-gobierno-volvio-a-postergar-el-aumento-de-los-combustibles\/","title":{"rendered":"El Gobierno volvi\u00f3 a postergar el aumento de los combustibles"},"content":{"rendered":"\n<figure class=\"wp-block-image size-large is-resized\"><img loading=\"lazy\" decoding=\"async\" src=\"http:\/\/www.elsindical.com.ar\/notas\/var\/www\/html\/notas\/wp-content\/uploads\/2016\/10\/carga-de-combustible.jpg\" alt=\"\" class=\"wp-image-63186\" width=\"587\" height=\"332\" srcset=\"https:\/\/www.elsindical.com.ar\/notas\/var\/www\/html\/notas\/wp-content\/uploads\/2016\/10\/carga-de-combustible.jpg 531w, https:\/\/www.elsindical.com.ar\/notas\/var\/www\/html\/notas\/wp-content\/uploads\/2016\/10\/carga-de-combustible-300x169.jpg 300w, https:\/\/www.elsindical.com.ar\/notas\/var\/www\/html\/notas\/wp-content\/uploads\/2016\/10\/carga-de-combustible-500x282.jpg 500w\" sizes=\"auto, (max-width: 587px) 100vw, 587px\" \/><\/figure>\n\n\n\n<p> El gobierno de Alberto  Fern\u00e1ndez hab\u00eda diferido para este 29 de febrero el aumento de los  impuestos a los combustibles y ahora renueva la postergaci\u00f3n por un mes  m\u00e1s. Por ahora, al menos hasta abril, no habr\u00e1 aumentos en las naftas. <\/p>\n\n\n\n<p>El Gobierno nacional dispuso<strong> postergar el aumento de los impuestos sobre los combustibles<\/strong>, por lo cual, con ese medida <strong>no se producir\u00e1n al menos hasta abril incrementos en las naftas.<\/strong><\/p>\n\n\n\n<p>A trav\u00e9s del Decreto 196\/2020, publicado este s\u00e1bado en el <strong>Bolet\u00edn Oficial<\/strong>, el Gobierno nacional <strong>posterg\u00f3 un nuevo aumento de las naftas,<\/strong> que el a\u00f1o pasado tuvieron un incremento de casi el 50 por ciento.<\/p>\n\n\n\n<p>El decreto publicado este s\u00e1bado lleva las firmas del presidente <strong>Alberto Fern\u00e1ndez<\/strong>, el jefe de gabinete, <strong>Santiago Cafiero<\/strong>, y los ministros <strong>Mart\u00edn Guzm\u00e1n y Mat\u00edas Kulfas.<\/strong><\/p>\n\n\n\n<p>\u00abResulta oportuno, en esta instancia, disponer un nuevo diferimiento \nde los incrementos en los montos del impuesto sobre los combustibles \nl\u00edquidos que han sido prorrogados por los Decretos Nros. 103\/19 y \n118\/20\u00bb, se anuncia en los considerando del decreto publicado este \ns\u00e1bado.<\/p>\n\n\n\n<p><strong>\u00abY diferir tambi\u00e9n los incrementos en los montos del referido\n impuesto derivados de la actualizaci\u00f3n correspondiente al cuarto \ntrimestre de 2019\u00bb<\/strong>, se agrega en el texto oficial.<\/p>\n\n\n\n<p><strong>\u00abLas disposiciones del presente decreto (196\/2020) entrar\u00e1n en vigencia el 1\u00b0 de marzo de 2020<\/strong>\u00ab, queda apuntado en la publicaci\u00f3n que se conoci\u00f3 en la madrugada del s\u00e1bado.<\/p>\n\n\n\n<p>El gobierno de Alberto Fern\u00e1ndez hab\u00eda diferido para este 29 de \nfebrero el aumento de los impuestos a los combustibles y ahora renueva \nla postergaci\u00f3n por un mes m\u00e1s.<\/p>\n\n\n\n<p>Para el Gobierno los decretos que difieren los aumentos en los impuestos llegan ante \u00ab<strong>la\n necesidad de brindar una respuesta inmediata frente a las actuales \ncircunstancias coyunturales y de estabilizar los precios de los \ncombustibles comprendidos en su alcance\u00bb.<\/strong><\/p>\n\n\n\n<p>\u00abA efectos de encontrar soluciones de mediano y largo plazo, el Poder\n Ejecutivo Nacional contin\u00faa analizando de manera integral la \nactualizaci\u00f3n de los montos de los impuestos regulados en el T\u00edtulo III \nde la Ley N\u00b0 23.966, texto ordenado en 1998, para su futura adecuaci\u00f3n\u00bb,\n se indica en el texto oficial.<\/p>\n\n\n\n<p>Por ahora,<strong> al menos hasta abril, no habr\u00e1 aumentos en las naftas<\/strong> aunque los estacioneros vienen reclamando aumentos y habr\u00e1 que esperar como resuelve el Gobierno esa situaci\u00f3n.<\/p>\n","protected":false},"excerpt":{"rendered":"<p>El gobierno de Alberto Fern\u00e1ndez hab\u00eda diferido para este 29 de febrero el aumento de los impuestos a los combustibles y ahora renueva la postergaci\u00f3n por un mes m\u00e1s. Por ahora, al menos hasta abril, no habr\u00e1 aumentos en las naftas. El Gobierno nacional dispuso postergar el aumento de los impuestos sobre los combustibles, por&hellip;<\/p>\n","protected":false},"author":1,"featured_media":63186,"comment_status":"open","ping_status":"open","sticky":false,"template":"","format":"standard","meta":{"footnotes":""},"categories":[9],"tags":[1754,7585,2450,22023],"class_list":["post-93825","post","type-post","status-publish","format-standard","has-post-thumbnail","hentry","category-economia","tag-aumentos","tag-combustibles","tag-diario-el-sindical","tag-economia"],"_links":{"self":[{"href":"https:\/\/www.elsindical.com.ar\/notas\/wp-json\/wp\/v2\/posts\/93825","targetHints":{"allow":["GET"]}}],"collection":[{"href":"https:\/\/www.elsindical.com.ar\/notas\/wp-json\/wp\/v2\/posts"}],"about":[{"href":"https:\/\/www.elsindical.com.ar\/notas\/wp-json\/wp\/v2\/types\/post"}],"author":[{"embeddable":true,"href":"https:\/\/www.elsindical.com.ar\/notas\/wp-json\/wp\/v2\/users\/1"}],"replies":[{"embeddable":true,"href":"https:\/\/www.elsindical.com.ar\/notas\/wp-json\/wp\/v2\/comments?post=93825"}],"version-history":[{"count":1,"href":"https:\/\/www.elsindical.com.ar\/notas\/wp-json\/wp\/v2\/posts\/93825\/revisions"}],"predecessor-version":[{"id":93826,"href":"https:\/\/www.elsindical.com.ar\/notas\/wp-json\/wp\/v2\/posts\/93825\/revisions\/93826"}],"wp:featuredmedia":[{"embeddable":true,"href":"https:\/\/www.elsindical.com.ar\/notas\/wp-json\/wp\/v2\/media\/63186"}],"wp:attachment":[{"href":"https:\/\/www.elsindical.com.ar\/notas\/wp-json\/wp\/v2\/media?parent=93825"}],"wp:term":[{"taxonomy":"category","embeddable":true,"href":"https:\/\/www.elsindical.com.ar\/notas\/wp-json\/wp\/v2\/categories?post=93825"},{"taxonomy":"post_tag","embeddable":true,"href":"https:\/\/www.elsindical.com.ar\/notas\/wp-json\/wp\/v2\/tags?post=93825"}],"curies":[{"name":"wp","href":"https:\/\/api.w.org\/{rel}","templated":true}]}}