{"id":93819,"date":"2020-02-28T14:01:41","date_gmt":"2020-02-28T17:01:41","guid":{"rendered":"http:\/\/www.elsindical.com.ar\/notas\/?p=93819"},"modified":"2020-02-28T14:01:50","modified_gmt":"2020-02-28T17:01:50","slug":"marcelo-frecha-lo-unico-seguro-es-que-vende-humo","status":"publish","type":"post","link":"https:\/\/www.elsindical.com.ar\/notas\/marcelo-frecha-lo-unico-seguro-es-que-vende-humo\/","title":{"rendered":"Marcelo Frecha, lo \u00fanico seguro es que vende humo"},"content":{"rendered":"\n<figure class=\"wp-block-image size-large\"><img loading=\"lazy\" decoding=\"async\" width=\"485\" height=\"1024\" src=\"http:\/\/www.elsindical.com.ar\/notas\/var\/www\/html\/notas\/wp-content\/uploads\/2020\/02\/foro-humo-2020-485x1024.jpg\" alt=\"\" class=\"wp-image-93820\" srcset=\"https:\/\/www.elsindical.com.ar\/notas\/var\/www\/html\/notas\/wp-content\/uploads\/2020\/02\/foro-humo-2020-485x1024.jpg 485w, https:\/\/www.elsindical.com.ar\/notas\/var\/www\/html\/notas\/wp-content\/uploads\/2020\/02\/foro-humo-2020-142x300.jpg 142w, https:\/\/www.elsindical.com.ar\/notas\/var\/www\/html\/notas\/wp-content\/uploads\/2020\/02\/foro-humo-2020-768x1621.jpg 768w, https:\/\/www.elsindical.com.ar\/notas\/var\/www\/html\/notas\/wp-content\/uploads\/2020\/02\/foro-humo-2020-728x1536.jpg 728w, https:\/\/www.elsindical.com.ar\/notas\/var\/www\/html\/notas\/wp-content\/uploads\/2020\/02\/foro-humo-2020-970x2048.jpg 970w, https:\/\/www.elsindical.com.ar\/notas\/var\/www\/html\/notas\/wp-content\/uploads\/2020\/02\/foro-humo-2020.jpg 1080w\" sizes=\"auto, (max-width: 485px) 100vw, 485px\" \/><\/figure>\n\n\n\n<p class=\"wp-block-paragraph\">   Con casi 3 meses del 2020, Marcelo Frecha sigue sumando criticas de vecinos y lectores, algunas m\u00e1s duras a medida que se descubren nuevas mentiras, publicidad de productos prohibidos o de servicios ilegales.<\/p>\n\n\n\n<p class=\"wp-block-paragraph\">Pero para sostener la atenci\u00f3n de los vecinos, que pasaron a ser potenciales consumidores, lo que le reporta dinero por publicidad, es necesario que los mismos ingresen a diario a la p\u00e1gina y sigan sus publicaciones, as\u00ed, lo que no ocurre se inventa y si pasa, pasa.<\/p>\n\n\n\n<p class=\"wp-block-paragraph\">Pero como le ocurre a cualquier mortal que pierde el respeto por el otro y la ambici\u00f3n lo vuelve imprudente y est\u00fapido, tirar una ALERTA, relatando un hecho policial grave, como hubiera sido el que un grupo de delincuentes ingresaran a la Direcci\u00f3n General de Licencias de Conducir y la Direcci\u00f3n de Tr\u00e1nsito, donde adem\u00e1s funcionan los juzgados de faltas, agregando que robaron carteras y objetos personales, ya es mucho.<\/p>\n\n\n\n<p class=\"wp-block-paragraph\">La explicaci\u00f3n que se vio obligado a realizar es infantil y rid\u00edcula, la supuesta pelea de un conductor con personal de tr\u00e1nsito para el ex\u00e1men de manejo no tiene nada que ver con el robo de carteras, la playa del ex\u00e1men de conducir es en un play\u00f3n y la gente est\u00e1 dentro del edificio.<\/p>\n\n\n\n<p class=\"wp-block-paragraph\">Personalmente le he advertido en m\u00e1s de una oportunidad que lo publicado no era verdad y siempre su respuesta fue que se lo pasaron as\u00ed y que \u00e9l no es periodista as\u00ed que no tiene por qu\u00e9 chequear lo que le pasan, la avaricia produce esto, desvirtuar una interesante idea, perder credibilidad por publicar sin mencionar fuente o autor, generar pol\u00e9micas y discusiones pol\u00edticas que poco aportan a la seguridad.<\/p>\n\n\n\n<figure class=\"wp-block-image size-large\"><img loading=\"lazy\" decoding=\"async\" width=\"485\" height=\"1024\" src=\"http:\/\/www.elsindical.com.ar\/notas\/var\/www\/html\/notas\/wp-content\/uploads\/2020\/02\/foro-humo-2020-1-485x1024.jpg\" alt=\"\" class=\"wp-image-93821\" srcset=\"https:\/\/www.elsindical.com.ar\/notas\/var\/www\/html\/notas\/wp-content\/uploads\/2020\/02\/foro-humo-2020-1-485x1024.jpg 485w, https:\/\/www.elsindical.com.ar\/notas\/var\/www\/html\/notas\/wp-content\/uploads\/2020\/02\/foro-humo-2020-1-142x300.jpg 142w, https:\/\/www.elsindical.com.ar\/notas\/var\/www\/html\/notas\/wp-content\/uploads\/2020\/02\/foro-humo-2020-1-768x1621.jpg 768w, https:\/\/www.elsindical.com.ar\/notas\/var\/www\/html\/notas\/wp-content\/uploads\/2020\/02\/foro-humo-2020-1-728x1536.jpg 728w, https:\/\/www.elsindical.com.ar\/notas\/var\/www\/html\/notas\/wp-content\/uploads\/2020\/02\/foro-humo-2020-1-970x2048.jpg 970w, https:\/\/www.elsindical.com.ar\/notas\/var\/www\/html\/notas\/wp-content\/uploads\/2020\/02\/foro-humo-2020-1.jpg 1080w\" sizes=\"auto, (max-width: 485px) 100vw, 485px\" \/><\/figure>\n\n\n\n<p class=\"wp-block-paragraph\">Por Marcelo Ricardo Hawrylciw<\/p>\n","protected":false},"excerpt":{"rendered":"<p>Con casi 3 meses del 2020, Marcelo Frecha sigue sumando criticas de vecinos y lectores, algunas m\u00e1s duras a medida que se descubren nuevas mentiras, publicidad de productos prohibidos o de servicios ilegales. Pero para sostener la atenci\u00f3n de los vecinos, que pasaron a ser potenciales consumidores, lo que le reporta dinero por publicidad, es&hellip;<\/p>\n","protected":false},"author":1,"featured_media":93820,"comment_status":"open","ping_status":"open","sticky":false,"template":"","format":"standard","meta":{"footnotes":""},"categories":[10],"tags":[461,2450,17824,14128,17822,1448,1819,986],"class_list":["post-93819","post","type-post","status-publish","format-standard","has-post-thumbnail","hentry","category-editorial","tag-avellaneda","tag-diario-el-sindical","tag-foro-vecinal-avellaneda-segura","tag-humo","tag-marcelo-frecha","tag-marcelo-ricardo-hawrylciw","tag-mentiras","tag-vecinos"],"_links":{"self":[{"href":"https:\/\/www.elsindical.com.ar\/notas\/wp-json\/wp\/v2\/posts\/93819","targetHints":{"allow":["GET"]}}],"collection":[{"href":"https:\/\/www.elsindical.com.ar\/notas\/wp-json\/wp\/v2\/posts"}],"about":[{"href":"https:\/\/www.elsindical.com.ar\/notas\/wp-json\/wp\/v2\/types\/post"}],"author":[{"embeddable":true,"href":"https:\/\/www.elsindical.com.ar\/notas\/wp-json\/wp\/v2\/users\/1"}],"replies":[{"embeddable":true,"href":"https:\/\/www.elsindical.com.ar\/notas\/wp-json\/wp\/v2\/comments?post=93819"}],"version-history":[{"count":1,"href":"https:\/\/www.elsindical.com.ar\/notas\/wp-json\/wp\/v2\/posts\/93819\/revisions"}],"predecessor-version":[{"id":93822,"href":"https:\/\/www.elsindical.com.ar\/notas\/wp-json\/wp\/v2\/posts\/93819\/revisions\/93822"}],"wp:featuredmedia":[{"embeddable":true,"href":"https:\/\/www.elsindical.com.ar\/notas\/wp-json\/wp\/v2\/media\/93820"}],"wp:attachment":[{"href":"https:\/\/www.elsindical.com.ar\/notas\/wp-json\/wp\/v2\/media?parent=93819"}],"wp:term":[{"taxonomy":"category","embeddable":true,"href":"https:\/\/www.elsindical.com.ar\/notas\/wp-json\/wp\/v2\/categories?post=93819"},{"taxonomy":"post_tag","embeddable":true,"href":"https:\/\/www.elsindical.com.ar\/notas\/wp-json\/wp\/v2\/tags?post=93819"}],"curies":[{"name":"wp","href":"https:\/\/api.w.org\/{rel}","templated":true}]}}