{"id":93816,"date":"2020-02-28T12:31:43","date_gmt":"2020-02-28T15:31:43","guid":{"rendered":"http:\/\/www.elsindical.com.ar\/notas\/?p=93816"},"modified":"2020-02-28T12:31:43","modified_gmt":"2020-02-28T15:31:43","slug":"fabian-tablado-femicida-de-carolina-alo-en-libertad-les-pido-perdon-pero-se-que-no-me-van-a-perdonar","status":"publish","type":"post","link":"https:\/\/www.elsindical.com.ar\/notas\/fabian-tablado-femicida-de-carolina-alo-en-libertad-les-pido-perdon-pero-se-que-no-me-van-a-perdonar\/","title":{"rendered":"Fabi\u00e1n Tablado, femicida de Carolina Al\u00f3 en libertad: \u00abLes pido perd\u00f3n, pero s\u00e9 que no me van a perdonar\u00bb"},"content":{"rendered":"\n<figure class=\"wp-block-image size-large\"><img loading=\"lazy\" decoding=\"async\" width=\"1024\" height=\"585\" src=\"http:\/\/www.elsindical.com.ar\/notas\/var\/www\/html\/notas\/wp-content\/uploads\/2020\/02\/Fabi\u00e1n-Tablado-en-libertad-1024x585.jpg\" alt=\"\" class=\"wp-image-93817\" srcset=\"https:\/\/www.elsindical.com.ar\/notas\/var\/www\/html\/notas\/wp-content\/uploads\/2020\/02\/Fabi\u00e1n-Tablado-en-libertad-1024x585.jpg 1024w, https:\/\/www.elsindical.com.ar\/notas\/var\/www\/html\/notas\/wp-content\/uploads\/2020\/02\/Fabi\u00e1n-Tablado-en-libertad-300x171.jpg 300w, https:\/\/www.elsindical.com.ar\/notas\/var\/www\/html\/notas\/wp-content\/uploads\/2020\/02\/Fabi\u00e1n-Tablado-en-libertad-768x439.jpg 768w, https:\/\/www.elsindical.com.ar\/notas\/var\/www\/html\/notas\/wp-content\/uploads\/2020\/02\/Fabi\u00e1n-Tablado-en-libertad-500x286.jpg 500w, https:\/\/www.elsindical.com.ar\/notas\/var\/www\/html\/notas\/wp-content\/uploads\/2020\/02\/Fabi\u00e1n-Tablado-en-libertad-220x126.jpg 220w, https:\/\/www.elsindical.com.ar\/notas\/var\/www\/html\/notas\/wp-content\/uploads\/2020\/02\/Fabi\u00e1n-Tablado-en-libertad.jpg 1027w\" sizes=\"auto, (max-width: 1024px) 100vw, 1024px\" \/><\/figure>\n\n\n\n<p class=\"wp-block-paragraph\"> Luego de estar casi 24  a\u00f1os preso, Tablado, el hombre que mat\u00f3 a su novia Carolina de 113  pu\u00f1aladas en mayo de 1996 en una vivienda de la localidad bonaerense de  Tigre, recuper\u00f3 la libertad. <\/p>\n\n\n\n<p class=\"wp-block-paragraph\">Luego de <strong>estar casi 24 a\u00f1os preso, Fabi\u00e1n Tablado<\/strong>, el hombre que mat\u00f3 a su novia Carolina Al\u00f3 de <strong>113 pu\u00f1aladas en mayo de 1996<\/strong>  en una vivienda de la localidad bonaerense de Tigre, recuper\u00f3 este  mediod\u00eda la libertad y afirm\u00f3 que sale \u00abcon una mente distinta\u00bb.\u00a0\u00a0<\/p>\n\n\n\n<p class=\"wp-block-paragraph\">Minutos antes de las 12:00, el hombre de 43 a\u00f1os realiz\u00f3 los tr\u00e1mites  finales para abandonar la Unidad Penal n\u00famero 21 de Campana, donde pas\u00f3  los \u00faltimos cinco a\u00f1os de su condena.<\/p>\n\n\n\n<p class=\"wp-block-paragraph\"><strong>\u00abVoy a tratar de hacer lo mejor posible\u00bb,<\/strong> respondi\u00f3 al ser consultado sobre c\u00f3mo ser\u00e1 su nueva etapa.\u00a0\u00a0<\/p>\n\n\n\n<p class=\"wp-block-paragraph\"><strong>\u00abSoy muy consciente de lo que pas\u00f3. No hay un d\u00eda en que no piense en pedir perd\u00f3n\u00bb<\/strong>, remarc\u00f3, al referirse al femicidio de la joven Carolina Al\u00f3.\u00a0\u00a0<\/p>\n\n\n\n<p class=\"wp-block-paragraph\">Y a\u00f1adi\u00f3: \u00abSalgo con una mente distinta, ya no soy la misma persona.  No soy lo que hice en el pasado. Estudi\u00e9 Derecho. Quiero salir,  reflexionar bien\u00bb.<\/p>\n\n\n\n<p class=\"wp-block-paragraph\">El crimen ocurri\u00f3 el 27 de mayo de 1996, cuando Tablado mat\u00f3 a \nCarolina Al\u00f3, quien ten\u00eda 17 a\u00f1os, de 113 pu\u00f1aladas en su casa de Tigre \nluego de que ella se negara a tener un hijo con \u00e9l.<br> Por el crimen, \nel femicida, que emple\u00f3 una cuchilla de cocina, dos cuchillos de mesa \nTramontina y un form\u00f3n de carpinter\u00eda, fue juzgado y condenado en mayo \nde 1998 por el crimen y adem\u00e1s sum\u00f3 otros dos a\u00f1os y medio por amenazar \nde muerte a su ex pareja.<\/p>\n\n\n\n<p class=\"wp-block-paragraph\">Sin embargo, <strong>el recluso se vio beneficiado porque entonces reg\u00eda la ley del 2&#215;1<\/strong>\n que consist\u00eda en computar doble cada a\u00f1o que permanec\u00eda en prisi\u00f3n \npreventiva, mientras que tambi\u00e9n se computaron los a\u00f1os que aprovech\u00f3 \ncomo est\u00edmulo educativo.<\/p>\n\n\n\n<p class=\"wp-block-paragraph\">En diciembre pasado, el juez David ya hab\u00eda anticipado la salida de \nTablado para esta fecha, mientras que se\u00f1al\u00f3 que \u00abjur\u00eddicamente no hay \nnada para hacer porque cumpli\u00f3 su pena\u00bb.<\/p>\n","protected":false},"excerpt":{"rendered":"<p>Luego de estar casi 24 a\u00f1os preso, Tablado, el hombre que mat\u00f3 a su novia Carolina de 113 pu\u00f1aladas en mayo de 1996 en una vivienda de la localidad bonaerense de Tigre, recuper\u00f3 la libertad. Luego de estar casi 24 a\u00f1os preso, Fabi\u00e1n Tablado, el hombre que mat\u00f3 a su novia Carolina Al\u00f3 de 113&hellip;<\/p>\n","protected":false},"author":1,"featured_media":93817,"comment_status":"open","ping_status":"open","sticky":false,"template":"","format":"standard","meta":{"footnotes":""},"categories":[20],"tags":[7952,2450,7951,12204,646],"class_list":["post-93816","post","type-post","status-publish","format-standard","has-post-thumbnail","hentry","category-judiciales","tag-carolina-alo","tag-diario-el-sindical","tag-fabian-tablado","tag-femicida","tag-tigre"],"_links":{"self":[{"href":"https:\/\/www.elsindical.com.ar\/notas\/wp-json\/wp\/v2\/posts\/93816","targetHints":{"allow":["GET"]}}],"collection":[{"href":"https:\/\/www.elsindical.com.ar\/notas\/wp-json\/wp\/v2\/posts"}],"about":[{"href":"https:\/\/www.elsindical.com.ar\/notas\/wp-json\/wp\/v2\/types\/post"}],"author":[{"embeddable":true,"href":"https:\/\/www.elsindical.com.ar\/notas\/wp-json\/wp\/v2\/users\/1"}],"replies":[{"embeddable":true,"href":"https:\/\/www.elsindical.com.ar\/notas\/wp-json\/wp\/v2\/comments?post=93816"}],"version-history":[{"count":1,"href":"https:\/\/www.elsindical.com.ar\/notas\/wp-json\/wp\/v2\/posts\/93816\/revisions"}],"predecessor-version":[{"id":93818,"href":"https:\/\/www.elsindical.com.ar\/notas\/wp-json\/wp\/v2\/posts\/93816\/revisions\/93818"}],"wp:featuredmedia":[{"embeddable":true,"href":"https:\/\/www.elsindical.com.ar\/notas\/wp-json\/wp\/v2\/media\/93817"}],"wp:attachment":[{"href":"https:\/\/www.elsindical.com.ar\/notas\/wp-json\/wp\/v2\/media?parent=93816"}],"wp:term":[{"taxonomy":"category","embeddable":true,"href":"https:\/\/www.elsindical.com.ar\/notas\/wp-json\/wp\/v2\/categories?post=93816"},{"taxonomy":"post_tag","embeddable":true,"href":"https:\/\/www.elsindical.com.ar\/notas\/wp-json\/wp\/v2\/tags?post=93816"}],"curies":[{"name":"wp","href":"https:\/\/api.w.org\/{rel}","templated":true}]}}