{"id":93810,"date":"2020-02-28T12:01:27","date_gmt":"2020-02-28T15:01:27","guid":{"rendered":"http:\/\/www.elsindical.com.ar\/notas\/?p=93810"},"modified":"2020-02-28T12:01:27","modified_gmt":"2020-02-28T15:01:27","slug":"luis-otero-afina-la-punteria","status":"publish","type":"post","link":"https:\/\/www.elsindical.com.ar\/notas\/luis-otero-afina-la-punteria\/","title":{"rendered":"Luis Otero afina la punter\u00eda"},"content":{"rendered":"\n<figure class=\"wp-block-image size-large\"><img loading=\"lazy\" decoding=\"async\" width=\"788\" height=\"570\" src=\"http:\/\/www.elsindical.com.ar\/notas\/var\/www\/html\/notas\/wp-content\/uploads\/2020\/02\/Otero-sobre-M\u00f3nica-Ghirelli.jpg\" alt=\"\" class=\"wp-image-93811\" srcset=\"https:\/\/www.elsindical.com.ar\/notas\/var\/www\/html\/notas\/wp-content\/uploads\/2020\/02\/Otero-sobre-M\u00f3nica-Ghirelli.jpg 788w, https:\/\/www.elsindical.com.ar\/notas\/var\/www\/html\/notas\/wp-content\/uploads\/2020\/02\/Otero-sobre-M\u00f3nica-Ghirelli-300x217.jpg 300w, https:\/\/www.elsindical.com.ar\/notas\/var\/www\/html\/notas\/wp-content\/uploads\/2020\/02\/Otero-sobre-M\u00f3nica-Ghirelli-768x556.jpg 768w, https:\/\/www.elsindical.com.ar\/notas\/var\/www\/html\/notas\/wp-content\/uploads\/2020\/02\/Otero-sobre-M\u00f3nica-Ghirelli-415x300.jpg 415w\" sizes=\"auto, (max-width: 788px) 100vw, 788px\" \/><\/figure>\n\n\n\n<p class=\"wp-block-paragraph\">  El ex candidato a intendente y ex periodista Luis Otero, se suma a las cr\u00edticas por la inseguridad en Avellaneda, aprovechando la falta de acciones de Sergio Berni que a esta altura parece no saber d\u00f3nde est\u00e1 parado y a las p\u00e9simas pol\u00edticas de parte del intendente Jorge Ferraresi en sostener a M\u00f3nica Ghirelli y Marcelo Rey.<\/p>\n\n\n\n<p class=\"wp-block-paragraph\">En una entrevista a un medio local, Otero demuestra tener un mejor criterio para la critica que Fernando Landaburu, Sebasti\u00e1n Vinagre y Maximiliano Gallucci, que dan verg\u00fcenza ajena.<\/p>\n\n\n\n<p class=\"wp-block-paragraph\">Voy a desarrollar los puntos m\u00e1s relevantes: <\/p>\n\n\n\n<p class=\"wp-block-paragraph\"> <em>Seamos claros,<strong> Monica Ghirelli no parece estar a la altura de la responsabilidad asignada en un momento muy delicado de nuestra ciudad con numerosos asaltos violentos<\/strong>. La\u00a0 inseguridad que sigue siendo cada d\u00eda peor desde que Ghirelli acompa\u00f1a a  Cecilia Rodr\u00edguez (ahora en Naci\u00f3n). Su relaci\u00f3n con la comunidad no es  la mejor. Excepto por puestas en escena o relatos, en reuniones de vecinos  en las que Si la cuestionan se enoja. Los foros de seguridad no funcionan desde  hace a\u00f1os y la ley de seguridad provincial no se est\u00e1 cumpliendo.  <br> En otras palabras, la Seguridad de Avellaneda est\u00e1 grave, sin diagn\u00f3stico ni tratamiento y nuestros vecinos angustiados esperando no ser la pr\u00f3xima v\u00edctima. <\/em><\/p>\n\n\n\n<p class=\"wp-block-paragraph\">Bueno, parece que reci\u00e9n ahora el \u00abperiodista\u00bb se da cuenta de algo que vengo se\u00f1alando hace a\u00f1os, la falta de empat\u00eda de M\u00f3nica Ghirelli, quien se molesta y enoja con los vecinos porque se siente \u00abatacada\u00bb, resultado del mal entorno que la rodea y sabe que est\u00e1 sola ante una problem\u00e1tica compleja, si desde la Secretar\u00eda de Seguridad, se cumpliera con su funci\u00f3n el delito en Avellaneda se reducir\u00eda en un 60% y parte de esa disminuci\u00f3n del delito no se da con el trabajo policial sino con el trabajo de control y prevenci\u00f3n, Otero por su ignorancia en la materia cree que todo se soluciona con m\u00e1s polic\u00edas y patrullas, pero la realidad es que se puede bajar el delito sin gastar millones en recursos que terminan siendo ineficientes porque no previenen, entonces el delito no disminuye. Tampoco Otero y los impresentables de Juntos por el Cambio han hecho una propuesta seria concreta, repiten algo que no saben c\u00f3mo se implementa.<\/p>\n\n\n\n<p class=\"wp-block-paragraph\">Falta a la verdad Otero cuando habla como si el gobierno pasado del que es integrante pol\u00edtico no tuviera responsabilidad alguna en el caos general, han dejado da\u00f1adas muchas cuestiones sensibles, la seguridad, la salud y la educaci\u00f3n p\u00fablica, no solo por falta de recursos, sino tambi\u00e9n por las conducciones que han dejado.<\/p>\n\n\n\n<p class=\"wp-block-paragraph\"><em><strong>La obligaci\u00f3n de quienes representamos la actual oposici\u00f3n es marcar estas equivocaciones o complicidades y tener listo un plan de abordaje de la inseguridad para cuando podamos ser parte de la soluci\u00f3n y no parte del problema<\/strong>. Tenemos los expertos y el plan. Espero que podamos desarrollarlo. Por ahora nuestros concejales est\u00e1n permanentemente al lado de la gente para escuchar y proponer, aunque con magro resultado hasta el momento. Se est\u00e1n pidiendo medidas urgentes y conectando firmas para que las autoridades pongan en funcionamiento todos los mecanismos a su alcance. Tengo fe en que el di\u00e1logo y la propuesta ganen espacio en beneficio de nuestros vecinos. En la grieta ganan los chorros. <\/em><\/p>\n\n\n\n<p class=\"wp-block-paragraph\">Una vez m\u00e1s el punto d\u00e9bil de la oposici\u00f3n, hablan de tener un plan, pero ni siquiera entienden los conceptos con lo cual es dif\u00edcil puedan elaborar un plan eficiente. Luego habla de expertos y de tener ya un plan, bueno Otero, usted que fue mejora presentador que periodista deber\u00eda saber que la mejor forma de \u00abvender\u00bb un producto es la publicidad, nunca han expuesto un plan ni los supuestos \u00abexpertos\u00bb, todo lo contrario cuando fueron gobierno sus representantes fueron pol\u00edticos sin conocimientos en seguridad, uno sospechado por ser miembro de una off shore que era el segundo en el Ministerio de Seguridad de la Naci\u00f3n y un subsecretario como Gerardo Millman que no sab\u00eda ni quer\u00eda investigar mafias si quiere chequearlo preg\u00fantele al concejal Conde qu\u00e9 hicieron con las mafias que funcionaban en Avellaneda durante la gesti\u00f3n de Cambiemos.<\/p>\n\n\n\n<p class=\"wp-block-paragraph\">Todo lo propuesto por Luis Otero es m\u00e1s circo, de poco sirve juntar firmas si no hay un plan eficiente, si no hay controles sobre los funcionarios responsables que deber\u00edan ser interpelados por el HCD sobre su trabajo y tomar nota el ejecutivo de los reclamos.<\/p>\n\n\n\n<p class=\"wp-block-paragraph\">Como dice el t\u00edtulo, Otero afina la punter\u00eda pero le falta mucho, las criticas a Berni son tal vez lo mejor de su entrevista.<\/p>\n\n\n\n<p class=\"wp-block-paragraph\"><em> Sergio Berni, tiene una infundada fama de eficiencia. La gente y parte de la dirigencia pol\u00edtica creen que peinarse a la gomina y hablar como militar es condici\u00f3n de conocimiento sobre seguridad. Primero, Berni no es un militar de carrera, es M\u00e9dico cirujano. Segundo, un militar, incluso de carrera, no est\u00e1 ni educado ni formado para enfrentar el delito com\u00fan y tercero, su gesti\u00f3n durante el Gobierno de Cristina Fern\u00e1ndez de Kirchner, dependiendo de Cecilia Rodr\u00edguez, no fue buena y los resultados estad\u00edsticos as\u00ed lo indicaron. <\/em><\/p>\n\n\n\n<p class=\"wp-block-paragraph\">Por Marcelo Ricardo Hawrylciw<\/p>\n","protected":false},"excerpt":{"rendered":"<p>El ex candidato a intendente y ex periodista Luis Otero, se suma a las cr\u00edticas por la inseguridad en Avellaneda, aprovechando la falta de acciones de Sergio Berni que a esta altura parece no saber d\u00f3nde est\u00e1 parado y a las p\u00e9simas pol\u00edticas de parte del intendente Jorge Ferraresi en sostener a M\u00f3nica Ghirelli y&hellip;<\/p>\n","protected":false},"author":1,"featured_media":93811,"comment_status":"open","ping_status":"open","sticky":false,"template":"","format":"standard","meta":{"footnotes":""},"categories":[13],"tags":[461,2450,984,1062,30672,21958,18216,613],"class_list":["post-93810","post","type-post","status-publish","format-standard","has-post-thumbnail","hentry","category-politica","tag-avellaneda","tag-diario-el-sindical","tag-inseguridad","tag-jorge-ferraresi","tag-luis-otero","tag-marcelo-rey","tag-monica-ghirelli","tag-seguridad"],"_links":{"self":[{"href":"https:\/\/www.elsindical.com.ar\/notas\/wp-json\/wp\/v2\/posts\/93810","targetHints":{"allow":["GET"]}}],"collection":[{"href":"https:\/\/www.elsindical.com.ar\/notas\/wp-json\/wp\/v2\/posts"}],"about":[{"href":"https:\/\/www.elsindical.com.ar\/notas\/wp-json\/wp\/v2\/types\/post"}],"author":[{"embeddable":true,"href":"https:\/\/www.elsindical.com.ar\/notas\/wp-json\/wp\/v2\/users\/1"}],"replies":[{"embeddable":true,"href":"https:\/\/www.elsindical.com.ar\/notas\/wp-json\/wp\/v2\/comments?post=93810"}],"version-history":[{"count":1,"href":"https:\/\/www.elsindical.com.ar\/notas\/wp-json\/wp\/v2\/posts\/93810\/revisions"}],"predecessor-version":[{"id":93812,"href":"https:\/\/www.elsindical.com.ar\/notas\/wp-json\/wp\/v2\/posts\/93810\/revisions\/93812"}],"wp:featuredmedia":[{"embeddable":true,"href":"https:\/\/www.elsindical.com.ar\/notas\/wp-json\/wp\/v2\/media\/93811"}],"wp:attachment":[{"href":"https:\/\/www.elsindical.com.ar\/notas\/wp-json\/wp\/v2\/media?parent=93810"}],"wp:term":[{"taxonomy":"category","embeddable":true,"href":"https:\/\/www.elsindical.com.ar\/notas\/wp-json\/wp\/v2\/categories?post=93810"},{"taxonomy":"post_tag","embeddable":true,"href":"https:\/\/www.elsindical.com.ar\/notas\/wp-json\/wp\/v2\/tags?post=93810"}],"curies":[{"name":"wp","href":"https:\/\/api.w.org\/{rel}","templated":true}]}}