{"id":93760,"date":"2020-02-26T01:31:06","date_gmt":"2020-02-26T04:31:06","guid":{"rendered":"http:\/\/www.elsindical.com.ar\/notas\/?p=93760"},"modified":"2020-02-26T01:31:06","modified_gmt":"2020-02-26T04:31:06","slug":"alejo-y-victoria-los-vecinos-piden-seguridad-y-les-dan-circo-repudio-general","status":"publish","type":"post","link":"https:\/\/www.elsindical.com.ar\/notas\/alejo-y-victoria-los-vecinos-piden-seguridad-y-les-dan-circo-repudio-general\/","title":{"rendered":"Alejo y Victoria, los vecinos piden seguridad y les dan circo, repudio general"},"content":{"rendered":"\n<figure class=\"wp-block-image size-large\"><img loading=\"lazy\" decoding=\"async\" width=\"960\" height=\"675\" src=\"http:\/\/www.elsindical.com.ar\/notas\/var\/www\/html\/notas\/wp-content\/uploads\/2020\/02\/Los-del-Maranaho-Alejo-y-Victoria.jpg\" alt=\"\" class=\"wp-image-93761\" srcset=\"https:\/\/www.elsindical.com.ar\/notas\/var\/www\/html\/notas\/wp-content\/uploads\/2020\/02\/Los-del-Maranaho-Alejo-y-Victoria.jpg 960w, https:\/\/www.elsindical.com.ar\/notas\/var\/www\/html\/notas\/wp-content\/uploads\/2020\/02\/Los-del-Maranaho-Alejo-y-Victoria-300x211.jpg 300w, https:\/\/www.elsindical.com.ar\/notas\/var\/www\/html\/notas\/wp-content\/uploads\/2020\/02\/Los-del-Maranaho-Alejo-y-Victoria-768x540.jpg 768w, https:\/\/www.elsindical.com.ar\/notas\/var\/www\/html\/notas\/wp-content\/uploads\/2020\/02\/Los-del-Maranaho-Alejo-y-Victoria-427x300.jpg 427w\" sizes=\"auto, (max-width: 960px) 100vw, 960px\" \/><\/figure>\n\n\n\n<p>   En momentos donde la mayor\u00eda de los vecinos de Avellaneda reclaman m\u00e1s seguridad, el intendente Jorge Ferraresi contin\u00faa sin dar la cara y sosteniendo a funcionarios que han fracasado en su trabajo, no una vez, sino ya llevan m\u00e1s de 6 a\u00f1os sin ser eficientes.<\/p>\n\n\n\n<p>Antes la excusa del intendente era que la polic\u00eda depend\u00eda de Mar\u00eda Eugenia Vidal, entonces la seguridad era problema de ella y no de \u00e9l como intendente, esto a pesar de que el municipio posee una secretar\u00eda de seguridad con dos funcionarios que a pesar de los a\u00f1os siguen sin entender nada de seguridad y as\u00ed nos va.<\/p>\n\n\n\n<p>Tanto la secretaria de seguridad M\u00f3nica Ghirelli como su segundo Marcelo Rey, no tienen una sola idea clara para combatir la inseguridad, por si fuera poco, a d\u00edas de una nueva marcha, desde el municipio en lugar de trabajar por los vecinos, promocionan los corsos y la joda, la gente pide seguridad y tranquilidad y reciben circo.<\/p>\n\n\n\n<p>Las publicaciones del Jefe de Gabinete de Avellaneda Alejo Chornobroff festejando los carnavales junto a la secretaria de cultura Victoria Onetto, generaron m\u00e1s repudios y reclamos que felicitaciones, el enojo de los vecinos es m\u00e1s que justificado, porque los funcionarios parece que no entienden que existen prioridades, antes que la fiesta, los vecinos quieren vivir tranquilos, salir a la calle sin ser v\u00edctimas de los delincuentes que con total impunidad circulan.<\/p>\n\n\n\n<p>Barrios como Gerli, Wilde, Avellaneda Centro, son zonas calientes donde los delitos no cesan ni disminuyen.<\/p>\n\n\n\n<p>Por Marcelo Ricardo Hawrylciw<\/p>\n","protected":false},"excerpt":{"rendered":"<p>En momentos donde la mayor\u00eda de los vecinos de Avellaneda reclaman m\u00e1s seguridad, el intendente Jorge Ferraresi contin\u00faa sin dar la cara y sosteniendo a funcionarios que han fracasado en su trabajo, no una vez, sino ya llevan m\u00e1s de 6 a\u00f1os sin ser eficientes. Antes la excusa del intendente era que la polic\u00eda depend\u00eda&hellip;<\/p>\n","protected":false},"author":1,"featured_media":93761,"comment_status":"open","ping_status":"open","sticky":false,"template":"","format":"standard","meta":{"footnotes":""},"categories":[10],"tags":[30014,32518,3556,2450,984,1062,23299],"class_list":["post-93760","post","type-post","status-publish","format-standard","has-post-thumbnail","hentry","category-editorial","tag-alejo-chornobroff","tag-carnavales","tag-circo","tag-diario-el-sindical","tag-inseguridad","tag-jorge-ferraresi","tag-victoria-onetto"],"_links":{"self":[{"href":"https:\/\/www.elsindical.com.ar\/notas\/wp-json\/wp\/v2\/posts\/93760","targetHints":{"allow":["GET"]}}],"collection":[{"href":"https:\/\/www.elsindical.com.ar\/notas\/wp-json\/wp\/v2\/posts"}],"about":[{"href":"https:\/\/www.elsindical.com.ar\/notas\/wp-json\/wp\/v2\/types\/post"}],"author":[{"embeddable":true,"href":"https:\/\/www.elsindical.com.ar\/notas\/wp-json\/wp\/v2\/users\/1"}],"replies":[{"embeddable":true,"href":"https:\/\/www.elsindical.com.ar\/notas\/wp-json\/wp\/v2\/comments?post=93760"}],"version-history":[{"count":1,"href":"https:\/\/www.elsindical.com.ar\/notas\/wp-json\/wp\/v2\/posts\/93760\/revisions"}],"predecessor-version":[{"id":93762,"href":"https:\/\/www.elsindical.com.ar\/notas\/wp-json\/wp\/v2\/posts\/93760\/revisions\/93762"}],"wp:featuredmedia":[{"embeddable":true,"href":"https:\/\/www.elsindical.com.ar\/notas\/wp-json\/wp\/v2\/media\/93761"}],"wp:attachment":[{"href":"https:\/\/www.elsindical.com.ar\/notas\/wp-json\/wp\/v2\/media?parent=93760"}],"wp:term":[{"taxonomy":"category","embeddable":true,"href":"https:\/\/www.elsindical.com.ar\/notas\/wp-json\/wp\/v2\/categories?post=93760"},{"taxonomy":"post_tag","embeddable":true,"href":"https:\/\/www.elsindical.com.ar\/notas\/wp-json\/wp\/v2\/tags?post=93760"}],"curies":[{"name":"wp","href":"https:\/\/api.w.org\/{rel}","templated":true}]}}