{"id":93750,"date":"2020-02-24T21:14:22","date_gmt":"2020-02-25T00:14:22","guid":{"rendered":"http:\/\/www.elsindical.com.ar\/notas\/?p=93750"},"modified":"2020-02-24T21:14:22","modified_gmt":"2020-02-25T00:14:22","slug":"ruben-conde-para-usted-el-silencio-es-salud","status":"publish","type":"post","link":"https:\/\/www.elsindical.com.ar\/notas\/ruben-conde-para-usted-el-silencio-es-salud\/","title":{"rendered":"Rub\u00e9n Conde, para usted el silencio es salud"},"content":{"rendered":"\n<figure class=\"wp-block-image size-large\"><img loading=\"lazy\" decoding=\"async\" width=\"960\" height=\"720\" src=\"http:\/\/www.elsindical.com.ar\/notas\/var\/www\/html\/notas\/wp-content\/uploads\/2017\/04\/Rub\u00e9n-Conde-HCD.jpg\" alt=\"\" class=\"wp-image-66721\" srcset=\"https:\/\/www.elsindical.com.ar\/notas\/var\/www\/html\/notas\/wp-content\/uploads\/2017\/04\/Rub\u00e9n-Conde-HCD.jpg 960w, https:\/\/www.elsindical.com.ar\/notas\/var\/www\/html\/notas\/wp-content\/uploads\/2017\/04\/Rub\u00e9n-Conde-HCD-300x225.jpg 300w, https:\/\/www.elsindical.com.ar\/notas\/var\/www\/html\/notas\/wp-content\/uploads\/2017\/04\/Rub\u00e9n-Conde-HCD-768x576.jpg 768w, https:\/\/www.elsindical.com.ar\/notas\/var\/www\/html\/notas\/wp-content\/uploads\/2017\/04\/Rub\u00e9n-Conde-HCD-400x300.jpg 400w\" sizes=\"auto, (max-width: 960px) 100vw, 960px\" \/><\/figure>\n\n\n\n<p>  El aprecio personal por Rub\u00e9n Conde, no me limita a que en lo profesional deba definirlo como un pol\u00edtico m\u00e1s de los que con cara de nada y piedra opinan sobre temas en los que nunca hicieron nada bueno por los vecinos.<\/p>\n\n\n\n<p>Tal vez obligado por los \u00abacuerdos\u00bb para pertenecer a Juntos por el Cambio, hoy se publica en un medio zonal opiniones del concejal por Avellaneda, respecto a la inseguridad.<\/p>\n\n\n\n<p> <strong>\u201cSi uno se mueve por los diferentes municipios y hace una hora  en auto, te cuesta encontrarte con una patrulla. La inseguridad no se  vive solo en Avellaneda, sino que es un problema de todo el Conurbano.  Hay una clara demostraci\u00f3n de la falta de presencia policial en las  calles\u201d<\/strong> <\/p>\n\n\n\n<p>Esto que relata en concejal es una verdad a medias, cuando gobernaba Mar\u00eda Eugenia Vidal, pasaba exactamente lo mismo y en municipios como Quilmes, gobernado por Martiniano Molina, quien a pesar de contar con refuerzo de efectivos y m\u00f3viles, adem\u00e1s de un importante n\u00famero de efectivos federales, no pudieron bajar la tasa de delitos, uno de los factores de su derrota electoral.<\/p>\n\n\n\n<p>Hoy la situaci\u00f3n se agrava por el hecho de que los recursos dejados por el gobierno de Vidal son escasos y con problemas en el suministro de combustible, algo que se trata de ocultar pero que es una realidad.<\/p>\n\n\n\n<p> \u201c<strong>Hoy hay una disputa entre los diferentes poderes, donde no est\u00e1  claro el rol del accionar policial, y eso repercute directamente en que  haya un mont\u00f3n de zonas con poca presencia policial<\/strong>\u201c, critic\u00f3  el concejal opositor, antes de indicar que es una cuesti\u00f3n que no debe  quedar sujeta al debate partidario: \u201cLo vemos con preocupaci\u00f3n, pero  sabemos que no es un tema para politizar\u201d. <\/p>\n\n\n\n<p>Una enorme PAVADA me extra\u00f1a Rub\u00e9n que caigas en el discurso pol\u00edtico falaz, poco tiene que ver la lucha de poder con el trabajo policial, m\u00e1s cuando se trata de dos ministros con fuerzas policiales distintas, lo que no es un motivo para endilgarle a la disputa pol\u00edtica que tiene que ver m\u00e1s con egos personales que con la conducci\u00f3n de las fuerzas de seguridad, \u00bfqu\u00e9 tiene que ver los conceptos de Berni o Frederic con la presencia policial?.<\/p>\n\n\n\n<p>Le recuerdo a Conde que puedo se\u00f1alarlo y achacarle el no haber hecho nada en concreto por mejorar la seguridad de los vecinos de Avellaneda a los que les minti\u00f3 descaradamente en campa\u00f1a prometiendo impulsar las denuncias.<\/p>\n\n\n\n<p>Conde deber\u00e1 elegir entre seguir siendo un t\u00edtere de un grupo de impresentables que representan el espacio pol\u00edtico de Juntos por el Cambio o irse como un concejal honorable con mandato cumplido si no tiene un espacio para renovar, entonces sabremos qu\u00e9 impulsa a Conde, si la pol\u00edtica \u00fatil o seguir chupando de la \u00abteta del Estado\u00bb.<\/p>\n\n\n\n<p>Por Marcelo Ricardo Hawrylciw<\/p>\n","protected":false},"excerpt":{"rendered":"<p>El aprecio personal por Rub\u00e9n Conde, no me limita a que en lo profesional deba definirlo como un pol\u00edtico m\u00e1s de los que con cara de nada y piedra opinan sobre temas en los que nunca hicieron nada bueno por los vecinos. Tal vez obligado por los \u00abacuerdos\u00bb para pertenecer a Juntos por el Cambio,&hellip;<\/p>\n","protected":false},"author":1,"featured_media":66721,"comment_status":"open","ping_status":"open","sticky":false,"template":"","format":"standard","meta":{"footnotes":""},"categories":[13],"tags":[461,16646,2450,16587,31166,7265,32166,11727],"class_list":["post-93750","post","type-post","status-publish","format-standard","has-post-thumbnail","hentry","category-politica","tag-avellaneda","tag-concejal-ruben-conde","tag-diario-el-sindical","tag-hcd","tag-juntos-por-el-cambio","tag-maria-eugenia-vidal","tag-sabina-frederic","tag-sergio-berni"],"_links":{"self":[{"href":"https:\/\/www.elsindical.com.ar\/notas\/wp-json\/wp\/v2\/posts\/93750","targetHints":{"allow":["GET"]}}],"collection":[{"href":"https:\/\/www.elsindical.com.ar\/notas\/wp-json\/wp\/v2\/posts"}],"about":[{"href":"https:\/\/www.elsindical.com.ar\/notas\/wp-json\/wp\/v2\/types\/post"}],"author":[{"embeddable":true,"href":"https:\/\/www.elsindical.com.ar\/notas\/wp-json\/wp\/v2\/users\/1"}],"replies":[{"embeddable":true,"href":"https:\/\/www.elsindical.com.ar\/notas\/wp-json\/wp\/v2\/comments?post=93750"}],"version-history":[{"count":1,"href":"https:\/\/www.elsindical.com.ar\/notas\/wp-json\/wp\/v2\/posts\/93750\/revisions"}],"predecessor-version":[{"id":93751,"href":"https:\/\/www.elsindical.com.ar\/notas\/wp-json\/wp\/v2\/posts\/93750\/revisions\/93751"}],"wp:featuredmedia":[{"embeddable":true,"href":"https:\/\/www.elsindical.com.ar\/notas\/wp-json\/wp\/v2\/media\/66721"}],"wp:attachment":[{"href":"https:\/\/www.elsindical.com.ar\/notas\/wp-json\/wp\/v2\/media?parent=93750"}],"wp:term":[{"taxonomy":"category","embeddable":true,"href":"https:\/\/www.elsindical.com.ar\/notas\/wp-json\/wp\/v2\/categories?post=93750"},{"taxonomy":"post_tag","embeddable":true,"href":"https:\/\/www.elsindical.com.ar\/notas\/wp-json\/wp\/v2\/tags?post=93750"}],"curies":[{"name":"wp","href":"https:\/\/api.w.org\/{rel}","templated":true}]}}