{"id":93698,"date":"2020-02-23T12:47:16","date_gmt":"2020-02-23T15:47:16","guid":{"rendered":"http:\/\/www.elsindical.com.ar\/notas\/?p=93698"},"modified":"2020-02-23T12:47:16","modified_gmt":"2020-02-23T15:47:16","slug":"moron-trapito-mato-a-fierrazos-y-punaladas-a-mecanico-fue-por-una-deuda-dijo-a-la-policia","status":"publish","type":"post","link":"https:\/\/www.elsindical.com.ar\/notas\/moron-trapito-mato-a-fierrazos-y-punaladas-a-mecanico-fue-por-una-deuda-dijo-a-la-policia\/","title":{"rendered":"Mor\u00f3n: \u00abTrapito\u00bb mat\u00f3 a fierrazos y pu\u00f1aladas a mec\u00e1nico: \u00abFue por una deuda\u00bb, dijo a la Polic\u00eda"},"content":{"rendered":"\n<figure class=\"wp-block-image size-large\"><img loading=\"lazy\" decoding=\"async\" width=\"775\" height=\"458\" src=\"http:\/\/www.elsindical.com.ar\/notas\/var\/www\/html\/notas\/wp-content\/uploads\/2020\/02\/lugar-asesinato-en-Mor\u00f3n.jpg\" alt=\"\" class=\"wp-image-93699\" srcset=\"https:\/\/www.elsindical.com.ar\/notas\/var\/www\/html\/notas\/wp-content\/uploads\/2020\/02\/lugar-asesinato-en-Mor\u00f3n.jpg 775w, https:\/\/www.elsindical.com.ar\/notas\/var\/www\/html\/notas\/wp-content\/uploads\/2020\/02\/lugar-asesinato-en-Mor\u00f3n-300x177.jpg 300w, https:\/\/www.elsindical.com.ar\/notas\/var\/www\/html\/notas\/wp-content\/uploads\/2020\/02\/lugar-asesinato-en-Mor\u00f3n-768x454.jpg 768w, https:\/\/www.elsindical.com.ar\/notas\/var\/www\/html\/notas\/wp-content\/uploads\/2020\/02\/lugar-asesinato-en-Mor\u00f3n-500x295.jpg 500w\" sizes=\"auto, (max-width: 775px) 100vw, 775px\" \/><\/figure>\n\n\n\n<p> En plena v\u00eda p\u00fablica  se produjo un acalorado cruce verbal entre el \u00abtrapito\u00bb, de nombre  Sergio, y el mec\u00e1nico, identificado como Walter Aquino, que termin\u00f3 con  un muerto. Los efectivos encontraron una barra de metal y ropa  ensangrentada en la casa del agresor. <\/p>\n\n\n\n<p>Un \u00ab<strong>trapito\u00bb asesin\u00f3 a fierrazos y cuchilladas a un mec\u00e1nico<\/strong>, tras una discusi\u00f3n <strong>presuntamente por una deuda econ\u00f3mica<\/strong> que mantendr\u00eda la v\u00edctima con \u00e9l, en el partido bonaerense de<strong> Mor\u00f3n.<\/strong><\/p>\n\n\n\n<p>Fuentes policiales informaron que todo se inici\u00f3 en la intersecci\u00f3n de las calles <strong>Almirante Brown e Intendente Abel Costa<\/strong>, de la localidad hom\u00f3nima, donde en plena v\u00eda p\u00fablica se produjo un acalorado cruce verbal entre el \u00abtrapito\u00bb, de nombre <strong>Sergio<\/strong>, y el mec\u00e1nico, identificado como <strong>Walter Aquino.<\/strong><\/p>\n\n\n\n<p>El agresor sac\u00f3 una barra de metal y<strong> le caus\u00f3 heridas a Aquino en las piernas y en el t\u00f3rax y cuando cay\u00f3 al piso tambi\u00e9n lo apu\u00f1al\u00f3.<\/strong><\/p>\n\n\n\n<p><strong>El \u00abtrapito\u00bb escap\u00f3 r\u00e1pidamente a su casa<\/strong>, mientras  que la v\u00edctima fue trasladado en grave estado hacia el hospital de  Mor\u00f3n, pero falleci\u00f3 antes de llegar debido a las heridas que sufri\u00f3.<\/p>\n\n\n\n<p>Por su parte, el \u00abcuidacoches\u00bb fue identificado por algunas personas \nque presenciaron el ataque, ya que vive en la zona y lleva a cabo esa \nactividad con los clientes de una conocida pizzer\u00eda que hay frente a \ndonde ocurri\u00f3 el hecho.<\/p>\n\n\n\n<p>Personal de la comisar\u00eda Mor\u00f3n 1era. de la Polic\u00eda Bonaerense arrib\u00f3 \nal lugar y a partir del testimonio de algunas personas lograron ubicar \nla direcci\u00f3n de la casa del \u00abtrapito\u00bb, ubicada en la calle Castro Camb\u00f3n\n al 300, donde finalmente lo encontraron a \u00e9l.<\/p>\n\n\n\n<p>Voceros consultados se\u00f1alaron que la ropa ensangrentada que llevaba \npuesta cuando asesin\u00f3 a Aquino estaban en remojo con agua dentro de un \nbalde.<\/p>\n\n\n\n<p><strong>Los polic\u00edas ingresaron a su vivienda y secuestraron la barra\n de metal y el cuchillo con los que atac\u00f3 al mec\u00e1nico, adem\u00e1s de las \nprendas de vestir.<\/strong><\/p>\n\n\n\n<p>El detenido habr\u00eda se\u00f1alado que la discusi\u00f3n comenz\u00f3 por una presunta deuda que la v\u00edctima mantendr\u00eda con \u00e9l y que<strong> se habr\u00eda negado a pagar.<\/strong><\/p>\n\n\n\n<p>Interviene en la causa, caratulada como \u00abHomicidio\u00bb, la Unidad  Funcional de Instrucci\u00f3n (UFI) n\u00famero 1 del Departamento Judicial de  Mor\u00f3n.<\/p>\n\n\n\n<figure class=\"wp-block-image size-large\"><img loading=\"lazy\" decoding=\"async\" width=\"970\" height=\"546\" src=\"http:\/\/www.elsindical.com.ar\/notas\/var\/www\/html\/notas\/wp-content\/uploads\/2020\/02\/prendas-con-sangre.jpg\" alt=\"\" class=\"wp-image-93700\" srcset=\"https:\/\/www.elsindical.com.ar\/notas\/var\/www\/html\/notas\/wp-content\/uploads\/2020\/02\/prendas-con-sangre.jpg 970w, https:\/\/www.elsindical.com.ar\/notas\/var\/www\/html\/notas\/wp-content\/uploads\/2020\/02\/prendas-con-sangre-300x169.jpg 300w, https:\/\/www.elsindical.com.ar\/notas\/var\/www\/html\/notas\/wp-content\/uploads\/2020\/02\/prendas-con-sangre-768x432.jpg 768w, https:\/\/www.elsindical.com.ar\/notas\/var\/www\/html\/notas\/wp-content\/uploads\/2020\/02\/prendas-con-sangre-500x281.jpg 500w, https:\/\/www.elsindical.com.ar\/notas\/var\/www\/html\/notas\/wp-content\/uploads\/2020\/02\/prendas-con-sangre-460x260.jpg 460w\" sizes=\"auto, (max-width: 970px) 100vw, 970px\" \/><\/figure>\n","protected":false},"excerpt":{"rendered":"<p>En plena v\u00eda p\u00fablica se produjo un acalorado cruce verbal entre el \u00abtrapito\u00bb, de nombre Sergio, y el mec\u00e1nico, identificado como Walter Aquino, que termin\u00f3 con un muerto. Los efectivos encontraron una barra de metal y ropa ensangrentada en la casa del agresor. Un \u00abtrapito\u00bb asesin\u00f3 a fierrazos y cuchilladas a un mec\u00e1nico, tras una&hellip;<\/p>\n","protected":false},"author":1,"featured_media":93699,"comment_status":"open","ping_status":"open","sticky":false,"template":"","format":"standard","meta":{"footnotes":""},"categories":[22],"tags":[363,2450,32510,1932,17326],"class_list":["post-93698","post","type-post","status-publish","format-standard","has-post-thumbnail","hentry","category-policiales","tag-asesinato","tag-diario-el-sindical","tag-mecanico-2","tag-moron","tag-trapito"],"_links":{"self":[{"href":"https:\/\/www.elsindical.com.ar\/notas\/wp-json\/wp\/v2\/posts\/93698","targetHints":{"allow":["GET"]}}],"collection":[{"href":"https:\/\/www.elsindical.com.ar\/notas\/wp-json\/wp\/v2\/posts"}],"about":[{"href":"https:\/\/www.elsindical.com.ar\/notas\/wp-json\/wp\/v2\/types\/post"}],"author":[{"embeddable":true,"href":"https:\/\/www.elsindical.com.ar\/notas\/wp-json\/wp\/v2\/users\/1"}],"replies":[{"embeddable":true,"href":"https:\/\/www.elsindical.com.ar\/notas\/wp-json\/wp\/v2\/comments?post=93698"}],"version-history":[{"count":1,"href":"https:\/\/www.elsindical.com.ar\/notas\/wp-json\/wp\/v2\/posts\/93698\/revisions"}],"predecessor-version":[{"id":93701,"href":"https:\/\/www.elsindical.com.ar\/notas\/wp-json\/wp\/v2\/posts\/93698\/revisions\/93701"}],"wp:featuredmedia":[{"embeddable":true,"href":"https:\/\/www.elsindical.com.ar\/notas\/wp-json\/wp\/v2\/media\/93699"}],"wp:attachment":[{"href":"https:\/\/www.elsindical.com.ar\/notas\/wp-json\/wp\/v2\/media?parent=93698"}],"wp:term":[{"taxonomy":"category","embeddable":true,"href":"https:\/\/www.elsindical.com.ar\/notas\/wp-json\/wp\/v2\/categories?post=93698"},{"taxonomy":"post_tag","embeddable":true,"href":"https:\/\/www.elsindical.com.ar\/notas\/wp-json\/wp\/v2\/tags?post=93698"}],"curies":[{"name":"wp","href":"https:\/\/api.w.org\/{rel}","templated":true}]}}