{"id":93661,"date":"2020-02-21T00:13:51","date_gmt":"2020-02-21T03:13:51","guid":{"rendered":"http:\/\/www.elsindical.com.ar\/notas\/?p=93661"},"modified":"2020-02-21T00:13:51","modified_gmt":"2020-02-21T03:13:51","slug":"gobierno-confirmo-suba-de-tarifas-en-junio-hablan-de-atraso-entre-40-y-50-en-gas-y-luz","status":"publish","type":"post","link":"https:\/\/www.elsindical.com.ar\/notas\/gobierno-confirmo-suba-de-tarifas-en-junio-hablan-de-atraso-entre-40-y-50-en-gas-y-luz\/","title":{"rendered":"Gobierno confirm\u00f3 suba de tarifas en junio: hablan de atraso entre 40% y 50% en gas y luz"},"content":{"rendered":"\n<figure class=\"wp-block-image size-large\"><img loading=\"lazy\" decoding=\"async\" width=\"945\" height=\"532\" src=\"http:\/\/www.elsindical.com.ar\/notas\/var\/www\/html\/notas\/wp-content\/uploads\/2020\/02\/gas-y-luz.jpg\" alt=\"\" class=\"wp-image-93662\" srcset=\"https:\/\/www.elsindical.com.ar\/notas\/var\/www\/html\/notas\/wp-content\/uploads\/2020\/02\/gas-y-luz.jpg 945w, https:\/\/www.elsindical.com.ar\/notas\/var\/www\/html\/notas\/wp-content\/uploads\/2020\/02\/gas-y-luz-300x169.jpg 300w, https:\/\/www.elsindical.com.ar\/notas\/var\/www\/html\/notas\/wp-content\/uploads\/2020\/02\/gas-y-luz-768x432.jpg 768w, https:\/\/www.elsindical.com.ar\/notas\/var\/www\/html\/notas\/wp-content\/uploads\/2020\/02\/gas-y-luz-500x281.jpg 500w, https:\/\/www.elsindical.com.ar\/notas\/var\/www\/html\/notas\/wp-content\/uploads\/2020\/02\/gas-y-luz-460x260.jpg 460w\" sizes=\"auto, (max-width: 945px) 100vw, 945px\" \/><\/figure>\n\n\n\n<p> Empresas dicen que en la Ciudad y GBA no cubren los costos y se endeudan con el Estado por no poder pagar insumos fundamentales. <\/p>\n\n\n\n<p>Pese a que estaba previsto que el <strong>congelamiento de tarifas se extendiera durante 6 meses<\/strong>, la confirmaci\u00f3n del <strong>jefe de Gabinete de ministros, Santiago Cafiero<\/strong>, sobre esa fecha de vencimiento trajo&nbsp;relativo alivio a las <strong>distribuidoras de gas y luz<\/strong>. En esas empresas hablan de un <strong>retraso de entre 40% y 50%&nbsp;<\/strong>en comparaci\u00f3n a los importes necesarios para <strong>poder pagar sus costos.<\/strong><\/p>\n\n\n\n<p><strong>La tarifa de luz no&nbsp;sube desde febrero de&nbsp;2019<\/strong>, y <strong>la de gas, desde abril<\/strong>. La<strong> inflaci\u00f3n<\/strong> desde ese momento era mayor al <strong>50%<\/strong> para distribuci\u00f3n el\u00e9ctrica y bordea el 40% para las compa\u00f1\u00edas que llevan a gas a hogares e industrias.<\/p>\n\n\n\n<p>Tanto los costos de luz como de gas est\u00e1n en d\u00f3lares. Aunque <strong>el Gobierno baraj\u00f3 la idea de \u00abpesificarlos\u00bb<\/strong>, lo que hubo hasta ahora es una conversi\u00f3n a pesos de costos que est\u00e1n en d\u00f3lares, pero sin una reducci\u00f3n significativa. <strong>En generaci\u00f3n el\u00e9ctrica, por ejemplo, los costos vienen escalando, pero lo que pueden pagar las distribuidoras est\u00e1 estancado.<\/strong><\/p>\n\n\n\n<p>Esa distorsi\u00f3n -costos en alza unidos al d\u00f3lar, pero ingresos fijos en pesos- empieza a hacer&nbsp;<strong>da\u00f1o en las cuentas p\u00fablicas<\/strong>. <strong>Cammesa es la empresa mayorista del sistema el\u00e9ctrico y con control estatal.<\/strong>\n Se&nbsp;ocupa de&nbsp;abonarle a las generadoras el\u00e9ctricas. Desde hace meses, \ncobra vez menos de las distribuidoras y tambi\u00e9n les abona menos a las \ngeneradoras.<\/p>\n\n\n\n<p><strong>Pese a que se dice que hay una reforma inminente, para bajar \nun poco los costos, la deuda de Cammesa ya est\u00e1 bordeando los $ 100.000 \nmillones.<\/strong> La compa\u00f1\u00eda no logra cobrarle a las distribuidoras. \nEstas argumentan que sin ingresos no pueden&nbsp;encarar los pagos de la \nenerg\u00eda que consumen.<\/p>\n\n\n\n<p><strong>La situaci\u00f3n tambi\u00e9n est\u00e1 complicando a las distribuidoras de gas<\/strong>, pero algo <strong>menos<\/strong>.\n El gas se comercializa en d\u00f3lares. En verano, por ahora, sobra gas y la\n demanda cae mucho. Pero, desde abril, el precio del gas sube, la \ndemanda aumenta y all\u00ed habr\u00e1 un descalabro: algunas de las partes no \npodr\u00e1 pagar y eso complicar\u00e1 a toda la cadena.<\/p>\n\n\n\n<p><strong>El kirchnerismo ya pas\u00f3 por situaciones similares.<\/strong> \nPara no convalidar precios de gas en d\u00f3lares para productores locales, \nrecurri\u00f3 a las importaciones. Ese procedimiento fue m\u00e1s costoso, \ncomplejo, con acusaciones de corrupci\u00f3n y fren\u00f3 el desarrollo local. El \nelenco actual dice que esa lecci\u00f3n ya se aprendi\u00f3. Que no repetir\u00e1n \nviejos esquemas. De ah\u00ed que aceptan que habr\u00e1 que hacer algo con las \ntarifas para que la producci\u00f3n local siga teniendo actividad.<\/p>\n\n\n\n<p><strong>El dilema del Gobierno es como ir contra de sus promesas de \ncampa\u00f1a (de no aumentar las tarifas),&nbsp;en tanto que tiene que cuidar las \ncuentas fiscales, comprometidas y sin mucho margen para generar d\u00e9ficit \nfiscal.<\/strong><\/p>\n\n\n\n<p>En el Gobierno conviven diferentes visiones sobre c\u00f3mo encarar los pr\u00f3ximos pasos. Hay sectores que responden a <strong>Alberto Fern\u00e1ndez<\/strong> y otros que se referencian en <strong>Cristina Fern\u00e1ndez de Kirchner<\/strong>.\n Las indefiniciones provocan que algunos puestos claves est\u00e9n \ndesocupados. El Gobierno decidi\u00f3 intervenir en el Enargas (ente \nregulador del gas), pero a\u00fan no nombr\u00f3 a un nuevo titular.<\/p>\n\n\n\n<p>Habr\u00eda algunos&nbsp;progresos en torno al <strong>Enre<\/strong>, que es el regulador de la electricidad.<\/p>\n\n\n\n<p><strong>Como el resto de la econom\u00eda, la energ\u00eda est\u00e1 pendiente de una resoluci\u00f3n sobre el tema de la deuda.<\/strong>\n El escenario financiero de las empresas del sector puede despejarse si \nese problema est\u00e1 solucionado. La industria requiere miles de millones \nde d\u00f3lares, que llegar\u00e1n si la Argentina alcanza cierto orden \nmacroecon\u00f3mico.<\/p>\n","protected":false},"excerpt":{"rendered":"<p>Empresas dicen que en la Ciudad y GBA no cubren los costos y se endeudan con el Estado por no poder pagar insumos fundamentales. Pese a que estaba previsto que el congelamiento de tarifas se extendiera durante 6 meses, la confirmaci\u00f3n del jefe de Gabinete de ministros, Santiago Cafiero, sobre esa fecha de vencimiento trajo&nbsp;relativo&hellip;<\/p>\n","protected":false},"author":1,"featured_media":93662,"comment_status":"open","ping_status":"open","sticky":false,"template":"","format":"standard","meta":{"footnotes":""},"categories":[9],"tags":[1754,2450,22023,3551,373],"class_list":["post-93661","post","type-post","status-publish","format-standard","has-post-thumbnail","hentry","category-economia","tag-aumentos","tag-diario-el-sindical","tag-economia","tag-gas","tag-tarifas"],"_links":{"self":[{"href":"https:\/\/www.elsindical.com.ar\/notas\/wp-json\/wp\/v2\/posts\/93661","targetHints":{"allow":["GET"]}}],"collection":[{"href":"https:\/\/www.elsindical.com.ar\/notas\/wp-json\/wp\/v2\/posts"}],"about":[{"href":"https:\/\/www.elsindical.com.ar\/notas\/wp-json\/wp\/v2\/types\/post"}],"author":[{"embeddable":true,"href":"https:\/\/www.elsindical.com.ar\/notas\/wp-json\/wp\/v2\/users\/1"}],"replies":[{"embeddable":true,"href":"https:\/\/www.elsindical.com.ar\/notas\/wp-json\/wp\/v2\/comments?post=93661"}],"version-history":[{"count":1,"href":"https:\/\/www.elsindical.com.ar\/notas\/wp-json\/wp\/v2\/posts\/93661\/revisions"}],"predecessor-version":[{"id":93663,"href":"https:\/\/www.elsindical.com.ar\/notas\/wp-json\/wp\/v2\/posts\/93661\/revisions\/93663"}],"wp:featuredmedia":[{"embeddable":true,"href":"https:\/\/www.elsindical.com.ar\/notas\/wp-json\/wp\/v2\/media\/93662"}],"wp:attachment":[{"href":"https:\/\/www.elsindical.com.ar\/notas\/wp-json\/wp\/v2\/media?parent=93661"}],"wp:term":[{"taxonomy":"category","embeddable":true,"href":"https:\/\/www.elsindical.com.ar\/notas\/wp-json\/wp\/v2\/categories?post=93661"},{"taxonomy":"post_tag","embeddable":true,"href":"https:\/\/www.elsindical.com.ar\/notas\/wp-json\/wp\/v2\/tags?post=93661"}],"curies":[{"name":"wp","href":"https:\/\/api.w.org\/{rel}","templated":true}]}}