{"id":93642,"date":"2020-02-20T00:26:09","date_gmt":"2020-02-20T03:26:09","guid":{"rendered":"http:\/\/www.elsindical.com.ar\/notas\/?p=93642"},"modified":"2020-02-20T00:26:09","modified_gmt":"2020-02-20T03:26:09","slug":"asi-sera-el-aumento-a-cuenta-de-kicillof-a-los-estatales-bonaerenses","status":"publish","type":"post","link":"https:\/\/www.elsindical.com.ar\/notas\/asi-sera-el-aumento-a-cuenta-de-kicillof-a-los-estatales-bonaerenses\/","title":{"rendered":"As\u00ed ser\u00e1 el aumento \u201ca cuenta\u201d de Kicillof a los estatales bonaerenses"},"content":{"rendered":"\n<figure class=\"wp-block-image size-large\"><img loading=\"lazy\" decoding=\"async\" width=\"1004\" height=\"565\" src=\"http:\/\/www.elsindical.com.ar\/notas\/var\/www\/html\/notas\/wp-content\/uploads\/2020\/02\/Kicillof-gobernador.jpg\" alt=\"\" class=\"wp-image-93643\" srcset=\"https:\/\/www.elsindical.com.ar\/notas\/var\/www\/html\/notas\/wp-content\/uploads\/2020\/02\/Kicillof-gobernador.jpg 1004w, https:\/\/www.elsindical.com.ar\/notas\/var\/www\/html\/notas\/wp-content\/uploads\/2020\/02\/Kicillof-gobernador-300x169.jpg 300w, https:\/\/www.elsindical.com.ar\/notas\/var\/www\/html\/notas\/wp-content\/uploads\/2020\/02\/Kicillof-gobernador-768x432.jpg 768w, https:\/\/www.elsindical.com.ar\/notas\/var\/www\/html\/notas\/wp-content\/uploads\/2020\/02\/Kicillof-gobernador-500x281.jpg 500w, https:\/\/www.elsindical.com.ar\/notas\/var\/www\/html\/notas\/wp-content\/uploads\/2020\/02\/Kicillof-gobernador-460x260.jpg 460w\" sizes=\"auto, (max-width: 1004px) 100vw, 1004px\" \/><\/figure>\n\n\n\n<p>El incremento ser\u00e1 otorgado con los sueldos de marzo m\u00e1s un segmento con los haberes de abril.<\/p>\n\n\n\n<p>El gobernador bonaerense, Axel Kicillof, confirm\u00f3 el&nbsp;<strong>aumento para los trabajadores estatales<\/strong>&nbsp;de la provincia. El incremento ser\u00e1 de&nbsp;<strong>$3.000<\/strong>&nbsp;con los haberes de marzo y&nbsp;<strong>$1.000<\/strong>&nbsp;m\u00e1s con los sueldos de abril.<\/p>\n\n\n\n<p>Se trata de una suma fija remunerativa no bonificable \u201ca cuenta de la\n pol\u00edtica salarial\u201d para este 2020. El incremento salarial se abonar\u00e1 en\n dos tramos: $3.000 con los sueldos correspondientes al mes de febrero y\n a partir del 1 de marzo la suma fija ser\u00e1 de $4.000.<\/p>\n\n\n\n<p>La medida que beneficiar\u00e1 a todos los estatales bonaerenses ser\u00e1 a cuenta de la paritaria 2020 y no tendr\u00e1 tope de ingresos.<\/p>\n\n\n\n<p>Entre el personal alcanzado se encuentran los trabajadores de plantas\n permanente, personal transitorio mensualizado, Carrera profesional \nhospitalaria y residentes, Becarios del Ministerio de Salud, T\u00e9cnico \nGr\u00e1fico, Direcci\u00f3n de Vialidad, empleados de Loter\u00edas y Casinos, \nHip\u00f3dromos, Organismo de Control de Energ\u00eda El\u00e9ctrica, Servicio \nPenitenciario Bonaerense, R\u00e9gimen de Actividades Art\u00edsticas, T\u00e9cnicas y \nComplementarias, Comisi\u00f3n de Investigaciones Cient\u00edficas, Estatuto \nEscalaf\u00f3n para el personal de Ex Obras Sanitarias, Direcci\u00f3n Provincial \nde Energ\u00eda, Ente Administrador de Astillero R\u00edo Santiago, Personal de la\n subsecretar\u00eda de Asuntos Portuarios del Ministerio de Producci\u00f3n, \nCiencia y e Innovaci\u00f3n Tecnol\u00f3gica, y Polic\u00edas de la Provincia de Buenos\n Aires.<\/p>\n\n\n\n<p>En tanto, el segmento que no ser\u00e1 alcanzado por el beneficio est\u00e1 \ncomprendido por el personal de Gabinete y personal Superior, Contratados\n por locaci\u00f3n de servicio regulados en el art\u00edculo 111, y Contratados \npor locaci\u00f3n de obra.<\/p>\n","protected":false},"excerpt":{"rendered":"<p>El incremento ser\u00e1 otorgado con los sueldos de marzo m\u00e1s un segmento con los haberes de abril. El gobernador bonaerense, Axel Kicillof, confirm\u00f3 el&nbsp;aumento para los trabajadores estatales&nbsp;de la provincia. El incremento ser\u00e1 de&nbsp;$3.000&nbsp;con los haberes de marzo y&nbsp;$1.000&nbsp;m\u00e1s con los sueldos de abril. Se trata de una suma fija remunerativa no bonificable \u201ca cuenta&hellip;<\/p>\n","protected":false},"author":1,"featured_media":93643,"comment_status":"open","ping_status":"open","sticky":false,"template":"","format":"standard","meta":{"footnotes":""},"categories":[13],"tags":[357,2450,32496,32497],"class_list":["post-93642","post","type-post","status-publish","format-standard","has-post-thumbnail","hentry","category-politica","tag-aumento","tag-diario-el-sindical","tag-gobernador-axel-kicillof","tag-trabajadores-estatales"],"_links":{"self":[{"href":"https:\/\/www.elsindical.com.ar\/notas\/wp-json\/wp\/v2\/posts\/93642","targetHints":{"allow":["GET"]}}],"collection":[{"href":"https:\/\/www.elsindical.com.ar\/notas\/wp-json\/wp\/v2\/posts"}],"about":[{"href":"https:\/\/www.elsindical.com.ar\/notas\/wp-json\/wp\/v2\/types\/post"}],"author":[{"embeddable":true,"href":"https:\/\/www.elsindical.com.ar\/notas\/wp-json\/wp\/v2\/users\/1"}],"replies":[{"embeddable":true,"href":"https:\/\/www.elsindical.com.ar\/notas\/wp-json\/wp\/v2\/comments?post=93642"}],"version-history":[{"count":1,"href":"https:\/\/www.elsindical.com.ar\/notas\/wp-json\/wp\/v2\/posts\/93642\/revisions"}],"predecessor-version":[{"id":93644,"href":"https:\/\/www.elsindical.com.ar\/notas\/wp-json\/wp\/v2\/posts\/93642\/revisions\/93644"}],"wp:featuredmedia":[{"embeddable":true,"href":"https:\/\/www.elsindical.com.ar\/notas\/wp-json\/wp\/v2\/media\/93643"}],"wp:attachment":[{"href":"https:\/\/www.elsindical.com.ar\/notas\/wp-json\/wp\/v2\/media?parent=93642"}],"wp:term":[{"taxonomy":"category","embeddable":true,"href":"https:\/\/www.elsindical.com.ar\/notas\/wp-json\/wp\/v2\/categories?post=93642"},{"taxonomy":"post_tag","embeddable":true,"href":"https:\/\/www.elsindical.com.ar\/notas\/wp-json\/wp\/v2\/tags?post=93642"}],"curies":[{"name":"wp","href":"https:\/\/api.w.org\/{rel}","templated":true}]}}