{"id":93578,"date":"2020-02-17T09:30:33","date_gmt":"2020-02-17T12:30:33","guid":{"rendered":"http:\/\/www.elsindical.com.ar\/notas\/?p=93578"},"modified":"2020-02-17T09:30:33","modified_gmt":"2020-02-17T12:30:33","slug":"lomas-de-zamora-familiares-y-amigos-pidieron-justicia-por-angel-caballero","status":"publish","type":"post","link":"https:\/\/www.elsindical.com.ar\/notas\/lomas-de-zamora-familiares-y-amigos-pidieron-justicia-por-angel-caballero\/","title":{"rendered":"Lomas de Zamora: Familiares y amigos pidieron justicia por \u00c1ngel Caballero"},"content":{"rendered":"\n<figure class=\"wp-block-image size-large\"><img loading=\"lazy\" decoding=\"async\" width=\"1024\" height=\"576\" src=\"http:\/\/www.elsindical.com.ar\/notas\/var\/www\/html\/notas\/wp-content\/uploads\/2020\/02\/juaticia-por-\u00c1ngel-Caballero-1024x576.jpg\" alt=\"\" class=\"wp-image-93579\" srcset=\"https:\/\/www.elsindical.com.ar\/notas\/var\/www\/html\/notas\/wp-content\/uploads\/2020\/02\/juaticia-por-\u00c1ngel-Caballero-1024x576.jpg 1024w, https:\/\/www.elsindical.com.ar\/notas\/var\/www\/html\/notas\/wp-content\/uploads\/2020\/02\/juaticia-por-\u00c1ngel-Caballero-300x169.jpg 300w, https:\/\/www.elsindical.com.ar\/notas\/var\/www\/html\/notas\/wp-content\/uploads\/2020\/02\/juaticia-por-\u00c1ngel-Caballero-768x432.jpg 768w, https:\/\/www.elsindical.com.ar\/notas\/var\/www\/html\/notas\/wp-content\/uploads\/2020\/02\/juaticia-por-\u00c1ngel-Caballero-500x281.jpg 500w, https:\/\/www.elsindical.com.ar\/notas\/var\/www\/html\/notas\/wp-content\/uploads\/2020\/02\/juaticia-por-\u00c1ngel-Caballero-460x260.jpg 460w, https:\/\/www.elsindical.com.ar\/notas\/var\/www\/html\/notas\/wp-content\/uploads\/2020\/02\/juaticia-por-\u00c1ngel-Caballero.jpg 1200w\" sizes=\"auto, (max-width: 1024px) 100vw, 1024px\" \/><\/figure>\n\n\n\n<p> Exigen que se revisen  las c\u00e1maras de seguridad y buscan testigos para esclarecer el hecho.  <\/p>\n\n\n\n<p>Familiares y amigos de Agust\u00edn Caballero  se manifestaron en Puente La Noria para pedir justicia por el joven  atropellado: Exigen que se revisen las c\u00e1maras de seguridad y buscan  testigos que ayuden a esclarecer lo ocurrido. <\/p>\n\n\n\n<p>\u201cNos dicen que las c\u00e1maras de esa esquina no andan, pero desde el Municipio nos dijeron que funcionaban\u201d, hab\u00eda se\u00f1alado Cinthia Osorio, la madre de la v\u00edctima, al tiempo que critic\u00f3 el accionar policial de aquel d\u00eda: \u201cNi siquiera se acercaron al lugar en el que mi hijo tuvo el accidente; no tomaron huellas ni no levantaron el paragolpe del auto que hab\u00eda quedado ah\u00ed. Al otro d\u00eda, lo recolectores se llevaron todo y no tenemos ninguna prueba porque no hicieron nada\u201d. <\/p>\n\n\n\n<p>Este s\u00e1bado, los familiares y amigos marcharon desde el\nlugar donde fue atropellado Agust\u00edn, en Camino de la Ribera y Bariloche, en\nIngeniero Budge, hasta Puente La Noria, donde cortaron el tr\u00e1nsito. \u201cAunque seamos\npocos, no vamos a parar hasta q se haga justicia. Te amo hijo\u201d, sostuvo\nCinthia. <\/p>\n\n\n\n<p>El joven muri\u00f3 en la madrugada del mi\u00e9rcoles 29 de enero  tras estar varios d\u00edas internado en el hospital Luisa C. de Gandulfo de  Lomas de Zamora. Hab\u00eda sido atropellado el viernes anterior y su cuadro  nunca mejor\u00f3.<\/p>\n\n\n\n<p>Ten\u00eda 17 a\u00f1os y jugaba en las inferiores de Banfield. Fue\nembestido por un auto el 24 de enero en Camino de la Ribera y Bariloche, de\nIngeniero Budge. El conductor no se detuvo y nada se sabe de \u00e9l.<\/p>\n\n\n\n<p>Los familiares dieron comienzo a una b\u00fasqueda de testigos\ndel accidente, que ocurri\u00f3 a las 20.30, para dar con la persona que manejaba el\nauto que lo embisti\u00f3. Creen que estaba corriendo una picada. Investigan si las\nc\u00e1maras de seguridad captaron el hecho.<\/p>\n\n\n\n<p>La causa est\u00e1 en manos de la Unidad Funcional de Instrucci\u00f3n\n(UFI) 10 del Departamento Judicial de Lomas de Zamora.<\/p>\n","protected":false},"excerpt":{"rendered":"<p>Exigen que se revisen las c\u00e1maras de seguridad y buscan testigos para esclarecer el hecho. Familiares y amigos de Agust\u00edn Caballero se manifestaron en Puente La Noria para pedir justicia por el joven atropellado: Exigen que se revisen las c\u00e1maras de seguridad y buscan testigos que ayuden a esclarecer lo ocurrido. \u201cNos dicen que las&hellip;<\/p>\n","protected":false},"author":1,"featured_media":93579,"comment_status":"open","ping_status":"open","sticky":false,"template":"","format":"standard","meta":{"footnotes":""},"categories":[25],"tags":[32479,32480,2450,744,18088],"class_list":["post-93578","post","type-post","status-publish","format-standard","has-post-thumbnail","hentry","category-sociedad","tag-angel-agustin-caballero","tag-cinthia-osorio","tag-diario-el-sindical","tag-lomas-de-zamora","tag-puente-la-noria"],"_links":{"self":[{"href":"https:\/\/www.elsindical.com.ar\/notas\/wp-json\/wp\/v2\/posts\/93578","targetHints":{"allow":["GET"]}}],"collection":[{"href":"https:\/\/www.elsindical.com.ar\/notas\/wp-json\/wp\/v2\/posts"}],"about":[{"href":"https:\/\/www.elsindical.com.ar\/notas\/wp-json\/wp\/v2\/types\/post"}],"author":[{"embeddable":true,"href":"https:\/\/www.elsindical.com.ar\/notas\/wp-json\/wp\/v2\/users\/1"}],"replies":[{"embeddable":true,"href":"https:\/\/www.elsindical.com.ar\/notas\/wp-json\/wp\/v2\/comments?post=93578"}],"version-history":[{"count":1,"href":"https:\/\/www.elsindical.com.ar\/notas\/wp-json\/wp\/v2\/posts\/93578\/revisions"}],"predecessor-version":[{"id":93580,"href":"https:\/\/www.elsindical.com.ar\/notas\/wp-json\/wp\/v2\/posts\/93578\/revisions\/93580"}],"wp:featuredmedia":[{"embeddable":true,"href":"https:\/\/www.elsindical.com.ar\/notas\/wp-json\/wp\/v2\/media\/93579"}],"wp:attachment":[{"href":"https:\/\/www.elsindical.com.ar\/notas\/wp-json\/wp\/v2\/media?parent=93578"}],"wp:term":[{"taxonomy":"category","embeddable":true,"href":"https:\/\/www.elsindical.com.ar\/notas\/wp-json\/wp\/v2\/categories?post=93578"},{"taxonomy":"post_tag","embeddable":true,"href":"https:\/\/www.elsindical.com.ar\/notas\/wp-json\/wp\/v2\/tags?post=93578"}],"curies":[{"name":"wp","href":"https:\/\/api.w.org\/{rel}","templated":true}]}}