{"id":93576,"date":"2020-02-17T09:24:35","date_gmt":"2020-02-17T12:24:35","guid":{"rendered":"http:\/\/www.elsindical.com.ar\/notas\/?p=93576"},"modified":"2020-02-17T09:24:35","modified_gmt":"2020-02-17T12:24:35","slug":"afip-lanza-moratoria-para-pymes-busca-regularizar-deudas-por-400-000-millones","status":"publish","type":"post","link":"https:\/\/www.elsindical.com.ar\/notas\/afip-lanza-moratoria-para-pymes-busca-regularizar-deudas-por-400-000-millones\/","title":{"rendered":"AFIP lanza moratoria para pymes, busca regularizar deudas por $400.000 millones"},"content":{"rendered":"\n<figure class=\"wp-block-image size-large is-resized\"><img loading=\"lazy\" decoding=\"async\" src=\"http:\/\/www.elsindical.com.ar\/notas\/var\/www\/html\/notas\/wp-content\/uploads\/2011\/10\/edificio-AFIP.jpg\" alt=\"\" class=\"wp-image-17551\" width=\"583\" height=\"342\" srcset=\"https:\/\/www.elsindical.com.ar\/notas\/var\/www\/html\/notas\/wp-content\/uploads\/2011\/10\/edificio-AFIP.jpg 413w, https:\/\/www.elsindical.com.ar\/notas\/var\/www\/html\/notas\/wp-content\/uploads\/2011\/10\/edificio-AFIP-300x175.jpg 300w\" sizes=\"auto, (max-width: 583px) 100vw, 583px\" \/><\/figure>\n\n\n\n<p> Se trata del plan para  peque\u00f1a y mediana empresa que anunci\u00f3 el ministro de Desarrollo  Productivo. Al mismo tiempo la AFIP anunci\u00f3 que crece la cantidad de  empresas que solicitan el certificado MiPyME, uno de los requisitos para  iniciar el tr\u00e1mite. <\/p>\n\n\n\n<p>La <strong>Administraci\u00f3n Federal de Ingresos P\u00fablicos (AFIP) lanza el aplicativo para acceder a la moratoria Pyme 2020<\/strong>,  anunciada por el ministro de Desarrollo Productivo, Mat\u00edas Kulfas, y la  titular del organismo recaudador, Mercedes Marc\u00f3 del Pont, informaron  fuentes oficiales.<br><br>Paralelamente, crece el n\u00famero de empresas que realizan el  tr\u00e1mite para acceder al certificado MiPyME, un instrumento indispensable  para acceder al beneficio.<\/p>\n\n\n\n<p>El <strong>objetivo del programa<\/strong> es el de promover la  reactivaci\u00f3n productiva de las peque\u00f1as y medianas empresas, incluyendo a  los monotributistas y aut\u00f3nomos, y alcanza a quienes tienen deudas  impositivas, aduaneras y previsionales, indicaron los funcionarios en la  presentaci\u00f3n del plan.<br><br>\u00abEstamos teniendo muchas consultas y hay inter\u00e9s de los  clientes en acceder a la moratoria porque tiene beneficios muy  interesantes\u00bb, dijo Silvio Rizza, presidente de la Federaci\u00f3n Argentina  de Consejos Profesionales de Ciencias Econ\u00f3micas (Facpce), quien adem\u00e1s  recalc\u00f3 que la medida alcanza tambi\u00e9n a consorcios.<\/p>\n\n\n\n<p>Desde la entidad sostienen que el acercamiento de las empresas a la  iniciativa que condona multas, establece un plan de pagos accesible y  cuya adhesi\u00f3n producir\u00e1 la suspensi\u00f3n de las acciones penales  tributarias y aduaneras en curso y la interrupci\u00f3n de la prescripci\u00f3n  penal, siempre y cuando no tuviere sentencia firme, \u00abtendr\u00e1 un alto  nivel de aceptaci\u00f3n\u00bb.<\/p>\n\n\n\n<p>Las <strong>estad\u00edsticas de la AFIP <\/strong>muestran que entre 2015 y  2019 cerraron 24.505 empresas, y el sector m\u00e1s afectado a lo largo de  ese per\u00edodo fue el de las Mipymes, es decir, empleadores con hasta 10  trabajadores que explican el 91% del total de empresas afectadas por la  crisis.<\/p>\n\n\n\n<p>Ante ese escenario, la <strong>moratoria permite refinanciar en plazos<\/strong>  de hasta 10 a\u00f1os toda la deuda impositiva, aduanera y de la seguridad  social que tenga un contribuyente y pagar una \u00fanica cuota mensual.<br><br><strong>\u00abLa moratoria representa un alivio para la situaci\u00f3n de asfixia financiera a la que fueron llevadas las pymes\u00bb<\/strong>,  sostuvo Marc\u00f3 del Pont, al enfatizar que \u00abel Estado argentino asume con  los contribuyentes una posici\u00f3n similar a la que le solicita a sus  acreedores externos: ofrece tiempo para ordenarse y volver a crecer\u00bb.<br><br>El <strong>plan contempla la condonaci\u00f3n parcial de intereses<\/strong>  y total de multas, y las empresas que ingresen a la moratoria ser\u00e1n  beneficiadas por una quita promedio del 42% sobre el total de las deudas  con la AFIP.<br><br>Las empresas, entidades sin fines de lucro, <strong>monotributistas y aut\u00f3nomos<\/strong>  interesados en acceder a este mecanismo de alivio para sus deudas,  deber\u00e1n inscribirse a trav\u00e9s del sitio web de la AFIP, y el aplicativo  estar\u00e1 disponible a partir del 17 de febrero.<br><br>En todos los casos, <strong>las personas humanas y jur\u00eddicas<\/strong>  que decidan acogerse al plan deber\u00e1n obtener el Certificado Mipyme  otorgado por el Ministerio de Desarrollo Productivo, y los interesados  tienen hasta el 30 de abril pr\u00f3ximo para solicitarlo.<\/p>\n","protected":false},"excerpt":{"rendered":"<p>Se trata del plan para peque\u00f1a y mediana empresa que anunci\u00f3 el ministro de Desarrollo Productivo. Al mismo tiempo la AFIP anunci\u00f3 que crece la cantidad de empresas que solicitan el certificado MiPyME, uno de los requisitos para iniciar el tr\u00e1mite. La Administraci\u00f3n Federal de Ingresos P\u00fablicos (AFIP) lanza el aplicativo para acceder a la&hellip;<\/p>\n","protected":false},"author":1,"featured_media":17551,"comment_status":"open","ping_status":"open","sticky":false,"template":"","format":"standard","meta":{"footnotes":""},"categories":[9],"tags":[69,1590,2450,853,16877],"class_list":["post-93576","post","type-post","status-publish","format-standard","has-post-thumbnail","hentry","category-economia","tag-afip","tag-deuda","tag-diario-el-sindical","tag-moratoria","tag-pymes"],"_links":{"self":[{"href":"https:\/\/www.elsindical.com.ar\/notas\/wp-json\/wp\/v2\/posts\/93576","targetHints":{"allow":["GET"]}}],"collection":[{"href":"https:\/\/www.elsindical.com.ar\/notas\/wp-json\/wp\/v2\/posts"}],"about":[{"href":"https:\/\/www.elsindical.com.ar\/notas\/wp-json\/wp\/v2\/types\/post"}],"author":[{"embeddable":true,"href":"https:\/\/www.elsindical.com.ar\/notas\/wp-json\/wp\/v2\/users\/1"}],"replies":[{"embeddable":true,"href":"https:\/\/www.elsindical.com.ar\/notas\/wp-json\/wp\/v2\/comments?post=93576"}],"version-history":[{"count":1,"href":"https:\/\/www.elsindical.com.ar\/notas\/wp-json\/wp\/v2\/posts\/93576\/revisions"}],"predecessor-version":[{"id":93577,"href":"https:\/\/www.elsindical.com.ar\/notas\/wp-json\/wp\/v2\/posts\/93576\/revisions\/93577"}],"wp:featuredmedia":[{"embeddable":true,"href":"https:\/\/www.elsindical.com.ar\/notas\/wp-json\/wp\/v2\/media\/17551"}],"wp:attachment":[{"href":"https:\/\/www.elsindical.com.ar\/notas\/wp-json\/wp\/v2\/media?parent=93576"}],"wp:term":[{"taxonomy":"category","embeddable":true,"href":"https:\/\/www.elsindical.com.ar\/notas\/wp-json\/wp\/v2\/categories?post=93576"},{"taxonomy":"post_tag","embeddable":true,"href":"https:\/\/www.elsindical.com.ar\/notas\/wp-json\/wp\/v2\/tags?post=93576"}],"curies":[{"name":"wp","href":"https:\/\/api.w.org\/{rel}","templated":true}]}}