{"id":93574,"date":"2020-02-17T00:01:21","date_gmt":"2020-02-17T03:01:21","guid":{"rendered":"http:\/\/www.elsindical.com.ar\/notas\/?p=93574"},"modified":"2020-02-17T00:01:34","modified_gmt":"2020-02-17T03:01:34","slug":"la-contratacion-de-seguridad-privada-se-transformo-en-una-gran-caja-negra","status":"publish","type":"post","link":"https:\/\/www.elsindical.com.ar\/notas\/la-contratacion-de-seguridad-privada-se-transformo-en-una-gran-caja-negra\/","title":{"rendered":"La contrataci\u00f3n de seguridad privada se transform\u00f3 en una gran caja negra"},"content":{"rendered":"\n<div class=\"wp-block-image\"><figure class=\"aligncenter size-large is-resized\"><img loading=\"lazy\" decoding=\"async\" src=\"http:\/\/www.elsindical.com.ar\/notas\/var\/www\/html\/notas\/wp-content\/uploads\/2010\/09\/Banco-Ciudad-y-Murata.jpg\" alt=\"\" class=\"wp-image-9761\" width=\"503\" height=\"595\" srcset=\"https:\/\/www.elsindical.com.ar\/notas\/var\/www\/html\/notas\/wp-content\/uploads\/2010\/09\/Banco-Ciudad-y-Murata.jpg 443w, https:\/\/www.elsindical.com.ar\/notas\/var\/www\/html\/notas\/wp-content\/uploads\/2010\/09\/Banco-Ciudad-y-Murata-253x300.jpg 253w\" sizes=\"auto, (max-width: 503px) 100vw, 503px\" \/><\/figure><\/div>\n\n\n\n<p><em><strong>Esto lo venimos afirmando hace\ntiempo y es respaldado por gran cantidad de denuncias period\u00edsticas\ny penales. Y m\u00e1s all\u00e1 que quita transparencia a la administraci\u00f3n\nde fondos p\u00fablicos se transforma tambi\u00e9n en una expropiaci\u00f3n de\nparte de nuestros salarios, hoy en d\u00eda claramente por debajo de la\nl\u00ednea de la pobreza y en algunas regiones del pa\u00eds perforando los\nl\u00edmites de la indigencia.<\/strong><\/em><\/p>\n\n\n\n<p>Para graficar esta situaci\u00f3n, <strong>un\ncaso emblem\u00e1tico es el de la Ciudad de Buenos Aires<\/strong>. <strong>En el\n2011 Mauricio Macri contrat\u00f3 a la empresa de seguridad privada\nMURATA junto a otras por $597 millones. \u201cSorprendentemente\u201d 6\nmeses antes de vencerse el contrato y a una semana de asumir la\npresidencia, les renov\u00f3 el convenio hasta el 2020<\/strong>. El nuevo\ncontrato fue publicado en el Bolet\u00edn Oficial de la Ciudad bajo el\nDecreto 349\/2015 firmado el 5 de diciembre. El gobierno porte\u00f1o\ndesembolsar\u00e1 esta vez la nada despreciable suma de $4.400 millones.\n<strong>Aqu\u00ed se increment\u00f3 el gasto en seguridad privada un 581%. Si\ndividimos el monto erogado durante los 9 a\u00f1os significo un gasto\ndiario de $1,52 millones.<\/strong><\/p>\n\n\n\n<p>A pesar que de las 465 firmas\nhabilitadas siempre ganan las mismas, estas acarrean decenas de\nfaltas, multas y denuncias por la Sindicatura General porte\u00f1a. <strong>A\npesar de esto se las premia con contratos reservados a casos de\n\u201curgencia e imprescindible necesidad\u201d por montos millonarios.<\/strong><\/p>\n\n\n\n<p>Pero los favores se devuelven. <strong>Estas\nempresas, eternas ganadoras de una farsa llamada \u201clicitaci\u00f3n\u201d,\naportaron una suma generosa \u201cen blanco\u201d a las sucesivas campa\u00f1as\npol\u00edticas de Macri y Rodr\u00edguez Larreta a pesar que la ley lo\nproh\u00edbe<\/strong>. Ejecutivos de las firmas hacen suculentas donaciones.\nAhora casualmente los aportantes son los que se reparten las\nlicitaciones.<\/p>\n\n\n\n<p><strong>MURATA<\/strong> se vio muy favorecida con\nla presidencia de Mauricio Macri. Acapar\u00f3 la custodia y vigilancia\nde distintas ramas de los Ferrocarriles y sucursales del Banco\nProvincia. Por estos d\u00edas se vio a directivos de la empresa en\nreuniones con autoridades de los Ferrocarriles y de la Divisi\u00f3n de\nAgencias para renovar en marzo un contrato que supera los $2.000\nmillones. <strong>Sin embargo, a pesar de los favores y de los generosos\ncontratos obtenidos siempre se mantuvo fiel al margen de las Leyes\nLaborales<\/strong>. No abonan las horas extras conforme a derecho, al 50 y\nal 100%, rubro fundamental de un trabajador de seguridad privada con\njornadas laborales de 12 horas o m\u00e1s y con ingresos por debajo de la\nl\u00ednea de la pobreza. <strong>Intensifican a diario una pol\u00edtica\nrepresiva, de persecuci\u00f3n, de discriminaci\u00f3n. Claramente\nantisindical<\/strong>. Utiliza medios il\u00edcitos para abortar toda\norganizaci\u00f3n gremial. Con el apriete como pol\u00edtica rectora, obliga\na los trabajadores a desafiliarse del <strong>SUTCA<\/strong>. Si no, son\ncambiados de lugar de trabajo, a zonas muy alejadas de sus\ndomicilios. Se les cambian los horarios arbitrariamente,\ndesorganizando as\u00ed toda estructura familiar o despide lisa y\nllanamente.<\/p>\n\n\n\n<p><strong>MURATA se maneja sin reglas, sin\nleyes y sin Constituci\u00f3n Nacional<\/strong>. Con total impunidad reduce la\ncantidad de trabajadores fijado por contrato en un objetivo, si eso\nle permite aumentar su rentabilidad<strong>. Es inadmisible que el Estado\ncontrate a empresas con estas pr\u00e1cticas y que las premie. Es\nlamentable que la seguridad ciudadana se transforme solo en un gran\nnegocio.<\/strong><\/p>\n","protected":false},"excerpt":{"rendered":"<p>Esto lo venimos afirmando hace tiempo y es respaldado por gran cantidad de denuncias period\u00edsticas y penales. Y m\u00e1s all\u00e1 que quita transparencia a la administraci\u00f3n de fondos p\u00fablicos se transforma tambi\u00e9n en una expropiaci\u00f3n de parte de nuestros salarios, hoy en d\u00eda claramente por debajo de la l\u00ednea de la pobreza y en algunas&hellip;<\/p>\n","protected":false},"author":1,"featured_media":9761,"comment_status":"open","ping_status":"open","sticky":false,"template":"","format":"standard","meta":{"footnotes":""},"categories":[16],"tags":[2450,849,4462,76,3427,1862],"class_list":["post-93574","post","type-post","status-publish","format-standard","has-post-thumbnail","hentry","category-gremiales","tag-diario-el-sindical","tag-estado","tag-licitacion","tag-mauricio-macri","tag-murata","tag-negocio"],"_links":{"self":[{"href":"https:\/\/www.elsindical.com.ar\/notas\/wp-json\/wp\/v2\/posts\/93574","targetHints":{"allow":["GET"]}}],"collection":[{"href":"https:\/\/www.elsindical.com.ar\/notas\/wp-json\/wp\/v2\/posts"}],"about":[{"href":"https:\/\/www.elsindical.com.ar\/notas\/wp-json\/wp\/v2\/types\/post"}],"author":[{"embeddable":true,"href":"https:\/\/www.elsindical.com.ar\/notas\/wp-json\/wp\/v2\/users\/1"}],"replies":[{"embeddable":true,"href":"https:\/\/www.elsindical.com.ar\/notas\/wp-json\/wp\/v2\/comments?post=93574"}],"version-history":[{"count":1,"href":"https:\/\/www.elsindical.com.ar\/notas\/wp-json\/wp\/v2\/posts\/93574\/revisions"}],"predecessor-version":[{"id":93575,"href":"https:\/\/www.elsindical.com.ar\/notas\/wp-json\/wp\/v2\/posts\/93574\/revisions\/93575"}],"wp:featuredmedia":[{"embeddable":true,"href":"https:\/\/www.elsindical.com.ar\/notas\/wp-json\/wp\/v2\/media\/9761"}],"wp:attachment":[{"href":"https:\/\/www.elsindical.com.ar\/notas\/wp-json\/wp\/v2\/media?parent=93574"}],"wp:term":[{"taxonomy":"category","embeddable":true,"href":"https:\/\/www.elsindical.com.ar\/notas\/wp-json\/wp\/v2\/categories?post=93574"},{"taxonomy":"post_tag","embeddable":true,"href":"https:\/\/www.elsindical.com.ar\/notas\/wp-json\/wp\/v2\/tags?post=93574"}],"curies":[{"name":"wp","href":"https:\/\/api.w.org\/{rel}","templated":true}]}}