{"id":93550,"date":"2020-02-16T11:54:01","date_gmt":"2020-02-16T14:54:01","guid":{"rendered":"http:\/\/www.elsindical.com.ar\/notas\/?p=93550"},"modified":"2020-02-16T11:54:01","modified_gmt":"2020-02-16T14:54:01","slug":"daniel-garcia-sumo-a-gorrini-para-hacer-mas-humo","status":"publish","type":"post","link":"https:\/\/www.elsindical.com.ar\/notas\/daniel-garcia-sumo-a-gorrini-para-hacer-mas-humo\/","title":{"rendered":"Daniel Garc\u00eda sum\u00f3 a Gorrini  para hacer m\u00e1s humo"},"content":{"rendered":"\n<figure class=\"wp-block-image size-large\"><img loading=\"lazy\" decoding=\"async\" width=\"678\" height=\"381\" src=\"http:\/\/www.elsindical.com.ar\/notas\/var\/www\/html\/notas\/wp-content\/uploads\/2020\/02\/reuni\u00f3n-def-Avell-ENEL-1.jpg\" alt=\"\" class=\"wp-image-93551\" srcset=\"https:\/\/www.elsindical.com.ar\/notas\/var\/www\/html\/notas\/wp-content\/uploads\/2020\/02\/reuni\u00f3n-def-Avell-ENEL-1.jpg 678w, https:\/\/www.elsindical.com.ar\/notas\/var\/www\/html\/notas\/wp-content\/uploads\/2020\/02\/reuni\u00f3n-def-Avell-ENEL-1-300x169.jpg 300w, https:\/\/www.elsindical.com.ar\/notas\/var\/www\/html\/notas\/wp-content\/uploads\/2020\/02\/reuni\u00f3n-def-Avell-ENEL-1-500x281.jpg 500w\" sizes=\"auto, (max-width: 678px) 100vw, 678px\" \/><\/figure>\n\n\n\n<p>   El verborr\u00e1gico Defensor del Pueblo de Avellaneda Daniel Garc\u00eda, a quien le gusta m\u00e1s ver su foto que en trabajar de verdad, ahora parece que para no ser el \u00fanico vende humo, o hacer un humo m\u00e1s espeso, ha sumado al Defensor del Pueblo de Lan\u00fas Alejandro Gorrini, en la \u00abcruzada\u00bb que tiene con el servicio que presta EDESUR S.A. a los vecinos de Avellaneda y Lan\u00fas.<\/p>\n\n\n\n<p>Para los que tenemos un poco de memoria, este circo de reuniones \u00abcumbre\u00bb que solo sirven para la foto y justificar el sueldo de un personaje que no entiende y no quiere hacer bien su trabajo, los cortes de energ\u00eda el\u00e9ctrica con hist\u00f3ricos en Avellaneda y en Lan\u00fas, en su momento el ex Defensor del Pueblo Sebasti\u00e1n Vinagre hab\u00eda ido por el mismo camino y hasta se anim\u00f3 a decir que por su gesti\u00f3n la empresa iba a realizar trabajos y se terminaban los problemas por falta de suministro, la realidad es que la empresa solo hizo obras en el barrio Quinta Galli, el resto de las obras nunca llegaron.<\/p>\n\n\n\n<p>A\u00f1os m\u00e1s tarde Mar\u00eda Laura Garibaldi, esposa de Daniel Garc\u00eda, volv\u00eda a tomarse fotos con vecinos de Wilde, afectados por a\u00f1os por los cortes y promet\u00eda terminar con esa situaci\u00f3n, otra mentira m\u00e1s, ahora Garc\u00eda retoma con m\u00e1s fuerza el mismo camino de los dos deficientes ex defensores pero con el \u00e1nimo de superarlos en puestas en escena, todo con la complicidad de los medios locales que no tienen periodistas, algo curioso, que no publican notas propias, sino que son simplemente una cartelera de los que pagan por salir y as\u00ed, muestran una realidad distorsionada a los vecinos.<\/p>\n\n\n\n<p>El comunicado de prensa de ambos defensores son disimiles, mientras el del defensor de Lan\u00fas es escueto y solo se refiere a la reuni\u00f3n mantenida, el de Garc\u00eda como era de esperar hace un extenso relato, de sus reiterados reclamos, de su denuncia ante el ENRE y de que la empresa reaccion\u00f3??, enviando a dos interlocutores a la reuni\u00f3n,  <strong>Mat\u00edas Sanchez Josseaume<\/strong>, responsable del \u00e1rea Institucionales de ENEL Argentina S.A., acompa\u00f1ado por <strong>Adriana Dobry<\/strong>, quienes concurrieron a la sede ubicada en Levalle 355 para entrevistarse con los defensores del pueblo. <\/p>\n\n\n\n<p>Semejante afirmaci\u00f3n revela que Garc\u00eda sigue el camino del chiste y no de la formalidad y la responsabilidad, se juntaron como si se encontraran en un bar de baja categor\u00eda a charlar del clima o la econom\u00eda, es decir, ninguna de las partes con poder sobre los temas debatidos, la empresa envi\u00f3 a dos empleados, con poca experiencia en el tema y menos relevancia en la empresa, es decir a ENEL la reuni\u00f3n le permite flotar en la burocracia administrativa y hacer la plancha.<\/p>\n\n\n\n<p>Es lamentable que todo lo que viene haciendo la Defensor\u00eda del Pueblo de Avellaneda sea solo financiar la figura pol\u00edtica de Daniel Garc\u00eda, pero con hechos irrelevantes para el bienestar de los vecinos, as\u00ed estamos.<\/p>\n\n\n\n<figure class=\"wp-block-gallery columns-1 is-cropped wp-block-gallery-1 is-layout-flex wp-block-gallery-is-layout-flex\"><ul class=\"blocks-gallery-grid\"><li class=\"blocks-gallery-item\"><figure><img loading=\"lazy\" decoding=\"async\" width=\"734\" height=\"512\" src=\"http:\/\/www.elsindical.com.ar\/notas\/var\/www\/html\/notas\/wp-content\/uploads\/2020\/02\/reuni\u00f3n-def-Avell-ENEL3.png\" alt=\"\" data-id=\"93552\" data-full-url=\"http:\/\/www.elsindical.com.ar\/notas\/var\/www\/html\/notas\/wp-content\/uploads\/2020\/02\/reuni\u00f3n-def-Avell-ENEL3.png\" data-link=\"http:\/\/www.elsindical.com.ar\/notas\/?attachment_id=93552#main\" class=\"wp-image-93552\" srcset=\"https:\/\/www.elsindical.com.ar\/notas\/var\/www\/html\/notas\/wp-content\/uploads\/2020\/02\/reuni\u00f3n-def-Avell-ENEL3.png 734w, https:\/\/www.elsindical.com.ar\/notas\/var\/www\/html\/notas\/wp-content\/uploads\/2020\/02\/reuni\u00f3n-def-Avell-ENEL3-300x209.png 300w, https:\/\/www.elsindical.com.ar\/notas\/var\/www\/html\/notas\/wp-content\/uploads\/2020\/02\/reuni\u00f3n-def-Avell-ENEL3-430x300.png 430w\" sizes=\"auto, (max-width: 734px) 100vw, 734px\" \/><\/figure><\/li><li class=\"blocks-gallery-item\"><figure><img loading=\"lazy\" decoding=\"async\" width=\"1024\" height=\"768\" src=\"http:\/\/www.elsindical.com.ar\/notas\/var\/www\/html\/notas\/wp-content\/uploads\/2020\/02\/reuni\u00f3n-def-Avell-ENEL-2.jpg\" alt=\"\" data-id=\"93553\" data-full-url=\"http:\/\/www.elsindical.com.ar\/notas\/var\/www\/html\/notas\/wp-content\/uploads\/2020\/02\/reuni\u00f3n-def-Avell-ENEL-2.jpg\" data-link=\"http:\/\/www.elsindical.com.ar\/notas\/?attachment_id=93553#main\" class=\"wp-image-93553\" srcset=\"https:\/\/www.elsindical.com.ar\/notas\/var\/www\/html\/notas\/wp-content\/uploads\/2020\/02\/reuni\u00f3n-def-Avell-ENEL-2.jpg 1024w, https:\/\/www.elsindical.com.ar\/notas\/var\/www\/html\/notas\/wp-content\/uploads\/2020\/02\/reuni\u00f3n-def-Avell-ENEL-2-300x225.jpg 300w, https:\/\/www.elsindical.com.ar\/notas\/var\/www\/html\/notas\/wp-content\/uploads\/2020\/02\/reuni\u00f3n-def-Avell-ENEL-2-768x576.jpg 768w, https:\/\/www.elsindical.com.ar\/notas\/var\/www\/html\/notas\/wp-content\/uploads\/2020\/02\/reuni\u00f3n-def-Avell-ENEL-2-400x300.jpg 400w\" sizes=\"auto, (max-width: 1024px) 100vw, 1024px\" \/><\/figure><\/li><\/ul><\/figure>\n\n\n\n<p>Por Marcelo Ricardo Hawrylciw<\/p>\n","protected":false},"excerpt":{"rendered":"<p>El verborr\u00e1gico Defensor del Pueblo de Avellaneda Daniel Garc\u00eda, a quien le gusta m\u00e1s ver su foto que en trabajar de verdad, ahora parece que para no ser el \u00fanico vende humo, o hacer un humo m\u00e1s espeso, ha sumado al Defensor del Pueblo de Lan\u00fas Alejandro Gorrini, en la \u00abcruzada\u00bb que tiene con el&hellip;<\/p>\n","protected":false},"author":1,"featured_media":93551,"comment_status":"open","ping_status":"open","sticky":false,"template":"","format":"standard","meta":{"footnotes":""},"categories":[10],"tags":[32474,3516,18600,3965,32472,3764,24640,32473,459],"class_list":["post-93550","post","type-post","status-publish","format-standard","has-post-thumbnail","hentry","category-editorial","tag-adriana-dobry","tag-daniel-garcia","tag-defensoria-del-pueblo-de-avellaneda","tag-edesur-s-a","tag-enel","tag-enre","tag-maria-laura-garibaldi","tag-matias-sanchez-josseaume","tag-sebastian-vinagre"],"_links":{"self":[{"href":"https:\/\/www.elsindical.com.ar\/notas\/wp-json\/wp\/v2\/posts\/93550","targetHints":{"allow":["GET"]}}],"collection":[{"href":"https:\/\/www.elsindical.com.ar\/notas\/wp-json\/wp\/v2\/posts"}],"about":[{"href":"https:\/\/www.elsindical.com.ar\/notas\/wp-json\/wp\/v2\/types\/post"}],"author":[{"embeddable":true,"href":"https:\/\/www.elsindical.com.ar\/notas\/wp-json\/wp\/v2\/users\/1"}],"replies":[{"embeddable":true,"href":"https:\/\/www.elsindical.com.ar\/notas\/wp-json\/wp\/v2\/comments?post=93550"}],"version-history":[{"count":1,"href":"https:\/\/www.elsindical.com.ar\/notas\/wp-json\/wp\/v2\/posts\/93550\/revisions"}],"predecessor-version":[{"id":93554,"href":"https:\/\/www.elsindical.com.ar\/notas\/wp-json\/wp\/v2\/posts\/93550\/revisions\/93554"}],"wp:featuredmedia":[{"embeddable":true,"href":"https:\/\/www.elsindical.com.ar\/notas\/wp-json\/wp\/v2\/media\/93551"}],"wp:attachment":[{"href":"https:\/\/www.elsindical.com.ar\/notas\/wp-json\/wp\/v2\/media?parent=93550"}],"wp:term":[{"taxonomy":"category","embeddable":true,"href":"https:\/\/www.elsindical.com.ar\/notas\/wp-json\/wp\/v2\/categories?post=93550"},{"taxonomy":"post_tag","embeddable":true,"href":"https:\/\/www.elsindical.com.ar\/notas\/wp-json\/wp\/v2\/tags?post=93550"}],"curies":[{"name":"wp","href":"https:\/\/api.w.org\/{rel}","templated":true}]}}