{"id":93490,"date":"2020-02-14T11:50:43","date_gmt":"2020-02-14T14:50:43","guid":{"rendered":"http:\/\/www.elsindical.com.ar\/notas\/?p=93490"},"modified":"2020-02-14T11:50:43","modified_gmt":"2020-02-14T14:50:43","slug":"gladys-gonzalez-recargada","status":"publish","type":"post","link":"https:\/\/www.elsindical.com.ar\/notas\/gladys-gonzalez-recargada\/","title":{"rendered":"Gladys Gonz\u00e1lez recargada"},"content":{"rendered":"\n<figure class=\"wp-block-image size-large\"><img loading=\"lazy\" decoding=\"async\" width=\"720\" height=\"779\" src=\"http:\/\/www.elsindical.com.ar\/notas\/var\/www\/html\/notas\/wp-content\/uploads\/2020\/02\/Gladys-Gonz\u00e1lez-energ\u00eda.png\" alt=\"\" class=\"wp-image-93491\" srcset=\"https:\/\/www.elsindical.com.ar\/notas\/var\/www\/html\/notas\/wp-content\/uploads\/2020\/02\/Gladys-Gonz\u00e1lez-energ\u00eda.png 720w, https:\/\/www.elsindical.com.ar\/notas\/var\/www\/html\/notas\/wp-content\/uploads\/2020\/02\/Gladys-Gonz\u00e1lez-energ\u00eda-277x300.png 277w\" sizes=\"auto, (max-width: 720px) 100vw, 720px\" \/><\/figure>\n\n\n\n<p>  Sin muchos argumentos s\u00f3lidos y mucho menos propuestas para encausar al pa\u00eds en la econom\u00eda desastrosa que dej\u00f3 la gesti\u00f3n de Mauricio Macri, donde unos muy pocos se hicieron millonarios y la mayor\u00eda de los argentinos se perjudicaron, Juntos por el Cambio apuesta a una oposici\u00f3n en campa\u00f1a permanente.<\/p>\n\n\n\n<p>Desde todos los frentes posibles, la nueva oposici\u00f3n se siente muy fuerte, las  elecciones lejos de ser una derrota concluyente los dejo mejor parados de lo que ellos mismos especulaban, vale recordar las palabras de Nicol\u00e1s Dujovne respecto a que a otros gobiernos por mucho menos los hubieran sacado y corrido, este se\u00f1or adem\u00e1s de ser uno de los responsables de la enorme deuda, nunca repatrio su patrimonio por desconfianza en la econom\u00eda que \u00e9l conduc\u00eda, tambi\u00e9n es otro de los beneficiados con la funci\u00f3n p\u00fablica, su patrimonio creci\u00f3 hasta su renuncia en un 284%, obvio le gan\u00f3 a la inflaci\u00f3n.<\/p>\n\n\n\n<p>As\u00ed con la impunidad y la falta de respeto, poco a poco van asom\u00e1ndose los impresentables referentes del PRO, muchos de ellos con varios cargos, varios sueldos y tambi\u00e9n varias causas penales como es el caso de la resurgida Gladys Gonz\u00e1lez que sale a probar si pican los ingenuos de siempre, as\u00ed que comienza por un tema que poco inter\u00e9s despierta en los ciudadanos m\u00e1s preocupados en llegar a fin de mes que en invertir en molinos e\u00f3licos, no porque no sea importante, sino por una cuesti\u00f3n de prioridades, tampoco menciona Gladys Gonz\u00e1lez que las empresas vinculadas a esa energ\u00eda renovables son en parte del Grupo Macri y de socios del grupo.<\/p>\n\n\n\n<p>En la foto se la puede ver a la multidenunciada funcionaria caminar con los calzados sin siquiera polvo, con un look de revista de modas, en medio de un paisaje \u00e1rido y reseco, digamos una puesta en escena bien PRO, donde todo es guionado y ficci\u00f3n, uno esperaba otra cosa de estos personajes, hay que reconocerle a Gladys Gonz\u00e1lez el hecho de que nunca se mostr\u00f3 apenada o con sororidad con las v\u00edctimas de su marido Manuel Mosca denunciado por acoso sexual.<\/p>\n\n\n\n<p>Gran parte de su campa\u00f1a de aceptaci\u00f3n de imagen de Gonz\u00e1lez tuvo que ver en cuestiones de g\u00e9nero,  por abril del 2019 ya hab\u00eda brindado un emotivo testimonio en el recinto: \u00abNi locas, ni hist\u00e9ricas, ni exageradas. <strong>El acoso callejero existe y en el Senado lo reconocimos como violencia de g\u00e9nero\u00bb.<\/strong> <\/p>\n\n\n\n<p>Nada el regreso de un referente pol\u00edtico de lo que no debe volver a enga\u00f1arnos, palabras solo quedan para los ciudadanos y \u00ablas vaquitas son ajenas\u00bb.<\/p>\n\n\n\n<p>Por Marcelo Ricardo Hawrylciw<\/p>\n","protected":false},"excerpt":{"rendered":"<p>Sin muchos argumentos s\u00f3lidos y mucho menos propuestas para encausar al pa\u00eds en la econom\u00eda desastrosa que dej\u00f3 la gesti\u00f3n de Mauricio Macri, donde unos muy pocos se hicieron millonarios y la mayor\u00eda de los argentinos se perjudicaron, Juntos por el Cambio apuesta a una oposici\u00f3n en campa\u00f1a permanente. Desde todos los frentes posibles, la&hellip;<\/p>\n","protected":false},"author":1,"featured_media":93491,"comment_status":"open","ping_status":"open","sticky":false,"template":"","format":"standard","meta":{"footnotes":""},"categories":[10],"tags":[4562,2450,22023,1940,20142,27734,1448,76,328,32443],"class_list":["post-93490","post","type-post","status-publish","format-standard","has-post-thumbnail","hentry","category-editorial","tag-acoso-sexual","tag-diario-el-sindical","tag-economia","tag-energia","tag-gladys-gonzalez","tag-manuel-mosca","tag-marcelo-ricardo-hawrylciw","tag-mauricio-macri","tag-pro","tag-sororidad"],"_links":{"self":[{"href":"https:\/\/www.elsindical.com.ar\/notas\/wp-json\/wp\/v2\/posts\/93490","targetHints":{"allow":["GET"]}}],"collection":[{"href":"https:\/\/www.elsindical.com.ar\/notas\/wp-json\/wp\/v2\/posts"}],"about":[{"href":"https:\/\/www.elsindical.com.ar\/notas\/wp-json\/wp\/v2\/types\/post"}],"author":[{"embeddable":true,"href":"https:\/\/www.elsindical.com.ar\/notas\/wp-json\/wp\/v2\/users\/1"}],"replies":[{"embeddable":true,"href":"https:\/\/www.elsindical.com.ar\/notas\/wp-json\/wp\/v2\/comments?post=93490"}],"version-history":[{"count":1,"href":"https:\/\/www.elsindical.com.ar\/notas\/wp-json\/wp\/v2\/posts\/93490\/revisions"}],"predecessor-version":[{"id":93492,"href":"https:\/\/www.elsindical.com.ar\/notas\/wp-json\/wp\/v2\/posts\/93490\/revisions\/93492"}],"wp:featuredmedia":[{"embeddable":true,"href":"https:\/\/www.elsindical.com.ar\/notas\/wp-json\/wp\/v2\/media\/93491"}],"wp:attachment":[{"href":"https:\/\/www.elsindical.com.ar\/notas\/wp-json\/wp\/v2\/media?parent=93490"}],"wp:term":[{"taxonomy":"category","embeddable":true,"href":"https:\/\/www.elsindical.com.ar\/notas\/wp-json\/wp\/v2\/categories?post=93490"},{"taxonomy":"post_tag","embeddable":true,"href":"https:\/\/www.elsindical.com.ar\/notas\/wp-json\/wp\/v2\/tags?post=93490"}],"curies":[{"name":"wp","href":"https:\/\/api.w.org\/{rel}","templated":true}]}}